{"id":10761,"date":"2022-03-31T09:06:08","date_gmt":"2022-03-31T07:06:08","guid":{"rendered":"https:\/\/www.lumen-care.com\/?p=10761"},"modified":"2023-09-20T14:44:28","modified_gmt":"2023-09-20T12:44:28","slug":"verabschieden-sie-sich-von-ihren-allergien-mit-der-lumen-care-methode","status":"publish","type":"post","link":"https:\/\/www.lumen-care.com\/de\/verabschieden-sie-sich-von-ihren-allergien-mit-der-lumen-care-methode\/","title":{"rendered":"Verabschieden Sie sich von Ihren Empfindlichkeiten: mit der Lumen Care Methode"},"content":{"rendered":"<h2 style=\"text-align: center;\"><\/h2>\n<div class=\"video video-fit mb\" style=\"padding-top:56.25%;\"><p><iframe title=\"Verabschieden Sie sich von Ihren Unvertr\u00e4glichkeiten und Empfindlichkeiten: mit der Lumen Care Methode\" width=\"1020\" height=\"574\" src=\"https:\/\/www.youtube.com\/embed\/Ql90_2rQxwo?feature=oembed\" frameborder=\"0\" allow=\"accelerometer; autoplay; clipboard-write; encrypted-media; gyroscope; picture-in-picture; web-share\" referrerpolicy=\"strict-origin-when-cross-origin\" allowfullscreen><\/iframe><\/p>\n<\/div>\n<p>&nbsp;<\/p>\n<h2>Weitergehen<\/h2>\n<p>Wenn Sie wie Guillaume anderen Menschen helfen und gleichzeitig Ihr Gesch\u00e4ft ausbauen m\u00f6chten, m\u00fcssen Sie sich nur in Vibrational Reformation ausbilden lassen.<\/p>\n<p>Dieser Kurs dauert nur zwei Tage und wird eine echte Bereicherung f\u00fcr Ihre Praxis sein.<\/p>\n\n\t<div id=\"col-1603582487\" class=\"col medium-6 small-12 large-6\"  >\n\t\t\t\t<div class=\"col-inner\"  >\n\t\t\t\n\t\t\t\t\t<\/div>\n\t\t\t\t\t<\/div>\n\n\t\n<a href=\"https:\/\/https:\/\/www.lumen-care.com\/catalogue-formations\/\" class=\"button primary is-shade box-shadow-3 box-shadow-5-hover\" style=\"border-radius:5px;\">\n\t\t<span>Lernen, Empfindlichkeiten und Intoleranzen zu deprogrammieren<\/span>\n\t<\/a>","protected":false},"excerpt":{"rendered":"<p>&nbsp; Weiterf\u00fchrende Informationen Wenn Sie wie Guillaume anderen Menschen helfen und gleichzeitig Ihr Gesch\u00e4ft ausbauen m\u00f6chten, sollten Sie sich in Vibrational Reformation ausbilden lassen. Diese Ausbildung dauert nur zwei Tage und wird eine echte Bereicherung f\u00fcr Ihre Praxis sein.<\/p>","protected":false},"author":636,"featured_media":10765,"comment_status":"closed","ping_status":"closed","sticky":false,"template":"","format":"standard","meta":{"inline_featured_image":false,"__cvm_playback_settings":[],"__cvm_video_id":"","footnotes":""},"categories":[116,89],"tags":[],"class_list":["post-10761","post","type-post","status-publish","format-standard","has-post-thumbnail","hentry","category-article","category-temoignages"],"vimeo_video":null,"_links":{"self":[{"href":"https:\/\/www.lumen-care.com\/de\/wp-json\/wp\/v2\/posts\/10761","targetHints":{"allow":["GET"]}}],"collection":[{"href":"https:\/\/www.lumen-care.com\/de\/wp-json\/wp\/v2\/posts"}],"about":[{"href":"https:\/\/www.lumen-care.com\/de\/wp-json\/wp\/v2\/types\/post"}],"author":[{"embeddable":true,"href":"https:\/\/www.lumen-care.com\/de\/wp-json\/wp\/v2\/users\/636"}],"replies":[{"embeddable":true,"href":"https:\/\/www.lumen-care.com\/de\/wp-json\/wp\/v2\/comments?post=10761"}],"version-history":[{"count":0,"href":"https:\/\/www.lumen-care.com\/de\/wp-json\/wp\/v2\/posts\/10761\/revisions"}],"wp:featuredmedia":[{"embeddable":true,"href":"https:\/\/www.lumen-care.com\/de\/wp-json\/wp\/v2\/media\/10765"}],"wp:attachment":[{"href":"https:\/\/www.lumen-care.com\/de\/wp-json\/wp\/v2\/media?parent=10761"}],"wp:term":[{"taxonomy":"category","embeddable":true,"href":"https:\/\/www.lumen-care.com\/de\/wp-json\/wp\/v2\/categories?post=10761"},{"taxonomy":"post_tag","embeddable":true,"href":"https:\/\/www.lumen-care.com\/de\/wp-json\/wp\/v2\/tags?post=10761"}],"curies":[{"name":"wp","href":"https:\/\/api.w.org\/{rel}","templated":true}]}}