{"id":1415,"date":"2017-04-01T01:34:09","date_gmt":"2017-03-31T23:34:09","guid":{"rendered":"https:\/\/www.lumen-care.com\/?p=1415"},"modified":"2023-09-20T16:07:43","modified_gmt":"2023-09-20T14:07:43","slug":"zeugnis-behandlung-von-sensibilitaten-und-intoleranzen-nathalie","status":"publish","type":"post","link":"https:\/\/www.lumen-care.com\/de\/zeugnis-behandlung-von-sensibilitaten-und-intoleranzen-nathalie\/","title":{"rendered":"Erfahrungsbericht Behandlung von Sensibilit\u00e4ten und Intoleranzen - Nathalie"},"content":{"rendered":"<div class=\"video video-fit mb\" style=\"padding-top:56.25%;\"><p><iframe title=\"Zeugnis Vibratory Reformation - Nathalie\" width=\"1020\" height=\"574\" src=\"https:\/\/www.youtube.com\/embed\/V-6SBy5IG3g?feature=oembed\" frameborder=\"0\" allow=\"accelerometer; autoplay; clipboard-write; encrypted-media; gyroscope; picture-in-picture; web-share\" referrerpolicy=\"strict-origin-when-cross-origin\" allowfullscreen><\/iframe><\/p>\n<\/div>\n<div class=\"row\"  id=\"row-1514896494\">\n\n\t<div id=\"col-127405070\" class=\"col medium-6 small-12 large-6\"  >\n\t\t\t\t<div class=\"col-inner\"  >\n\t\t\t\n\t\t\t\n<a href=\"https:\/\/https:\/\/https:\/\/www.lumen-care.com\/produits\/reactifs\/allergies-environnementales\/\" class=\"button primary is-shade box-shadow-3 box-shadow-5-hover\" style=\"border-radius:5px;\">\n\t\t<span>Kauf eines Komplexes Umweltsensibilit\u00e4ten<\/span>\n\t<\/a>\n\n\t\t<\/div>\n\t\t\t\t\t<\/div>\n\n\t\n\n\t<div id=\"col-643291845\" class=\"col medium-6 small-12 large-6\"  >\n\t\t\t\t<div class=\"col-inner\"  >\n\t\t\t\n\t\t\t\n<a href=\"https:\/\/https:\/\/www.apsl-sante.org\/annuaire-therapeutes-2\/\" class=\"button primary is-shade box-shadow-3 box-shadow-5-hover\" style=\"border-radius:5px;\">\n\t\t<span>Einen Praktiker f\u00fcr eine ma\u00dfgeschneiderte Bilanz finden<\/span>\n\t<\/a>\n\n\t\t<\/div>\n\t\t\t\t\t<\/div>\n\n\t\n<\/div>\n<p><strong>Transkription des Videos \u21d3.<\/strong><\/p>\n<p><strong><u>Was waren Ihre Symptome?<\/u><\/strong><u>\u00a0<\/u><\/p>\n<p>Ich hatte Reaktionen nach der K\u00e4lte, besonders am Morgen.<\/p>\n<p>Morgens, sobald ich aufstand, sobald ich meine Nase nach drau\u00dfen setzte, <strong>ich eine halbe Stunde lang niesen musste<\/strong>.<\/p>\n<p>Ich hatte auch intolerante Reaktionen auf Hausstaubmilben. Wenn ich zu viel Kontakt mit Hausstaubmilben hatte, \u00e4u\u00dferte sich das in Form von Schnupfen, Niesen und juckenden Augen. Das konnte oft in Richtung <strong>asthmatische Bronchitis<\/strong>.<\/p>\n<p>Danach gab es noch andere Unvertr\u00e4glichkeiten, die auf Parf\u00fcms zur\u00fcckzuf\u00fchren waren. Parf\u00fcms kamen mir k\u00f6rperlich entgegen, das st\u00f6rte mich wirklich und verursachte<strong> Niesen und Atembeschwerden<\/strong>.<\/p>\n<p>&nbsp;<\/p>\n<p><strong><u>Ist es schwierig, das Protokoll zu erstellen?<\/u><\/strong><u>\u00a0<\/u><\/p>\n<p>In der Tat gibt es eine Erkl\u00e4rung mit dem Patch [Anm. d. Red: <a href=\"https:\/\/www.lumen-care.com\/de\/principe-reinformation-vibratoire-2\/\">die Phiole<\/a>]. Auf dieser Erl\u00e4uterung steht, wann man sie anlegt, wie viele Stunden pro Tag, etc.<\/p>\n<p>Diese Erkl\u00e4rungen sind sehr <strong>einfach und ebenso explizit<\/strong>.<\/p>\n<p>Es liegt dann an uns, Zeitscheiben zu finden, um die richtige Anzahl an Stunden einzusetzen.<\/p>\n<p>Da das Pflaster in meinem Fall acht Stunden lang aufgeklebt werden musste, klebte ich es auf, wenn ich aufwachte, und nahm es acht Stunden sp\u00e4ter wieder ab.<\/p>\n<p>Es war sehr einfach und in der Praxis nicht einschr\u00e4nkend. Es konnte unter die Kleidung gesteckt werden und<strong> das war nicht zu sehen<\/strong>.<\/p>\n<p>&nbsp;<\/p>\n<p><strong><u>Gab es Ergebnisse?<\/u><\/strong><u>\u00a0<\/u><\/p>\n<p>Es gab <strong>viele Fortschritte und viele Verbesserungen.\u00a0<\/strong><\/p>\n<p>Auf der Ebene der K\u00e4lte am Morgen<strong> ich niese nicht mehr und sp\u00fcre die K\u00e4lte nicht mehr<\/strong>. Das passt mir nicht mehr.<\/p>\n<p>Interessanter ist meine Reaktion auf Parfums. Hier sehe ich einen sehr gro\u00dfen Unterschied, denn die D\u00fcfte, die ich fr\u00fcher sehr gut vertragen habe<strong> haben keine Wirkung mehr auf mich<\/strong> ; ich muss nicht mehr niesen und f\u00fchle mich k\u00f6rperlich nicht mehr so beeintr\u00e4chtigt. <strong>Das ist wirklich beeindruckend, denn das hat mich fr\u00fcher sehr gest\u00f6rt<\/strong>.<\/p>\n<p>In Bezug auf Hausstaubmilben hatte ich erneut Kontakt mit vielen Hausstaubmilben. Ich w\u00fcrde sagen <strong>das ist viel besser<\/strong>Ich kann aber noch etwas empfindlich sein.<\/p>\n<p>&nbsp;<\/p>\n<p><strong><u>K\u00f6nnen Sie sich vorstellen, noch weiter zu gehen?<\/u><\/strong><\/p>\n<p>Ja, ich setze die Behandlung fort, da ich immer noch einige Reaktionen auf die Hausstaubmilben habe. Es ist <strong>wichtig f\u00fcr mich, weiterzumachen<\/strong>.<\/p>\n<p>Die Behandlung ist sehr einfach und der Preis ist erschwinglich und f\u00fcr jedermann erschwinglich.\u00a0 <strong>Ich empfehle es jedem w\u00e4rmstens und au\u00dferdem ist die Behandlung zwanglos.<\/strong>.<\/p>\n<p>&nbsp;<\/p>\n<h2>Behandlung von Intoleranzen und Empfindlichkeiten<\/h2>\n<p>Wenn Sie wie Nathalie von den Vorteilen der vibratorischen Reinformation profitieren m\u00f6chten :<\/p>\n<ul>\n<div class=\"row\"  id=\"row-1740195462\">\n\n\t<div id=\"col-210162464\" class=\"col medium-6 small-12 large-6\"  >\n\t\t\t\t<div class=\"col-inner\"  >\n\t\t\t\n\t\t\t\n<a href=\"https:\/\/https:\/\/https:\/\/www.lumen-care.com\/produits\/reactifs\/allergies-environnementales\/\" class=\"button primary is-shade box-shadow-3 box-shadow-5-hover\" style=\"border-radius:5px;\">\n\t\t<span>Kauf eines Komplexes Umweltsensibilit\u00e4ten<\/span>\n\t<\/a>\n\n\t\t<\/div>\n\t\t\t\t\t<\/div>\n\n\t\n\n\t<div id=\"col-1797520716\" class=\"col medium-6 small-12 large-6\"  >\n\t\t\t\t<div class=\"col-inner\"  >\n\t\t\t\n\t\t\t\n<a href=\"https:\/\/https:\/\/www.apsl-sante.org\/annuaire-therapeutes-2\/\" class=\"button primary is-shade box-shadow-3 box-shadow-5-hover\" style=\"border-radius:5px;\">\n\t\t<span>Einen Praktiker f\u00fcr eine ma\u00dfgeschneiderte Bilanz finden<\/span>\n\t<\/a>\n\n\t\t<\/div>\n\t\t\t\t\t<\/div>\n\n\t\n<\/div>","protected":false},"excerpt":{"rendered":"<p>Transkription des Videos \u21d3 Was waren Ihre Symptome?  Ich hatte Reaktionen auf K\u00e4lte, vor allem am Morgen. Morgens, sobald ich aufstand, sobald ich meine Nase aus dem Fenster steckte, musste ich eine halbe Stunde lang niesen. Ich hatte auch intolerante Reaktionen auf Hausstaubmilben. Wenn ich zu viel Kontakt mit Hausstaubmilben hatte, wurde es [...].","protected":false},"author":1,"featured_media":1417,"comment_status":"closed","ping_status":"closed","sticky":false,"template":"","format":"video","meta":{"inline_featured_image":false,"__cvm_playback_settings":[],"__cvm_video_id":"","footnotes":""},"categories":[89],"tags":[],"class_list":["post-1415","post","type-post","status-publish","format-video","has-post-thumbnail","hentry","category-temoignages","post_format-post-format-video"],"vimeo_video":null,"_links":{"self":[{"href":"https:\/\/www.lumen-care.com\/de\/wp-json\/wp\/v2\/posts\/1415","targetHints":{"allow":["GET"]}}],"collection":[{"href":"https:\/\/www.lumen-care.com\/de\/wp-json\/wp\/v2\/posts"}],"about":[{"href":"https:\/\/www.lumen-care.com\/de\/wp-json\/wp\/v2\/types\/post"}],"author":[{"embeddable":true,"href":"https:\/\/www.lumen-care.com\/de\/wp-json\/wp\/v2\/users\/1"}],"replies":[{"embeddable":true,"href":"https:\/\/www.lumen-care.com\/de\/wp-json\/wp\/v2\/comments?post=1415"}],"version-history":[{"count":0,"href":"https:\/\/www.lumen-care.com\/de\/wp-json\/wp\/v2\/posts\/1415\/revisions"}],"wp:featuredmedia":[{"embeddable":true,"href":"https:\/\/www.lumen-care.com\/de\/wp-json\/wp\/v2\/media\/1417"}],"wp:attachment":[{"href":"https:\/\/www.lumen-care.com\/de\/wp-json\/wp\/v2\/media?parent=1415"}],"wp:term":[{"taxonomy":"category","embeddable":true,"href":"https:\/\/www.lumen-care.com\/de\/wp-json\/wp\/v2\/categories?post=1415"},{"taxonomy":"post_tag","embeddable":true,"href":"https:\/\/www.lumen-care.com\/de\/wp-json\/wp\/v2\/tags?post=1415"}],"curies":[{"name":"wp","href":"https:\/\/api.w.org\/{rel}","templated":true}]}}