{"id":14554,"date":"2023-03-29T15:01:57","date_gmt":"2023-03-29T13:01:57","guid":{"rendered":"https:\/\/www.lumen-care.com\/?p=14554"},"modified":"2023-09-19T18:58:37","modified_gmt":"2023-09-19T16:58:37","slug":"allergisch-auf-lananas-und-kiwi-jetzt-kann-muran-es-ohne-sorgen-essen","status":"publish","type":"post","link":"https:\/\/www.lumen-care.com\/de\/allergisch-auf-lananas-und-kiwi-jetzt-kann-muran-es-ohne-sorgen-essen\/","title":{"rendered":"Unvertr\u00e4glichkeit von Ananas und Kiwi, jetzt kann Maurane sie ohne Bedenken essen!"},"content":{"rendered":"<p><iframe title=\"Unvertr\u00e4glichkeit von Ananas und Kiwi, jetzt kann Maurane sie ohne Bedenken essen!\" width=\"1020\" height=\"574\" src=\"https:\/\/www.youtube.com\/embed\/L2IjFceIw_Q?feature=oembed\" frameborder=\"0\" allow=\"accelerometer; autoplay; clipboard-write; encrypted-media; gyroscope; picture-in-picture; web-share\" referrerpolicy=\"strict-origin-when-cross-origin\" allowfullscreen><\/iframe><\/p>\n<div class=\"row\"  id=\"row-1521024544\">\n\n\t<div id=\"col-1696295189\" class=\"col medium-6 small-12 large-6\"  >\n\t\t\t\t<div class=\"col-inner\"  >\n\t\t\t\n\t\t\t\n<a href=\"https:\/\/https:\/\/www.lumen-care.com\/produits\/reactifs\/intolerances-et-allergies-alimentaires\/\" class=\"button primary is-shade box-shadow-3 box-shadow-5-hover\" style=\"border-radius:5px;\">\n\t\t<span>Kaufen Sie einen Komplex f\u00fcr Nahrungsmittelempfindlichkeit<\/span>\n\t<\/a>\n\n\t\t<\/div>\n\t\t\t\t\t<\/div>\n\n\t\n\n\t<div id=\"col-1238033682\" class=\"col medium-6 small-12 large-6\"  >\n\t\t\t\t<div class=\"col-inner\"  >\n\t\t\t\n\t\t\t\n<a href=\"https:\/\/https:\/\/www.apsl-sante.org\/annuaire-therapeutes-2\/\" class=\"button primary is-shade box-shadow-3 box-shadow-5-hover\" style=\"border-radius:5px;\">\n\t\t<span>einen Praktiker f\u00fcr einen ma\u00dfgeschneiderten Check-up finden<\/span>\n\t<\/a>\n\n\t\t<\/div>\n\t\t\t\t\t<\/div>\n\n\t\n<\/div>\n<p><strong>Transkription des Videos \u21d3.<\/strong><\/p>\n<p><strong>Maurane <\/strong>: Seit diesem Sommer konnte ich wieder die Fr\u00fcchte essen, die ich wollte. Ich hatte vor allem Ananas und Kiwi, die mir im Mund und auf der Zunge brannten und Aphten verursachten. Das war ziemlich kompliziert. Jetzt kann ich sie ohne Probleme essen.<\/p>\n<p>Was Metalle und Legierungen betrifft, so kann ich alle Ohrringe, die ich hatte, wieder anziehen, ohne Probleme zu haben. Wenn ich sie fr\u00fcher anlegte, sp\u00fcrte ich schon nach drei bis vier Minuten eine Reaktion. Aber jetzt, w\u00e4hrend der Feiertage, konnte ich mir etwas g\u00f6nnen und ich habe sie einfach vergessen. Das hat mein Leben ver\u00e4ndert.<\/p>\n<p>Und dann Latex, da hatte ich Probleme, sowohl bei Kondomen als auch sogar bei Handschuhen. Ich kann wieder Handschuhe anziehen, ohne dass ich Verbrennungen an den H\u00e4nden oder Ekzeme bekomme. Au\u00dferdem habe ich auch keine gyn\u00e4kologischen Probleme mehr. So ist es gro\u00dfartig. Ich lebe wieder! Leben zu k\u00f6nnen, ohne an seine Unvertr\u00e4glichkeiten denken zu m\u00fcssen, f\u00fchlt sich trotzdem gut an.<\/p>\n<p><strong>Olivier :<\/strong> Sind Sie Therapeutin?<\/p>\n<p>Ja, und ich wollte die Ausbildung bei Ihnen im Jahr 2023 machen und habe gesehen, dass sie im Februar beginnt.<\/p>\n<p><strong>Olivier :<\/strong> Sitzungen finden etwa alle zwei Monate statt.<\/p>\n<p><strong>Maurane<\/strong> : Ich habe gesehen, dass man sich vorab anmelden kann.<\/p>\n<p><strong>Olivier :<\/strong> Ja, das ist richtig. So schnappen Sie sich die ganze Kundschaft!<\/p>\n<p><strong>Maurane<\/strong> : Ich trage immer mein Werkzeug mit mir herum, mein kleines T\u00e4schchen mit allem, was darin enthalten ist. Ich spreche regelm\u00e4\u00dfig dar\u00fcber, um zu sehen, ob die Leute bereit w\u00e4ren, diese Art von Beratung in Anspruch zu nehmen. Es gibt so viele medizinische Irrl\u00e4ufer in den Regionen 86 und 37, dass die Leute bereit sind. Sie sind wirklich so verzweifelt, dass sie nichts bekommen, dass sie bereit sind, andere Formen der Beratung auszuprobieren. Das ist ziemlich positiv.<\/p>\n<p><strong>Olivier :<\/strong> Super! Los, es funktioniert!<\/p>\n<p>&nbsp;<\/p>\n<h2>Weitergehen<\/h2>\n<p>Wenn Sie wie Maurane Ihre Empfindlichkeiten und Unvertr\u00e4glichkeiten loswerden m\u00f6chten, testen Sie einfach die Lumen Care-Methode.<\/p>\n<div class=\"row\"  id=\"row-766841887\">\n\n\t<div id=\"col-19405952\" class=\"col medium-6 small-12 large-6\"  >\n\t\t\t\t<div class=\"col-inner\"  >\n\t\t\t\n\t\t\t\n<a href=\"https:\/\/https:\/\/www.lumen-care.com\/produits\/reactifs\/intolerances-et-allergies-alimentaires\/\" class=\"button primary is-shade box-shadow-3 box-shadow-5-hover\" style=\"border-radius:5px;\">\n\t\t<span>Kaufen Sie einen Komplex f\u00fcr Nahrungsmittelempfindlichkeit<\/span>\n\t<\/a>\n\n\t\t<\/div>\n\t\t\t\t\t<\/div>\n\n\t\n\n\t<div id=\"col-1276541538\" class=\"col medium-6 small-12 large-6\"  >\n\t\t\t\t<div class=\"col-inner\"  >\n\t\t\t\n\t\t\t\n<a href=\"https:\/\/https:\/\/www.apsl-sante.org\/annuaire-therapeutes-2\/\" class=\"button primary is-shade box-shadow-3 box-shadow-5-hover\" style=\"border-radius:5px;\">\n\t\t<span>einen Praktiker f\u00fcr einen ma\u00dfgeschneiderten Check-up finden<\/span>\n\t<\/a>\n\n\t\t<\/div>\n\t\t\t\t\t<\/div>\n\n\t\n<\/div>","protected":false},"excerpt":{"rendered":"<p>Transkription des Videos \u21d3 Maurane: Seit diesem Sommer konnte ich wieder die Fr\u00fcchte essen, die ich wollte. Ich hatte vor allem Ananas und Kiwi, die mir im Mund und auf der Zunge brannten und Aphten verursachten. Das war ziemlich kompliziert. Jetzt kann ich sie ohne Bedenken essen. Was Metalle und Legierungen betrifft, kann ich [...].","protected":false},"author":1111,"featured_media":14556,"comment_status":"closed","ping_status":"closed","sticky":false,"template":"","format":"video","meta":{"inline_featured_image":false,"__cvm_playback_settings":[],"__cvm_video_id":"","footnotes":""},"categories":[89],"tags":[],"class_list":["post-14554","post","type-post","status-publish","format-video","has-post-thumbnail","hentry","category-temoignages","post_format-post-format-video"],"vimeo_video":null,"_links":{"self":[{"href":"https:\/\/www.lumen-care.com\/de\/wp-json\/wp\/v2\/posts\/14554","targetHints":{"allow":["GET"]}}],"collection":[{"href":"https:\/\/www.lumen-care.com\/de\/wp-json\/wp\/v2\/posts"}],"about":[{"href":"https:\/\/www.lumen-care.com\/de\/wp-json\/wp\/v2\/types\/post"}],"author":[{"embeddable":true,"href":"https:\/\/www.lumen-care.com\/de\/wp-json\/wp\/v2\/users\/1111"}],"replies":[{"embeddable":true,"href":"https:\/\/www.lumen-care.com\/de\/wp-json\/wp\/v2\/comments?post=14554"}],"version-history":[{"count":0,"href":"https:\/\/www.lumen-care.com\/de\/wp-json\/wp\/v2\/posts\/14554\/revisions"}],"wp:featuredmedia":[{"embeddable":true,"href":"https:\/\/www.lumen-care.com\/de\/wp-json\/wp\/v2\/media\/14556"}],"wp:attachment":[{"href":"https:\/\/www.lumen-care.com\/de\/wp-json\/wp\/v2\/media?parent=14554"}],"wp:term":[{"taxonomy":"category","embeddable":true,"href":"https:\/\/www.lumen-care.com\/de\/wp-json\/wp\/v2\/categories?post=14554"},{"taxonomy":"post_tag","embeddable":true,"href":"https:\/\/www.lumen-care.com\/de\/wp-json\/wp\/v2\/tags?post=14554"}],"curies":[{"name":"wp","href":"https:\/\/api.w.org\/{rel}","templated":true}]}}