{"id":17149,"date":"2023-07-26T14:21:54","date_gmt":"2023-07-26T12:21:54","guid":{"rendered":"https:\/\/www.lumen-care.com\/?p=17149"},"modified":"2023-09-19T19:01:45","modified_gmt":"2023-09-19T17:01:45","slug":"allergisch-auf-lananas-und-kiwi-jetzt-kann-muran-es-ohne-sorgen-essen-2","status":"publish","type":"post","link":"https:\/\/www.lumen-care.com\/de\/allergisch-auf-lananas-und-kiwi-jetzt-kann-muran-es-ohne-sorgen-essen-2\/","title":{"rendered":"Ausbildung von Therapeuten, um sich von SENSIBILIT\u00c4TEN UND INTOLERANZEN zu verabschieden - Sie berichten"},"content":{"rendered":"<p><iframe title=\"Ausbildung von Therapeuten, um sich von SENSIBILIT\u00c4TEN UND INTOLERANZEN zu verabschieden - Sie berichten\" width=\"1020\" height=\"574\" src=\"https:\/\/www.youtube.com\/embed\/j5oDztfziUQ?feature=oembed\" frameborder=\"0\" allow=\"accelerometer; autoplay; clipboard-write; encrypted-media; gyroscope; picture-in-picture; web-share\" referrerpolicy=\"strict-origin-when-cross-origin\" allowfullscreen><\/iframe><\/p>\n\n\t<div id=\"col-249598095\" class=\"col medium-6 small-12 large-6\"  >\n\t\t\t\t<div class=\"col-inner\"  >\n\t\t\t\n\t\t\t\t\t<\/div>\n\t\t\t\t\t<\/div>\n\n\t\n<a href=\"https:\/\/https:\/\/www.lumen-care.com\/catalogue-formations\/\" class=\"button primary is-shade box-shadow-3 box-shadow-5-hover\" style=\"border-radius:5px;\">\n\t\t<span>Lernen, Empfindlichkeiten und Intoleranzen zu deprogrammieren<\/span>\n\t<\/a>\n\n<p><strong>Transkription des Videos \u21d3.<\/strong><\/p>\n<p><strong>Finden Sie heraus, was Therapeuten, die in der Lumen-Care-Methode ausgebildet wurden, denken. Bei der Sitzung im Februar 2023<\/strong><\/p>\n<p><strong>Denis\u00a0<\/strong><\/p>\n<p><em>\"Diese Fortbildung hat mir sehr viel gebracht. Sie hat mir enorm viel \u00fcber die Methodik der Praxis verdeutlicht, was ich vorher nicht unbedingt gehabt hatte. Ich hatte in der Vergangenheit bereits die NAET-Ausbildung absolviert. Andererseits hatte ich zuerst die Ausbildung von Jean Marchardise absolviert. Bei der Jean-Marchardise-Schulung war ich sehr hungrig, weil sie ziemlich diffus, ziemlich un\u00fcbersichtlich usw. war. Und es gab kein wirklich genaues Protokoll wie bei Lumen Care\".<\/em><\/p>\n<p><strong>Maurane<\/strong><\/p>\n<p><em>\"Ich bin noch keine Therapeutin, aber das ist ein Projekt, das ich habe, und ich wollte mehrere F\u00e4den in der Hand haben, um etwas Neues anzubieten, etwas N\u00fctzliches f\u00fcr mich pers\u00f6nlich, f\u00fcr mein Umfeld, aber auch f\u00fcr andere Menschen in Schwierigkeiten. Diese Methode habe ich wirklich zuf\u00e4llig auf Facebook entdeckt, ich habe mich als Kundin darauf eingelassen. Ich war zufrieden. Als ich in meinem Bekanntenkreis dar\u00fcber sprach, fanden es viele Leute ein bisschen komisch, aber wenn ich es ihnen erkl\u00e4re, habe ich viele Leute, die Erwartungen haben, daher mache ich auch Schulungen. Sie ist \u00fcberraschend, weil man wirklich einen allergenen Teil hat, aber der emotionale Teil ist trotzdem wichtig. Mir war nicht bewusst, wie sehr Empfindlichkeiten und Unvertr\u00e4glichkeiten mit Emotionen verkn\u00fcpft sind. Und das gef\u00e4llt mir sehr. Es ist ein sch\u00f6ner Ansatz und ich freue mich auf weitere Konsultationen, um ihn noch mehr zu testen\".<\/em><\/p>\n<p><strong>Regis<\/strong><\/p>\n<p><em>\"Ich mache gerade eine Ausbildung in Bioenergie, in der der Bereich der Empfindlichkeiten und Unvertr\u00e4glichkeiten behandelt wurde, allerdings nur sehr kurz. In diesem Bereich bin ich etwas hungrig geblieben. In der Bioenergie hingegen wird u. a. \u00fcber die Kinesiologie der emotionale Teil, die transgenerationalen Erinnerungen, angesprochen. Und hier passt es wirklich zu allem, was ich gelernt habe, denn man findet diesen emotionalen Teil, der von der Schulmedizin \u00fcberhaupt nicht bekannt ist oder behandelt wird und der einen starken Einfluss auf die Menschen hat. Ich habe das gesehen, als ich einige Bioenergie-Sitzungen mit Menschen gemacht habe, und da kommen doch ziemlich au\u00dfergew\u00f6hnliche Dinge heraus. Ja, ich habe es sehr genossen. Au\u00dferdem ist das Protokoll ziemlich klar, so dass man die Dinge gut anwenden muss\".<\/em><\/p>\n<p><strong>Laetitia<\/strong><\/p>\n<p><em>\"Ich bin sehr zufrieden mit dem Inhalt, der sehr dicht ist. Und es ist sehr bereichernd f\u00fcr mich, diese Herangehensweise sowohl an das Emotionale als auch an den menschlichen K\u00f6rper. Dadurch kann man die Problematik gut verstehen. Und der Ansatz mit den Protokollen, das ist wirklich sehr gut erkl\u00e4rt\".\u00a0<\/em><\/p>\n<h2>Weitergehen<\/h2>\n<p>Wenn Sie wie diese Therapeuten eine absolut wirksame Methode gegen Ihre Empfindlichkeiten\/Unvertr\u00e4glichkeiten testen und Ihren Kunden helfen m\u00f6chten, testen Sie einfach die Lumen Care Methode.<\/p>\n\n\t<div id=\"col-1624095779\" class=\"col medium-6 small-12 large-6\"  >\n\t\t\t\t<div class=\"col-inner\"  >\n\t\t\t\n\t\t\t\t\t<\/div>\n\t\t\t\t\t<\/div>\n\n\t\n<a href=\"https:\/\/https:\/\/www.lumen-care.com\/catalogue-formations\/\" class=\"button primary is-shade box-shadow-3 box-shadow-5-hover\" style=\"border-radius:5px;\">\n\t\t<span>Lernen, Empfindlichkeiten und Intoleranzen zu deprogrammieren<\/span>\n\t<\/a>","protected":false},"excerpt":{"rendered":"<p>Transkription des Videos \u21d3 Finden Sie heraus, was Therapeuten, die in der Lumen Care-Methode ausgebildet wurden, denken. W\u00e4hrend des Kurses im Februar 2023. Denis \"Diese Ausbildung hat mir sehr viel gebracht. Sie hat mir enorm viele Dinge in der Methodik der Praxis verdeutlicht, die ich vorher nicht unbedingt hatte. Ich habe die NAET-Ausbildung durch [...].","protected":false},"author":1111,"featured_media":17160,"comment_status":"closed","ping_status":"closed","sticky":false,"template":"","format":"video","meta":{"inline_featured_image":false,"__cvm_playback_settings":[],"__cvm_video_id":"","footnotes":""},"categories":[116,89],"tags":[],"class_list":["post-17149","post","type-post","status-publish","format-video","has-post-thumbnail","hentry","category-article","category-temoignages","post_format-post-format-video"],"vimeo_video":null,"_links":{"self":[{"href":"https:\/\/www.lumen-care.com\/de\/wp-json\/wp\/v2\/posts\/17149","targetHints":{"allow":["GET"]}}],"collection":[{"href":"https:\/\/www.lumen-care.com\/de\/wp-json\/wp\/v2\/posts"}],"about":[{"href":"https:\/\/www.lumen-care.com\/de\/wp-json\/wp\/v2\/types\/post"}],"author":[{"embeddable":true,"href":"https:\/\/www.lumen-care.com\/de\/wp-json\/wp\/v2\/users\/1111"}],"replies":[{"embeddable":true,"href":"https:\/\/www.lumen-care.com\/de\/wp-json\/wp\/v2\/comments?post=17149"}],"version-history":[{"count":0,"href":"https:\/\/www.lumen-care.com\/de\/wp-json\/wp\/v2\/posts\/17149\/revisions"}],"wp:featuredmedia":[{"embeddable":true,"href":"https:\/\/www.lumen-care.com\/de\/wp-json\/wp\/v2\/media\/17160"}],"wp:attachment":[{"href":"https:\/\/www.lumen-care.com\/de\/wp-json\/wp\/v2\/media?parent=17149"}],"wp:term":[{"taxonomy":"category","embeddable":true,"href":"https:\/\/www.lumen-care.com\/de\/wp-json\/wp\/v2\/categories?post=17149"},{"taxonomy":"post_tag","embeddable":true,"href":"https:\/\/www.lumen-care.com\/de\/wp-json\/wp\/v2\/tags?post=17149"}],"curies":[{"name":"wp","href":"https:\/\/api.w.org\/{rel}","templated":true}]}}