{"id":17164,"date":"2023-07-26T17:50:56","date_gmt":"2023-07-26T15:50:56","guid":{"rendered":"https:\/\/www.lumen-care.com\/?p=17164"},"modified":"2023-09-19T19:01:07","modified_gmt":"2023-09-19T17:01:07","slug":"allergisch-auf-lananas-und-kiwi-jetzt-kann-muran-es-ohne-sorgen-essen-8","status":"publish","type":"post","link":"https:\/\/www.lumen-care.com\/de\/allergisch-auf-lananas-und-kiwi-jetzt-kann-muran-es-ohne-sorgen-essen-8\/","title":{"rendered":"Erfahrungsberichte von Therapeuten: Was die Teilnehmer am Ende der Ausbildung denken - Lumen Care Methode"},"content":{"rendered":"<p><iframe title=\"Erfahrungsberichte von Therapeuten: Was die Teilnehmer am Ende der Ausbildung denken - Lumen Care Methode\" width=\"1020\" height=\"574\" src=\"https:\/\/www.youtube.com\/embed\/iBIeQ29aakk?feature=oembed\" frameborder=\"0\" allow=\"accelerometer; autoplay; clipboard-write; encrypted-media; gyroscope; picture-in-picture; web-share\" referrerpolicy=\"strict-origin-when-cross-origin\" allowfullscreen><\/iframe><\/p>\n\n\t<div id=\"col-1066902738\" class=\"col medium-6 small-12 large-6\"  >\n\t\t\t\t<div class=\"col-inner\"  >\n\t\t\t\n\t\t\t\t\t<\/div>\n\t\t\t\t\t<\/div>\n\n\t\n<a href=\"https:\/\/https:\/\/www.lumen-care.com\/catalogue-formations\/\" class=\"button primary is-shade box-shadow-3 box-shadow-5-hover\" style=\"border-radius:5px;\">\n\t\t<span>Lernen, Empfindlichkeiten und Intoleranzen zu deprogrammieren<\/span>\n\t<\/a>\n\n<p>&nbsp;<\/p>\n<p><strong>Transkription des Videos \u21d3.<\/strong><\/p>\n<p>Finden Sie heraus, was Therapeuten, die in der Lumen-Care-Methode ausgebildet wurden, denken. Bei der Sitzung im November 2022<\/p>\n<p><strong>Sylvain Martin<\/strong><\/p>\n<p><em>\"Ich fand, dass dieser Kurs ein sehr sch\u00f6ner Kurs war, der von Olivier Coen wirklich professionell geleitet und verwaltet wurde, mit einem guten Zuh\u00f6ren, mit wirklich guten Erkl\u00e4rungen. Ich fand auch die Gruppe (wir waren zu dritt) sehr dynamisch und sehr relevant. Ich fand tats\u00e4chlich, dass der von Olivier vorgeschlagene Ansatz ein sch\u00f6ner Ansatz ist. Und jetzt m\u00fcssen wir nur noch in die Praxis gehen und uns im Alltag \u00fcben, um den Lumen-Care-Prozess besser entwickeln zu k\u00f6nnen, der f\u00fcr mich etwas ganz einfach Magisches und Gro\u00dfartiges ist.\"<\/em><\/p>\n<p><strong>Chantal<\/strong><\/p>\n<p><em>\"Ich fand, dass es eine sehr dichte Ausbildung war. Es stimmt, dass man am Ende das Gef\u00fchl hat, wirklich etwas Neues gelernt zu haben. Ich sage wie Sylvain, dass Olivier sehr professionell und gastfreundlich war. F\u00fcr uns war es wirklich ein sch\u00f6ner Austausch. Ich bin sehr zufrieden, weil es meinen Erwartungen entspricht und ich es relativ schnell in meine Praxis integrieren kann. Danke an meine Teamkollegen, denn ich fand tats\u00e4chlich, dass wir einen echten Austausch hatten und es keine Peinlichkeiten gab. Es war sehr fl\u00fcssig und sehr sympathisch\".<\/em><\/p>\n<p><strong>Sandra<\/strong><\/p>\n<p><em>\"Ich wollte Olivier f\u00fcr diesen sch\u00f6nen Kurs danken, der sowohl sehr dicht als auch sehr intensiv war. Es stimmt, dass es viele Informationen gab, aber auch ich fand, dass es genau das war, was ich erwartet hatte, denn nachdem ich diese Methode getestet hatte, fand ich sie ein wenig seltsam und verstand nicht, wie sie funktionierte. Und jetzt hat es alle meine Fragen beantwortet und ich kann es kaum erwarten, mit der Praxis zu beginnen. Seltsam in dem Sinne, dass ich Schwierigkeiten hatte, das Konzept zu verstehen. Ich dachte: \"Es funktioniert, aber ich verstehe nicht, warum\". Und tats\u00e4chlich hat Olivier mir geholfen zu verstehen, dass tats\u00e4chlich einige Unvertr\u00e4glichkeiten mit Emotionen verbunden sind. Das ist nicht immer offensichtlich, weil wir im Alltag nicht darauf angesprochen werden. Und eben, es ist losgel\u00f6st. Es gibt eine neue Art, mit Intoleranz oder Sensibilit\u00e4t umzugehen, die v\u00f6llig anders und ganzheitlich ist, was mir sehr entgegenkommt. Ich freue mich super darauf, das in meine Praxis zu integrieren und so vielen Menschen wie m\u00f6glich zu helfen.\"<\/em><\/p>\n<h2><\/h2>\n<h2><strong>Weitergehen<\/strong><\/h2>\n<p>Wenn Sie wie diese Therapeuten eine absolut wirksame Methode gegen Ihre Empfindlichkeiten\/Unvertr\u00e4glichkeiten testen und Ihren Kunden helfen m\u00f6chten, testen Sie einfach die Lumen Care Methode.<\/p>\n\n\t<div id=\"col-1200460784\" class=\"col medium-6 small-12 large-6\"  >\n\t\t\t\t<div class=\"col-inner\"  >\n\t\t\t\n\t\t\t\t\t<\/div>\n\t\t\t\t\t<\/div>\n\n\t\n<a href=\"https:\/\/https:\/\/www.lumen-care.com\/catalogue-formations\/\" class=\"button primary is-shade box-shadow-3 box-shadow-5-hover\" style=\"border-radius:5px;\">\n\t\t<span>Lernen, Empfindlichkeiten und Intoleranzen zu deprogrammieren<\/span>\n\t<\/a>","protected":false},"excerpt":{"rendered":"<p>&nbsp; Transkription des Videos \u21d3 Finden Sie heraus, was Therapeuten, die in der Lumen-Care-Methode ausgebildet wurden, denken. W\u00e4hrend des Kurses im November 2022. Sylvain Martin \"Ich fand, dass diese Ausbildung eine sehr sch\u00f6ne Ausbildung war, die von Olivier Coen wirklich professionell gesteuert und gemanagt wurde, mit einem sch\u00f6nen Zuh\u00f6ren, mit wirklich den richtigen [...].","protected":false},"author":1111,"featured_media":17150,"comment_status":"closed","ping_status":"closed","sticky":false,"template":"","format":"video","meta":{"inline_featured_image":false,"__cvm_playback_settings":[],"__cvm_video_id":"","footnotes":""},"categories":[116,89],"tags":[],"class_list":["post-17164","post","type-post","status-publish","format-video","has-post-thumbnail","hentry","category-article","category-temoignages","post_format-post-format-video"],"vimeo_video":null,"_links":{"self":[{"href":"https:\/\/www.lumen-care.com\/de\/wp-json\/wp\/v2\/posts\/17164","targetHints":{"allow":["GET"]}}],"collection":[{"href":"https:\/\/www.lumen-care.com\/de\/wp-json\/wp\/v2\/posts"}],"about":[{"href":"https:\/\/www.lumen-care.com\/de\/wp-json\/wp\/v2\/types\/post"}],"author":[{"embeddable":true,"href":"https:\/\/www.lumen-care.com\/de\/wp-json\/wp\/v2\/users\/1111"}],"replies":[{"embeddable":true,"href":"https:\/\/www.lumen-care.com\/de\/wp-json\/wp\/v2\/comments?post=17164"}],"version-history":[{"count":0,"href":"https:\/\/www.lumen-care.com\/de\/wp-json\/wp\/v2\/posts\/17164\/revisions"}],"wp:featuredmedia":[{"embeddable":true,"href":"https:\/\/www.lumen-care.com\/de\/wp-json\/wp\/v2\/media\/17150"}],"wp:attachment":[{"href":"https:\/\/www.lumen-care.com\/de\/wp-json\/wp\/v2\/media?parent=17164"}],"wp:term":[{"taxonomy":"category","embeddable":true,"href":"https:\/\/www.lumen-care.com\/de\/wp-json\/wp\/v2\/categories?post=17164"},{"taxonomy":"post_tag","embeddable":true,"href":"https:\/\/www.lumen-care.com\/de\/wp-json\/wp\/v2\/tags?post=17164"}],"curies":[{"name":"wp","href":"https:\/\/api.w.org\/{rel}","templated":true}]}}