{"id":25346,"date":"2025-01-20T19:00:30","date_gmt":"2025-01-20T18:00:30","guid":{"rendered":"https:\/\/www.lumen-care.com\/?p=25346"},"modified":"2025-01-20T19:00:30","modified_gmt":"2025-01-20T18:00:30","slug":"lumen-care-komplexe-in-apotheken-erhaltlich-ein-neues-abenteuer-beginnt","status":"publish","type":"post","link":"https:\/\/www.lumen-care.com\/de\/lumen-care-komplexe-in-apotheken-erhaltlich-ein-neues-abenteuer-beginnt\/","title":{"rendered":"Lumen Care-Komplexe in Apotheken erh\u00e4ltlich: Ein neues Abenteuer beginnt!"},"content":{"rendered":"<p><img fetchpriority=\"high\" decoding=\"async\" class=\"wp-image-25348 aligncenter\" src=\"https:\/\/www.lumen-care.com\/wp-content\/uploads\/20241122_163942-800x379.jpg\" alt=\"\" width=\"496\" height=\"235\" srcset=\"https:\/\/www.lumen-care.com\/wp-content\/uploads\/20241122_163942-800x379.jpg 800w, https:\/\/www.lumen-care.com\/wp-content\/uploads\/20241122_163942-scaled-247x117.jpg 247w, https:\/\/www.lumen-care.com\/wp-content\/uploads\/20241122_163942-scaled-510x241.jpg 510w, https:\/\/www.lumen-care.com\/wp-content\/uploads\/20241122_163942-1400x663.jpg 1400w, https:\/\/www.lumen-care.com\/wp-content\/uploads\/20241122_163942-768x363.jpg 768w, https:\/\/www.lumen-care.com\/wp-content\/uploads\/20241122_163942-1536x727.jpg 1536w, https:\/\/www.lumen-care.com\/wp-content\/uploads\/20241122_163942-2048x969.jpg 2048w, https:\/\/www.lumen-care.com\/wp-content\/uploads\/20241122_163942-18x9.jpg 18w\" sizes=\"(max-width: 496px) 100vw, 496px\" \/><\/p>\n<p>&nbsp;<\/p>\n<p><span style=\"font-weight: 400;\">Wir sind stolz darauf, Folgendes bekannt zu geben <a href=\"https:\/\/www.lumen-care.com\/de\/produkte\/ausflusse\/mischungen\/\"><strong>die Lumen Care Komplexe<\/strong><\/a> sind nun <strong>referenziert in<\/strong> <strong>Apotheke,<\/strong> ein gro\u00dfer Fortschritt in unserer Mission <strong>vibrierende Neuinformation f\u00fcr m\u00f6glichst viele Menschen zug\u00e4nglich machen<\/strong>. Dieser sch\u00f6ne Schritt wurde erm\u00f6glicht durch die Zusammenarbeit von<strong>Angeline Aubin, von der <a href=\"https:\/\/pharmaciedupontdelarc.fr\/\">pharmacie du Pont de l'Arc in Aix-en-Provence<\/a><\/strong>Wir m\u00f6chten uns herzlich bedanken f\u00fcr <strong>sein Vertrauen und seine Offenheit<\/strong>.<\/span><\/p>\n<p><img decoding=\"async\" class=\"wp-image-25350 aligncenter\" src=\"https:\/\/www.lumen-care.com\/wp-content\/uploads\/20241122_164009-800x379.jpg\" alt=\"\" width=\"536\" height=\"254\" srcset=\"https:\/\/www.lumen-care.com\/wp-content\/uploads\/20241122_164009-800x379.jpg 800w, https:\/\/www.lumen-care.com\/wp-content\/uploads\/20241122_164009-scaled-247x117.jpg 247w, https:\/\/www.lumen-care.com\/wp-content\/uploads\/20241122_164009-scaled-510x241.jpg 510w, https:\/\/www.lumen-care.com\/wp-content\/uploads\/20241122_164009-1400x663.jpg 1400w, https:\/\/www.lumen-care.com\/wp-content\/uploads\/20241122_164009-768x363.jpg 768w, https:\/\/www.lumen-care.com\/wp-content\/uploads\/20241122_164009-1536x727.jpg 1536w, https:\/\/www.lumen-care.com\/wp-content\/uploads\/20241122_164009-2048x969.jpg 2048w, https:\/\/www.lumen-care.com\/wp-content\/uploads\/20241122_164009-18x9.jpg 18w\" sizes=\"(max-width: 536px) 100vw, 536px\" \/><\/p>\n<p><span style=\"font-weight: 400;\">Mehrere Monate lang haben wir entschlossen daran gearbeitet, um <strong>eine passende Verpackung entwerfen<\/strong>, <strong>die Standards des Einzelhandels einhalten und gleichzeitig das einzigartige Wesen unserer Produkte widerspiegeln<\/strong>. Heute freuen wir uns, dass diese Bem\u00fchungen von Erfolg gekr\u00f6nt sind.<\/span><\/p>\n<p><span style=\"font-weight: 400;\">Wir wissen, dass das pharmazeutische Milieu nicht immer das empf\u00e4nglichste f\u00fcr alternative Therapien ist. Es gibt jedoch Ausnahmen, und <strong>die Zusammenarbeit mit Fachleuten wie Angeline und ihrem Team erinnert uns daran, dass zwischen diesen beiden Welten Br\u00fccken geschlagen werden k\u00f6nnen<\/strong>Die meisten Menschen sind in der Lage, sich selbst zu helfen, indem sie sich f\u00fcr das Wohlbefinden der Menschen einsetzen.<\/span><\/p>\n<p><img decoding=\"async\" class=\"wp-image-25349 alignleft\" src=\"https:\/\/www.lumen-care.com\/wp-content\/uploads\/20241122_163937-189x400.jpg\" alt=\"\" width=\"193\" height=\"408\" srcset=\"https:\/\/www.lumen-care.com\/wp-content\/uploads\/20241122_163937-189x400.jpg 189w, https:\/\/www.lumen-care.com\/wp-content\/uploads\/20241122_163937-scaled-247x522.jpg 247w, https:\/\/www.lumen-care.com\/wp-content\/uploads\/20241122_163937-scaled-510x1078.jpg 510w, https:\/\/www.lumen-care.com\/wp-content\/uploads\/20241122_163937-379x800.jpg 379w, https:\/\/www.lumen-care.com\/wp-content\/uploads\/20241122_163937-768x1623.jpg 768w, https:\/\/www.lumen-care.com\/wp-content\/uploads\/20241122_163937-727x1536.jpg 727w, https:\/\/www.lumen-care.com\/wp-content\/uploads\/20241122_163937-969x2048.jpg 969w, https:\/\/www.lumen-care.com\/wp-content\/uploads\/20241122_163937-6x12.jpg 6w, https:\/\/www.lumen-care.com\/wp-content\/uploads\/20241122_163937-scaled.jpg 1211w\" sizes=\"(max-width: 193px) 100vw, 193px\" \/><\/p>\n<p>&nbsp;<\/p>\n<p>&nbsp;<\/p>\n<p>&nbsp;<\/p>\n<p><span style=\"font-weight: 400;\">Diese erste Referenzierung ist nur der Anfang. Wir f\u00fcttern <strong>die Hoffnung, in den kommenden Monaten ein Netz von Vertriebspartnern aufzubauen<\/strong>Wir wollen, dass unsere Komplexmittel in mehr Apotheken erh\u00e4ltlich sind. <strong>Bio- und andere Gesch\u00e4fte in Frankreich und anderswo<\/strong>. Diese Initiative wird es uns erm\u00f6glichen, ein<strong>ine alternative und erg\u00e4nzende L\u00f6sung f\u00fcr Menschen, die auf der Suche nach einem umfassenden und nachhaltigen Wohlbefinden sind<\/strong>.<\/span><\/p>\n<p><span style=\"font-weight: 400;\">Wir bedanken uns herzlich bei allen, die an unsere Vision glauben und uns bei diesem sch\u00f6nen Abenteuer begleiten. Lassen Sie uns gemeinsam die Gesundheitspraktiken weiterentwickeln, hin zu einer Zukunft, die ganzheitlicher ist und auf die Bed\u00fcrfnisse des Einzelnen eingeht.<\/span><\/p>\n<p><b>F\u00fcr ein Wohlbefinden, das f\u00fcr alle zug\u00e4nglich ist, einen Schritt nach dem anderen.<\/b><\/p>\n<p><a href=\"https:\/\/www.lumen-care.com\/de\/kontakt\/\"><strong>M\u00f6chten Sie als H\u00e4ndler oder Verschreiber teilnehmen? Kontaktieren Sie uns<\/strong><\/a>.<\/p>","protected":false},"excerpt":{"rendered":"<p>&nbsp; Wir sind stolz darauf, mitteilen zu k\u00f6nnen, dass die Lumen-Care-Komplexe nun auch in Apotheken gelistet sind. Dies ist ein gro\u00dfer Fortschritt in unserer Mission, die vibratorischen Reinformationen so vielen Menschen wie m\u00f6glich zug\u00e4nglich zu machen. Dieser sch\u00f6ne Schritt wurde dank der Zusammenarbeit mit Angeline Aubin von der Apotheke Pont de l'Arc in Aix-en-Provence m\u00f6glich, die wir [...].","protected":false},"author":1111,"featured_media":25347,"comment_status":"closed","ping_status":"closed","sticky":false,"template":"","format":"video","meta":{"inline_featured_image":false,"__cvm_playback_settings":[],"__cvm_video_id":"","footnotes":""},"categories":[116],"tags":[],"class_list":["post-25346","post","type-post","status-publish","format-video","has-post-thumbnail","hentry","category-article","post_format-post-format-video"],"vimeo_video":null,"_links":{"self":[{"href":"https:\/\/www.lumen-care.com\/de\/wp-json\/wp\/v2\/posts\/25346","targetHints":{"allow":["GET"]}}],"collection":[{"href":"https:\/\/www.lumen-care.com\/de\/wp-json\/wp\/v2\/posts"}],"about":[{"href":"https:\/\/www.lumen-care.com\/de\/wp-json\/wp\/v2\/types\/post"}],"author":[{"embeddable":true,"href":"https:\/\/www.lumen-care.com\/de\/wp-json\/wp\/v2\/users\/1111"}],"replies":[{"embeddable":true,"href":"https:\/\/www.lumen-care.com\/de\/wp-json\/wp\/v2\/comments?post=25346"}],"version-history":[{"count":1,"href":"https:\/\/www.lumen-care.com\/de\/wp-json\/wp\/v2\/posts\/25346\/revisions"}],"predecessor-version":[{"id":25351,"href":"https:\/\/www.lumen-care.com\/de\/wp-json\/wp\/v2\/posts\/25346\/revisions\/25351"}],"wp:featuredmedia":[{"embeddable":true,"href":"https:\/\/www.lumen-care.com\/de\/wp-json\/wp\/v2\/media\/25347"}],"wp:attachment":[{"href":"https:\/\/www.lumen-care.com\/de\/wp-json\/wp\/v2\/media?parent=25346"}],"wp:term":[{"taxonomy":"category","embeddable":true,"href":"https:\/\/www.lumen-care.com\/de\/wp-json\/wp\/v2\/categories?post=25346"},{"taxonomy":"post_tag","embeddable":true,"href":"https:\/\/www.lumen-care.com\/de\/wp-json\/wp\/v2\/tags?post=25346"}],"curies":[{"name":"wp","href":"https:\/\/api.w.org\/{rel}","templated":true}]}}