{"id":2536,"date":"2018-10-25T23:37:04","date_gmt":"2018-10-25T21:37:04","guid":{"rendered":"https:\/\/www.lumen-care.com\/?p=2536"},"modified":"2020-03-08T13:34:48","modified_gmt":"2020-03-08T12:34:48","slug":"konflikt-pass-aktiv","status":"publish","type":"post","link":"https:\/\/www.lumen-care.com\/de\/konflikt-pass-aktiv\/","title":{"rendered":"Vergangener Konflikt, aktiver Konflikt..."},"content":{"rendered":"<p>Mit der Methode der Vibratorischen Neuinformation registrieren wir etwa <strong>65% von positiven Ergebnissen<\/strong> auf Empfindlichkeiten, die zu chronischen Symptomen f\u00fchren.<\/p>\n<p>Das ist ein sehr ehrenwertes Ergebnis im Gesundheitsbereich, dennoch: Was machen wir mit diesen 35% an Fehlschl\u00e4gen? Welche Antworten k\u00f6nnen wir den Menschen geben, bei denen <strong>die Symptome widerstehen<\/strong> ?<\/p>\n<p>Es wird deutlich, dass die Erkl\u00e4rung daf\u00fcr in Folgendem liegt <strong>die Ber\u00fccksichtigung der emotionalen Ebene<\/strong>. Man kann davon ausgehen, dass am Anfang jeder Krankheit ein ungel\u00f6ster Konflikt, eine ungel\u00f6ste Verletzung steht. Je nach Dauer und Intensit\u00e4t ist das biologische Gegenst\u00fcck (das Symptom) mehr oder weniger belastend.<\/p>\n<p>Im Falle einer Intoleranz oder Allergie wird das empfindliche Reagens<strong> die Schiene des Konflikts<\/strong>Das ist der Ausl\u00f6ser, der uns zu dem Konflikt zur\u00fcckbringt. Wenn mir zum Beispiel bei einem Spaziergang auf dem Land die Person, die ich liebe, mitteilt, dass sie mich verl\u00e4sst, werden die Pollen, die ich im n\u00e4chsten Jahr einatmen werde, die Erinnerung an diese Verletzung zur\u00fcckbringen und eine allergische Reaktion ausl\u00f6sen, wie zum Beispiel rote, tr\u00e4nende Augen, die in der gleichen Linie wie der empfundene Schmerz liegen.<\/p>\n<p>Viele Jahre sp\u00e4ter ist das Schnee von gestern, ich habe eine andere Person kennengelernt und dieser ersten Freundin verziehen. Trotzdem wird mein K\u00f6rper die Information gespeichert haben, dass Pollen eine sch\u00e4dliche Substanz sind, und ich werde meine Allergie weiterhin jedes Jahr zur gleichen Zeit bekommen.<\/p>\n<p>In diesem Fall wird die vibratorische Neuinformation extrem gut funktionieren, denn es handelt sich um eine<strong>ein einfaches Nachleben des physischen K\u00f6rpers<\/strong> auf einen gel\u00f6sten Konflikt.<\/p>\n<p>Wenn ich hingegen diese Trennung immer noch auf dem Herzen trage, nicht vergeben habe oder mir selbst nicht vergeben habe, kommen wir in die Situation von<strong>ein aktiver Konflikt<\/strong>. Und in diesem Fall ist der Misserfolg praktisch vorprogrammiert.<\/p>\n<p>Nur <strong>die L\u00f6sung des Konflikts auf seiner emotionalen Ebene<\/strong> wird es erm\u00f6glichen, die Sensibilit\u00e4t auf der physischen Ebene zu deprogrammieren. Das ist das Ziel der aktuellen Forschungen, die wir mit neuen Protokollen durchf\u00fchren, die derzeit erprobt werden. Wir kombinieren dazu die Logik von <strong>biologische Entschl\u00fcsselungen<\/strong> die es erm\u00f6glicht, eine Verbindung zwischen Symptomen, Organen und Konflikten herzustellen.<\/p>\n<p>Diese Arbeit wird es uns erm\u00f6glichen, den Katalog der Effluences schon bald auf etwa 30 Referenzen zu erweitern.<\/p>\n<p>Es ist absolut spannend und vielversprechend, was die M\u00f6glichkeiten zur Unterst\u00fctzung des Umgangs mit Emotionen angeht, sowohl im \"Wellness\"- als auch im \"Therapie\"-Modus.<\/p>\n<p>Ganz aufrichtig,<br \/>\nOlivier Coen<\/p>","protected":false},"excerpt":{"rendered":"<p>Mit der Methode der Vibratorischen Neuinformation verzeichnen wir etwa 65% positive Ergebnisse bei Empfindlichkeiten, die chronische Symptome verursachen. Das ist ein sehr ehrenwertes Ergebnis im Bereich der Gesundheit, doch was machen wir mit diesen 35% an Fehlschl\u00e4gen? Welche Antworten k\u00f6nnen wir den Menschen geben, bei denen sich die Symptome hartn\u00e4ckig halten? Es wird deutlich, [...].","protected":false},"author":1,"featured_media":0,"comment_status":"open","ping_status":"closed","sticky":false,"template":"","format":"standard","meta":{"inline_featured_image":false,"__cvm_playback_settings":[],"__cvm_video_id":"","footnotes":""},"categories":[116],"tags":[],"class_list":["post-2536","post","type-post","status-publish","format-standard","hentry","category-article"],"vimeo_video":null,"_links":{"self":[{"href":"https:\/\/www.lumen-care.com\/de\/wp-json\/wp\/v2\/posts\/2536","targetHints":{"allow":["GET"]}}],"collection":[{"href":"https:\/\/www.lumen-care.com\/de\/wp-json\/wp\/v2\/posts"}],"about":[{"href":"https:\/\/www.lumen-care.com\/de\/wp-json\/wp\/v2\/types\/post"}],"author":[{"embeddable":true,"href":"https:\/\/www.lumen-care.com\/de\/wp-json\/wp\/v2\/users\/1"}],"replies":[{"embeddable":true,"href":"https:\/\/www.lumen-care.com\/de\/wp-json\/wp\/v2\/comments?post=2536"}],"version-history":[{"count":0,"href":"https:\/\/www.lumen-care.com\/de\/wp-json\/wp\/v2\/posts\/2536\/revisions"}],"wp:attachment":[{"href":"https:\/\/www.lumen-care.com\/de\/wp-json\/wp\/v2\/media?parent=2536"}],"wp:term":[{"taxonomy":"category","embeddable":true,"href":"https:\/\/www.lumen-care.com\/de\/wp-json\/wp\/v2\/categories?post=2536"},{"taxonomy":"post_tag","embeddable":true,"href":"https:\/\/www.lumen-care.com\/de\/wp-json\/wp\/v2\/tags?post=2536"}],"curies":[{"name":"wp","href":"https:\/\/api.w.org\/{rel}","templated":true}]}}