{"id":3996,"date":"2019-08-13T14:01:16","date_gmt":"2019-08-13T12:01:16","guid":{"rendered":"https:\/\/www.lumen-care.com\/?p=3996"},"modified":"2023-08-22T18:38:27","modified_gmt":"2023-08-22T16:38:27","slug":"testimonial-allergie-auf-pollen-ana-sandreas","status":"publish","type":"post","link":"https:\/\/www.lumen-care.com\/de\/testimonial-allergie-auf-pollen-ana-sandreas\/","title":{"rendered":"Erfahrungsbericht Pollenunvertr\u00e4glichkeit - Ana Sandreas"},"content":{"rendered":"<div class=\"video video-fit mb\" style=\"padding-top:56.25%;\"><p><iframe title=\"Ana Sandreas&#039; Erfahrungsbericht Deprogrammierung, Intoleranzen und Pollensensitivit\u00e4t\" width=\"1020\" height=\"574\" src=\"https:\/\/www.youtube.com\/embed\/NXc-aYzouXQ?feature=oembed\" frameborder=\"0\" allow=\"accelerometer; autoplay; clipboard-write; encrypted-media; gyroscope; picture-in-picture; web-share\" referrerpolicy=\"strict-origin-when-cross-origin\" allowfullscreen><\/iframe><\/p>\n<\/div>\n<h2>Transkription des Interviews<\/h2>\n<p><strong>Ana <\/strong>F\u00fcr die erste Livesendung habe ich Olivier Coen eingeladen.<\/p>\n<p>Olivier ist Forscher in der Energietherapie; das ist richtig Olivier<\/p>\n<p><strong>Olivier <\/strong>:<\/p>\n<p>Das ist richtig Hallo und danke f\u00fcr die Einladung.<\/p>\n<p><strong>Ana <\/strong>:<\/p>\n<p>Ich wollte Olivier einladen, weil ich ihm gegen\u00fcber sehr dankbar bin. Ich werde Ihnen kurz meine Geschichte erz\u00e4hlen und danach k\u00f6nnen wir Olivier Fragen stellen.<\/p>\n<p>Eigentlich seit Jahren, seit 20 Jahren, seit ich nach Frankreich gekommen bin.<\/p>\n<p>Ich hatte eine schwere Pollenunvertr\u00e4glichkeit, die mein Leben so sehr beeintr\u00e4chtigte.<\/p>\n<p>Obwohl ich an mir gearbeitet habe, um die Ursache f\u00fcr diese Intoleranz zu finden, und viele Dinge getan habe, hatte nichts eine Wirkung auf diese Intoleranz.<\/p>\n<p>Ich hatte das Gef\u00fchl (und das stimmte auch), dass es jedes Jahr schlimmer wurde.<\/p>\n<p>Bis letztes Jahr habe ich mir gesagt: \"Gott, schick mir eine L\u00f6sung, ich halte es nicht mehr aus.<\/p>\n<p>Und wenn man fragt, wenn man sucht, dann findet man und ich bekam die Antwort, die auch kam: Es war Olivier.<\/p>\n<p>Es war beeindruckend, sobald ich in seine Praxis kam, h\u00f6rte meine Intoleranz auf. Es gab ein Vorher und ein Nachher, noch bevor er \u00fcberhaupt etwas unternommen hatte.<\/p>\n<p>Und deshalb wollte ich sie einladen, weil ich wei\u00df, dass es viele Menschen gibt, vor allem jetzt, da die Pollenzeit ist, die unter dieser Empfindlichkeit und anderen Unvertr\u00e4glichkeiten leiden.<\/p>\n<p>Weil du auch die Unvertr\u00e4glichkeiten ansprichst.<\/p>\n<p><strong>Olivier <\/strong>:<\/p>\n<p>Ja Nat\u00fcrlich<\/p>\n<p><strong>Ana <\/strong>:<\/p>\n<p>Ich wollte diese Information mit Ihnen teilen, weil sie mein Leben ver\u00e4ndert hat.<\/p>\n<p>Ich h\u00e4tte diesen Live-Auftritt letztes Jahr zu dieser Zeit nicht machen k\u00f6nnen, weil ich zwei Monate oder l\u00e4nger \"behindert\" war.<\/p>\n<p>Ich war beeindruckt, denn als ich in deine Praxis kam, hatte er all diese Reagenzien und Informationen, und meine Intoleranz wurde sofort abgeschaltet.<\/p>\n<p>Am n\u00e4chsten Tag ging es wieder los wie eine Hekatombe. Aber du hast mir gesagt, ich solle warten. <a href=\"https:\/\/www.lumen-care.com\/de\/pollenkomplex\/\">die Phiole<\/a> und dass es ein bisschen l\u00e4nger dauert. Ich habe ihn gleich angezogen und das Ergebnis war beeindruckend.<\/p>\n<p>Ich will keine Werbung machen oder so.<\/p>\n<p>Es ist einfach so, dass ich es so toll fand, dass ich jahrelang so gelitten habe ... dass ich mir gesagt habe, das muss ich teilen.<\/p>\n<p>Ich kann diese kleinen Geheimnisse nicht f\u00fcr mich allein behalten!<\/p>\n<p>Weiterf\u00fchrende Informationen : <a href=\"https:\/\/www.lumen-care.com\/de\/pollenkomplex\/\">den Pollen-Komplex entdecken<\/a><\/p>","protected":false},"excerpt":{"rendered":"<p>Ana: Guten Abend, wir sind wieder da mit den Livesendungen auf dem Gipfel des Bewusstseins, und f\u00fcr diese erste Livesendung habe ich Olivier Coen eingeladen.  Olivier ist ein Forscher auf dem Gebiet der Energietherapie; das ist richtig Olivier Olivier: Das ist richtig Hallo und danke f\u00fcr die Einladung. Ana: Ich wollte einladen [...].","protected":false},"author":45,"featured_media":0,"comment_status":"closed","ping_status":"closed","sticky":false,"template":"","format":"standard","meta":{"inline_featured_image":false,"__cvm_playback_settings":[],"__cvm_video_id":"","footnotes":""},"categories":[1],"tags":[],"class_list":["post-3996","post","type-post","status-publish","format-standard","hentry","category-non-classe"],"vimeo_video":null,"_links":{"self":[{"href":"https:\/\/www.lumen-care.com\/de\/wp-json\/wp\/v2\/posts\/3996","targetHints":{"allow":["GET"]}}],"collection":[{"href":"https:\/\/www.lumen-care.com\/de\/wp-json\/wp\/v2\/posts"}],"about":[{"href":"https:\/\/www.lumen-care.com\/de\/wp-json\/wp\/v2\/types\/post"}],"author":[{"embeddable":true,"href":"https:\/\/www.lumen-care.com\/de\/wp-json\/wp\/v2\/users\/45"}],"replies":[{"embeddable":true,"href":"https:\/\/www.lumen-care.com\/de\/wp-json\/wp\/v2\/comments?post=3996"}],"version-history":[{"count":0,"href":"https:\/\/www.lumen-care.com\/de\/wp-json\/wp\/v2\/posts\/3996\/revisions"}],"wp:attachment":[{"href":"https:\/\/www.lumen-care.com\/de\/wp-json\/wp\/v2\/media?parent=3996"}],"wp:term":[{"taxonomy":"category","embeddable":true,"href":"https:\/\/www.lumen-care.com\/de\/wp-json\/wp\/v2\/categories?post=3996"},{"taxonomy":"post_tag","embeddable":true,"href":"https:\/\/www.lumen-care.com\/de\/wp-json\/wp\/v2\/tags?post=3996"}],"curies":[{"name":"wp","href":"https:\/\/api.w.org\/{rel}","templated":true}]}}