{"id":4069,"date":"2019-09-11T19:12:24","date_gmt":"2019-09-11T17:12:24","guid":{"rendered":"https:\/\/www.lumen-care.com\/?p=4069"},"modified":"2023-09-20T16:02:41","modified_gmt":"2023-09-20T14:02:41","slug":"fullt-sein-audiokabinett","status":"publish","type":"post","link":"https:\/\/www.lumen-care.com\/de\/fullt-sein-audiokabinett\/","title":{"rendered":"Die eigene Praxis f\u00fcllen und gleichzeitig anderen Menschen helfen - Aude"},"content":{"rendered":"<h2><\/h2>\n<div class=\"video video-fit mb\" style=\"padding-top:56.25%;\"><p><iframe title=\"Die Praxis mit der Behandlung von Empfindlichkeiten und Unvertr\u00e4glichkeiten f\u00fcllen_ Aude - kinesiologue.mp4\" width=\"1020\" height=\"574\" src=\"https:\/\/www.youtube.com\/embed\/jrn7vykG_yY?feature=oembed\" frameborder=\"0\" allow=\"accelerometer; autoplay; clipboard-write; encrypted-media; gyroscope; picture-in-picture; web-share\" referrerpolicy=\"strict-origin-when-cross-origin\" allowfullscreen><\/iframe><\/p>\n<\/div>\n\n\t<div id=\"col-1053505254\" class=\"col medium-6 small-12 large-6\"  >\n\t\t\t\t<div class=\"col-inner\"  >\n\t\t\t\n\t\t\t\t\t<\/div>\n\t\t\t\t\t<\/div>\n\n\t\n<a href=\"https:\/\/https:\/\/www.lumen-care.com\/catalogue-formations\/\" class=\"button primary is-shade box-shadow-3 box-shadow-5-hover\" style=\"border-radius:5px;\">\n\t\t<span>Lernen, Empfindlichkeiten und Intoleranzen zu deprogrammieren<\/span>\n\t<\/a>\n\n<p><strong>Transkription des Videos \u21d3.<\/strong><\/p>\n<p><span style=\"font-weight: 400;\">Mein Name ist Aude und ich bin Kinesiologin in den Alpes-Maritimes.\u00a0\u00a0<\/span><\/p>\n<p><span style=\"font-weight: 400;\">Ich bin gerade erst in die Region gezogen und habe vor etwas mehr als einem Jahr hier meine Praxis er\u00f6ffnet. Am Anfang war es nicht einfach, weil ich niemanden kannte.<\/span><\/p>\n<p><span style=\"font-weight: 400;\">Nach ein paar Monaten entschied ich mich daf\u00fcr, st\u00e4rker den <a href=\"https:\/\/www.lumen-care.com\/de\/ausbildung-therapeut\/\">Protokoll zur Desensibilisierung f\u00fcr Intoleranzen und Empfindlichkeiten der vibratorischen Reinformation<\/a> an dem ich seit einiger Zeit ausgebildet wurde.<\/span><\/p>\n<p><span style=\"font-weight: 400;\">Ich habe eine eigene Zeile in meine Geb\u00fchrenordnung aufgenommen und eine eigene Seite auf meiner Website eingerichtet.<\/span><\/p>\n<p><span style=\"font-weight: 400;\">Ich hatte mir schon gedacht, dass es neue Leute anzieht, aber ich h\u00e4tte mir nicht vorstellen k\u00f6nnen, wie sehr!<\/span><\/p>\n<p><span style=\"font-weight: 400;\">Es gibt so viele Menschen, die darunter leiden...\u00a0<\/span><\/p>\n<p><span style=\"font-weight: 400;\">Die Leute nehmen weite Wege auf sich, um zu mir zu kommen, was oft auf Mundpropaganda zur\u00fcckzuf\u00fchren ist. Da sich die Ergebnisse sehen lassen, erz\u00e4hlen meine Klienten auch in meinem Umfeld davon.<\/span><\/p>\n<p><span style=\"font-weight: 400;\">Manchmal kommen sie nur deswegen, aber h\u00e4ufig entscheiden sie sich daf\u00fcr, die psychoemotionale Arbeit mit mir fortzusetzen.<\/span><\/p>\n<p><span style=\"font-weight: 400;\">Es ist wirklich toll, die positiven R\u00fcckmeldungen zu sehen, die man bekommt, und diese Befriedigung, anderen in unserem Ma\u00dfstab zu helfen.\u00a0<\/span><\/p>\n<p><span style=\"font-weight: 400;\">Die meisten F\u00e4lle, die ich gesehen habe, kamen wegen Problemen mit Pollen und mit Milch und Gluten. Aber in der Regel stellt man fest, dass es mehr Unvertr\u00e4glichkeiten gibt ... und zum Gl\u00fcck behandelt man alles in einer einzigen Sitzung.<\/span><\/p>\n<p><span style=\"font-weight: 400;\">Heute hat sich die Besucherzahl der Kanzlei vervielfacht und ich habe keinen Zweifel daran, dass es in dieser Richtung weitergehen wird.\u00a0<\/span><\/p>\n<p><span style=\"font-weight: 400;\">Meine Klientinnen und Klienten sind begeistert und ich bin es auch.<\/span><\/p>\n<p>&nbsp;<\/p>\n<h2>Weitergehen<\/h2>\n<p>Wenn Sie wie Aude anderen Menschen helfen und gleichzeitig Ihr Gesch\u00e4ft ausbauen m\u00f6chten, m\u00fcssen Sie sich nur in Vibrational Reformation ausbilden lassen.<\/p>\n<p>Dieser Kurs dauert nur zwei Tage und wird eine echte Bereicherung f\u00fcr Ihre Praxis sein.<\/p>\n\n\t<div id=\"col-65625715\" class=\"col medium-6 small-12 large-6\"  >\n\t\t\t\t<div class=\"col-inner\"  >\n\t\t\t\n\t\t\t\t\t<\/div>\n\t\t\t\t\t<\/div>\n\n\t\n<a href=\"https:\/\/https:\/\/www.lumen-care.com\/catalogue-formations\/\" class=\"button primary is-shade box-shadow-3 box-shadow-5-hover\" style=\"border-radius:5px;\">\n\t\t<span>Lernen, Empfindlichkeiten und Intoleranzen zu deprogrammieren<\/span>\n\t<\/a>","protected":false},"excerpt":{"rendered":"<p>Transkription des Videos \u21d3 Mein Name ist Aude und ich bin Kinesiologin in den Alpes-Maritimes.   Da ich gerade erst in die Region gezogen bin, habe ich vor etwas mehr als einem Jahr hier meine Praxis er\u00f6ffnet. Am Anfang war es nicht einfach, weil ich niemanden kannte. Nach ein paar Monaten habe ich mich entschieden, mehr [...].","protected":false},"author":45,"featured_media":4102,"comment_status":"closed","ping_status":"closed","sticky":false,"template":"","format":"standard","meta":{"inline_featured_image":false,"__cvm_playback_settings":[],"__cvm_video_id":"","footnotes":""},"categories":[89],"tags":[],"class_list":["post-4069","post","type-post","status-publish","format-standard","has-post-thumbnail","hentry","category-temoignages"],"vimeo_video":null,"_links":{"self":[{"href":"https:\/\/www.lumen-care.com\/de\/wp-json\/wp\/v2\/posts\/4069","targetHints":{"allow":["GET"]}}],"collection":[{"href":"https:\/\/www.lumen-care.com\/de\/wp-json\/wp\/v2\/posts"}],"about":[{"href":"https:\/\/www.lumen-care.com\/de\/wp-json\/wp\/v2\/types\/post"}],"author":[{"embeddable":true,"href":"https:\/\/www.lumen-care.com\/de\/wp-json\/wp\/v2\/users\/45"}],"replies":[{"embeddable":true,"href":"https:\/\/www.lumen-care.com\/de\/wp-json\/wp\/v2\/comments?post=4069"}],"version-history":[{"count":0,"href":"https:\/\/www.lumen-care.com\/de\/wp-json\/wp\/v2\/posts\/4069\/revisions"}],"wp:featuredmedia":[{"embeddable":true,"href":"https:\/\/www.lumen-care.com\/de\/wp-json\/wp\/v2\/media\/4102"}],"wp:attachment":[{"href":"https:\/\/www.lumen-care.com\/de\/wp-json\/wp\/v2\/media?parent=4069"}],"wp:term":[{"taxonomy":"category","embeddable":true,"href":"https:\/\/www.lumen-care.com\/de\/wp-json\/wp\/v2\/categories?post=4069"},{"taxonomy":"post_tag","embeddable":true,"href":"https:\/\/www.lumen-care.com\/de\/wp-json\/wp\/v2\/tags?post=4069"}],"curies":[{"name":"wp","href":"https:\/\/api.w.org\/{rel}","templated":true}]}}