{"id":5207,"date":"2020-03-05T17:50:57","date_gmt":"2020-03-05T16:50:57","guid":{"rendered":"https:\/\/www.lumen-care.com\/?p=5207"},"modified":"2022-08-26T14:46:02","modified_gmt":"2022-08-26T12:46:02","slug":"eine-ausbildung-in-ganzheitlichen-therapien-ein-aktualisierter-leitfaden-mit-den-besten-optionen-die-in-betracht-gezogen-werden-sollten-mit-statistiken-als-grundlage","status":"publish","type":"post","link":"https:\/\/www.lumen-care.com\/de\/eine-ausbildung-in-ganzheitlichen-therapien-ein-aktualisierter-leitfaden-mit-den-besten-optionen-die-in-betracht-gezogen-werden-sollten-mit-statistiken-als-grundlage\/","title":{"rendered":"Ausbildung in ganzheitlichen Therapien: Aktualisierter Leitfaden zu den besten in Betracht zu ziehenden Optionen mit statistischen Belegen"},"content":{"rendered":"<div data-elementor-type=\"wp-post\" data-elementor-id=\"5207\" class=\"elementor elementor-5207\" data-elementor-post-type=\"post\">\n\t\t\t\t\t\t<section data-particle_enable=\"false\" data-particle-mobile-disabled=\"false\" class=\"elementor-section elementor-top-section elementor-element elementor-element-523b5af2 elementor-section-boxed elementor-section-height-default elementor-section-height-default\" data-id=\"523b5af2\" data-element_type=\"section\" data-e-type=\"section\">\n\t\t\t\t\t\t<div class=\"elementor-container elementor-column-gap-default\">\n\t\t\t\t\t<div class=\"elementor-column elementor-col-100 elementor-top-column elementor-element elementor-element-281a1d9e\" data-id=\"281a1d9e\" data-element_type=\"column\" data-e-type=\"column\">\n\t\t\t<div class=\"elementor-widget-wrap elementor-element-populated\">\n\t\t\t\t\t\t<div class=\"elementor-element elementor-element-00f98ea elementor-widget elementor-widget-text-editor\" data-id=\"00f98ea\" data-element_type=\"widget\" data-e-type=\"widget\" data-widget_type=\"text-editor.default\">\n\t\t\t\t<div class=\"elementor-widget-container\">\n\t\t\t\t\t\t\t\t\t<p>\"Der Bereich der ganzheitlichen Therapien w\u00e4chst rasant. Die Praktiken der ganzheitlichen Therapien in der westlichen Welt nahmen in den 1960er Jahren als Reaktion auf die Besorgnis \u00fcber die medikament\u00f6se Behandlung durch die Schulmedizin und deren Unf\u00e4higkeit, Patienten als Menschen zu betrachten, sondern als K\u00f6rperteile, die untersucht und erforscht werden m\u00fcssen, einen Aufschwung. Dar\u00fcber hinaus trug auch die Tendenz der Medizin, nur die Symptome zu behandeln, anstatt die Grundursache zu finden und zu behandeln oder einen multifaktoriellen Zusammenfluss anzugehen, zum Wiederaufleben und zur exponentiellen Entwicklung der ganzheitlichen Therapien bei.\"<\/p>\t\t\t\t\t\t\t\t<\/div>\n\t\t\t\t<\/div>\n\t\t\t\t\t<\/div>\n\t\t<\/div>\n\t\t\t\t\t<\/div>\n\t\t<\/section>\n\t\t\t\t<section data-particle_enable=\"false\" data-particle-mobile-disabled=\"false\" class=\"elementor-section elementor-top-section elementor-element elementor-element-1793f1c elementor-section-boxed elementor-section-height-default elementor-section-height-default\" data-id=\"1793f1c\" data-element_type=\"section\" data-e-type=\"section\" id=\"therapie-holistique\">\n\t\t\t\t\t\t<div class=\"elementor-container elementor-column-gap-default\">\n\t\t\t\t\t<div class=\"elementor-column elementor-col-100 elementor-top-column elementor-element elementor-element-830a0b2\" data-id=\"830a0b2\" data-element_type=\"column\" data-e-type=\"column\">\n\t\t\t<div class=\"elementor-widget-wrap elementor-element-populated\">\n\t\t\t\t\t\t<div class=\"elementor-element elementor-element-f78d267 elementor-widget elementor-widget-heading\" data-id=\"f78d267\" data-element_type=\"widget\" data-e-type=\"widget\" data-widget_type=\"heading.default\">\n\t\t\t\t<div class=\"elementor-widget-container\">\n\t\t\t\t\t<h2 class=\"elementor-heading-title elementor-size-default\">GANZHEITLICHE THERAPIE: URSPRUNG UND ETYMOLOGIE<\/h2>\t\t\t\t<\/div>\n\t\t\t\t<\/div>\n\t\t\t\t<div class=\"elementor-element elementor-element-ec24036 elementor-widget-divider--view-line elementor-widget elementor-widget-divider\" data-id=\"ec24036\" data-element_type=\"widget\" data-e-type=\"widget\" data-widget_type=\"divider.default\">\n\t\t\t\t<div class=\"elementor-widget-container\">\n\t\t\t\t\t\t\t<div class=\"elementor-divider\">\n\t\t\t<span class=\"elementor-divider-separator\">\n\t\t\t\t\t\t<\/span>\n\t\t<\/div>\n\t\t\t\t\t\t<\/div>\n\t\t\t\t<\/div>\n\t\t\t\t<div class=\"elementor-element elementor-element-6246a3b elementor-widget elementor-widget-text-editor\" data-id=\"6246a3b\" data-element_type=\"widget\" data-e-type=\"widget\" data-widget_type=\"text-editor.default\">\n\t\t\t\t<div class=\"elementor-widget-container\">\n\t\t\t\t\t\t\t\t\t<p><span style=\"font-size: 80%; color: #808080;\"><span style=\"font-weight: 400;\">Der Ausdruck <\/span><b>ganzheitlich<\/b><span style=\"font-weight: 400;\"> ist vom griechischen Wort \"holos\" abgeleitet, das \"alles\", \"ganz\" bedeutet. Das Wort Therapie wiederum leitet sich von dem Wort \"therapeia\" ab, das \"Kur\", \"pflegen\", \"behandeln\" bedeutet.<\/span><\/span><\/p><p><span style=\"font-weight: 400; font-size: 80%; color: #808080;\">Eine ganzheitliche Therapie w\u00e4re also w\u00f6rtlich und etymologisch gesehen eine Praxis, die darauf abzielt, die Person in ihrer Ganzheit und Globalit\u00e4t zu behandeln.\u00a0<\/span><\/p><p><span style=\"font-weight: 400; font-size: 80%; color: #808080;\">Anstatt nur ein unmittelbares Symptom zu behandeln, sucht ein ganzheitlicher Therapeut nach der zugrunde liegenden Ursache, indem er den aktuellen Zustand der Gesundheit und des Wohlbefindens auf k\u00f6rperlicher, mentaler, emotionaler und sogar sozialer und spiritueller Ebene untersucht. Anschlie\u00dfend wird er sich bem\u00fchen, das nat\u00fcrliche Gleichgewicht des Organismus wiederherzustellen, um eine dauerhaftere und befriedigendere Lebensqualit\u00e4t zu erreichen.<\/span><\/p><p><span style=\"font-weight: 400; font-size: 80%; color: #808080;\">Obwohl sie jahrhundertelang wirksam eingesetzt wurde, erkennt die wissenschaftliche Gemeinschaft heute die Bedeutung der ganzheitlichen Therapie f\u00fcr die Aufrechterhaltung einer guten Gesundheit und des allgemeinen Wohlbefindens an.<\/span><\/p>\t\t\t\t\t\t\t\t<\/div>\n\t\t\t\t<\/div>\n\t\t\t\t<div class=\"elementor-element elementor-element-6b944f0 elementor-widget elementor-widget-heading\" data-id=\"6b944f0\" data-element_type=\"widget\" data-e-type=\"widget\" data-widget_type=\"heading.default\">\n\t\t\t\t<div class=\"elementor-widget-container\">\n\t\t\t\t\t<h4 class=\"elementor-heading-title elementor-size-default\">Die Prinzipien<\/h4>\t\t\t\t<\/div>\n\t\t\t\t<\/div>\n\t\t\t\t<section data-particle_enable=\"false\" data-particle-mobile-disabled=\"false\" class=\"elementor-section elementor-inner-section elementor-element elementor-element-876a3cd elementor-section-height-min-height elementor-section-boxed elementor-section-height-default\" data-id=\"876a3cd\" data-element_type=\"section\" data-e-type=\"section\" data-settings=\"{&quot;background_background&quot;:&quot;classic&quot;}\">\n\t\t\t\t\t\t<div class=\"elementor-container elementor-column-gap-default\">\n\t\t\t\t\t<div class=\"elementor-column elementor-col-100 elementor-inner-column elementor-element elementor-element-dcd6dde\" data-id=\"dcd6dde\" data-element_type=\"column\" data-e-type=\"column\">\n\t\t\t<div class=\"elementor-widget-wrap\">\n\t\t\t\t\t\t\t<\/div>\n\t\t<\/div>\n\t\t\t\t\t<\/div>\n\t\t<\/section>\n\t\t\t\t<div class=\"elementor-element elementor-element-6eb6583 elementor-widget elementor-widget-text-editor\" data-id=\"6eb6583\" data-element_type=\"widget\" data-e-type=\"widget\" data-widget_type=\"text-editor.default\">\n\t\t\t\t<div class=\"elementor-widget-container\">\n\t\t\t\t\t\t\t\t\t<p><span style=\"font-weight: 400; font-size: 80%; color: #808080;\">Die ganzheitliche Therapie basiert auf energetischen (chinesische Medizin, Lithotherapie... ), magnetischen (Magnete, Geobiologie... ), mentalen (analytischen oder nicht analytischen), umweltbezogenen (\u00d6kologie und Gesundheit), soziokulturellen (Einfluss von Medien, Bildung, Kunst...) und transpersonalen (oder spirituellen) Ans\u00e4tzen. Die ganzheitliche Therapie ist eine nicht konventionelle Medizin, die sich auf die Prinzipien des Holismus (der sich f\u00fcr seinen Gegenstand in seiner Gesamtheit interessiert) und auf Methoden st\u00fctzt, die auf der \"Ganzheitlichkeit des Menschen\" beruhen.\u00a0<\/span><\/p><p><span style=\"font-weight: 400; font-size: 80%; color: #808080;\">Der ganzheitliche Ansatz beruht auf dem Glauben, dass die gesamte Person aus voneinander abh\u00e4ngigen Teilen besteht und dass, wenn ein Teil nicht richtig funktioniert, alle anderen Teile davon betroffen sind. Zu diesen Grunds\u00e4tzen geh\u00f6ren unter anderem :<\/span><\/p><ul><li style=\"font-weight: 400;\"><span style=\"font-weight: 400; font-size: 80%; color: #808080;\">Bedingungslose Liebe und Unterst\u00fctzung sind die m\u00e4chtigsten Heiler.<\/span><\/li><li style=\"font-weight: 400;\"><span style=\"font-weight: 400; font-size: 80%; color: #808080;\">Eine Person ist f\u00fcr ihre eigene Gesundheit und ihr eigenes Wohlbefinden verantwortlich.<\/span><\/li><li style=\"font-weight: 400;\"><span style=\"font-weight: 400; font-size: 80%; color: #808080;\">Jeder menschliche K\u00f6rper hat eine angeborene F\u00e4higkeit zur Selbstheilung.<\/span><\/li><li style=\"font-weight: 400;\"><span style=\"font-weight: 400; font-size: 80%; color: #808080;\">Heilung betrifft alle Aspekte des Lebens einer Person.<\/span><\/li><li style=\"font-weight: 400;\"><span style=\"font-weight: 400; font-size: 80%; color: #808080;\">Bei der Behandlung geht es darum, die Ursache der Erkrankung zu beheben und nicht nur die Symptome zu lindern.<\/span><\/li><\/ul>\t\t\t\t\t\t\t\t<\/div>\n\t\t\t\t<\/div>\n\t\t\t\t\t<\/div>\n\t\t<\/div>\n\t\t\t\t\t<\/div>\n\t\t<\/section>\n\t\t\t\t<section data-particle_enable=\"false\" data-particle-mobile-disabled=\"false\" class=\"elementor-section elementor-top-section elementor-element elementor-element-888b994 elementor-section-boxed elementor-section-height-default elementor-section-height-default\" data-id=\"888b994\" data-element_type=\"section\" data-e-type=\"section\">\n\t\t\t\t\t\t<div class=\"elementor-container elementor-column-gap-default\">\n\t\t\t\t\t<div class=\"elementor-column elementor-col-100 elementor-top-column elementor-element elementor-element-c9c6465\" data-id=\"c9c6465\" data-element_type=\"column\" data-e-type=\"column\">\n\t\t\t<div class=\"elementor-widget-wrap elementor-element-populated\">\n\t\t\t\t\t\t<div class=\"elementor-element elementor-element-05619d0 elementor-widget elementor-widget-heading\" data-id=\"05619d0\" data-element_type=\"widget\" data-e-type=\"widget\" data-widget_type=\"heading.default\">\n\t\t\t\t<div class=\"elementor-widget-container\">\n\t\t\t\t\t<h2 class=\"elementor-heading-title elementor-size-default\">AKTUELLER STATUS UND ZUKUNFTSAUSSICHTEN<\/h2>\t\t\t\t<\/div>\n\t\t\t\t<\/div>\n\t\t\t\t<div class=\"elementor-element elementor-element-8c07fed elementor-widget-divider--view-line elementor-widget elementor-widget-divider\" data-id=\"8c07fed\" data-element_type=\"widget\" data-e-type=\"widget\" data-widget_type=\"divider.default\">\n\t\t\t\t<div class=\"elementor-widget-container\">\n\t\t\t\t\t\t\t<div class=\"elementor-divider\">\n\t\t\t<span class=\"elementor-divider-separator\">\n\t\t\t\t\t\t<\/span>\n\t\t<\/div>\n\t\t\t\t\t\t<\/div>\n\t\t\t\t<\/div>\n\t\t\t\t<div class=\"elementor-element elementor-element-fba569b elementor-widget elementor-widget-text-editor\" data-id=\"fba569b\" data-element_type=\"widget\" data-e-type=\"widget\" data-widget_type=\"text-editor.default\">\n\t\t\t\t<div class=\"elementor-widget-container\">\n\t\t\t\t\t\t\t\t\t<p><span style=\"font-weight: 400; font-size: 80%;\">Ganzheitliche Therapiepraktiken in der westlichen Welt nahmen in den 1960er Jahren als Reaktion auf die Besorgnis \u00fcber die medikament\u00f6se Behandlung durch die Schulmedizin und deren Unf\u00e4higkeit, Patienten als Menschen zu betrachten, sondern als K\u00f6rperteile, die untersucht und erforscht werden m\u00fcssen, ihren Aufschwung. Die Menschen wollten einen nat\u00fcrlicheren und menschlicheren Ansatz in der Gesundheitsf\u00fcrsorge.  Die Tendenz der Medizin, nur die Symptome zu behandeln, anstatt die eigentliche Ursache zu finden und zu behandeln oder einen multifaktoriellen Zusammenfluss anzugehen, hat ebenfalls zum Wiederaufleben und zur exponentiellen Entwicklung ganzheitlicher Therapien beigetragen.<\/span><\/p><p><span style=\"font-weight: 400; font-size: 80%;\">Viele Menschen, die das Gef\u00fchl hatten, dass die moderne Medizin versagt hat, haben sich der ganzheitlichen Medizin zugewandt, in der Hoffnung, dass ihre Behandler die komplexe Natur ihrer Krankheit verstehen, der\/den Ursache(n) des Problems auf den Grund gehen und ihre Behandlung auf die gesamte Person ausrichten.<\/span><\/p><p><span style=\"font-weight: 400; font-size: 80%;\">Jemand, der unter chronischen Schmerzen leidet, kann sich z. B. an einen ganzheitlichen Therapeuten wenden, um die m\u00f6glichen psychoemotionalen Quellen seines Leidens zu erkunden. Stress und Angst k\u00f6nnen zu chronischen Schmerzen beitragen, und wenn ein emotionales Problem oder ein fr\u00fcheres Trauma die Quelle dieses Stresses ist, kann die Auseinandersetzung damit die chronischen Schmerzen bis zu einem gewissen Grad lindern.\u00a0<\/span><\/p><p><span style=\"font-weight: 400; font-size: 80%;\">Es ist wichtig, sich daran zu erinnern, dass eine ganzheitliche Therapie nicht unbedingt die Schulmedizin ausschlie\u00dft; sie kann die Einbeziehung erg\u00e4nzender Techniken bedeuten. W\u00e4hrend Medikamente tats\u00e4chlich Teil der Behandlung einer Person sein k\u00f6nnen, kann ein ganzheitlicher Ansatz auch andere Behandlungen umfassen, z. B. kognitive Verhaltenstherapie zur Behandlung ungel\u00f6ster Probleme und Ausl\u00f6ser, Entspannungstechniken, Massagen usw.<\/span><\/p><p><span style=\"font-weight: 400; font-size: 80%;\">Die Akzeptanz ganzheitlicher Behandlungsmethoden nimmt zu. In diesem Zusammenhang werden immer h\u00e4ufiger komplement\u00e4re und alternative Behandlungsmethoden eingesetzt. Im Jahr 2007 nahmen 38,3 % der Erwachsenen und 11,8 % der Kinder laut dem Nationalen Zentrum f\u00fcr komplement\u00e4re und integrative Gesundheit eine Form der komplement\u00e4ren oder alternativen Medizin in Anspruch.<\/span><\/p><p><span style=\"font-weight: 400; font-size: 80%;\">Im Jahr 2015 z\u00e4hlte die Weltgesundheitsorganisation (WHO) fast vierhundert \"komplement\u00e4re\", \"alternative\" oder \"traditionelle\" Medizinarten, von denen mehr als f\u00fcnfzig als \"ganzheitlich\" bezeichnet wurden. Ebenso gaben 2015 fast 6 115 franz\u00f6sische \u00c4rzte einen Titel oder eine Fachrichtung der Alternativ- und Komplement\u00e4rmedizin an.\u00a0<\/span><\/p><p><span style=\"font-weight: 400; font-size: 80%;\">Von 40% im Jahr 2015 ist die Nutzung von Alternativmedizin in Frankreich einer Studie zufolge bis 2018 auf 58% gestiegen. Ein Anteil, der bei Menschen mit schweren oder chronischen Krankheiten steigt. Besonders erfolgreich ist die Hom\u00f6opathie: 56 % der Franzosen haben sie bereits in Anspruch genommen. Frankreich ist das gr\u00f6\u00dfte Land, das hom\u00f6opathische Arzneimittel herstellt.<\/span><\/p><p><span style=\"font-weight: 400; font-size: 80%;\">Die Tatsache, dass die medizinische Gemeinschaft heute beginnt, die Bedeutung der ganzheitlichen Therapie f\u00fcr die Aufrechterhaltung einer guten Gesundheit und des allgemeinen Wohlbefindens anzuerkennen, ist ein Faktor, der zur nachhaltigen Etablierung der ganzheitlichen Therapie beitr\u00e4gt.<\/span><\/p>\t\t\t\t\t\t\t\t<\/div>\n\t\t\t\t<\/div>\n\t\t\t\t\t<\/div>\n\t\t<\/div>\n\t\t\t\t\t<\/div>\n\t\t<\/section>\n\t\t\t\t<section data-particle_enable=\"false\" data-particle-mobile-disabled=\"false\" class=\"elementor-section elementor-top-section elementor-element elementor-element-19f065f elementor-section-boxed elementor-section-height-default elementor-section-height-default\" data-id=\"19f065f\" data-element_type=\"section\" data-e-type=\"section\">\n\t\t\t\t\t\t<div class=\"elementor-container elementor-column-gap-default\">\n\t\t\t\t\t<div class=\"elementor-column elementor-col-100 elementor-top-column elementor-element elementor-element-466104c\" data-id=\"466104c\" data-element_type=\"column\" data-e-type=\"column\">\n\t\t\t<div class=\"elementor-widget-wrap elementor-element-populated\">\n\t\t\t\t\t\t<div class=\"elementor-element elementor-element-feaccd1 elementor-widget elementor-widget-heading\" data-id=\"feaccd1\" data-element_type=\"widget\" data-e-type=\"widget\" data-widget_type=\"heading.default\">\n\t\t\t\t<div class=\"elementor-widget-container\">\n\t\t\t\t\t<h2 class=\"elementor-heading-title elementor-size-default\">WELCHE THERAPIEN SIND DERZEIT GEWINNBRINGEND?\u00a0<\/h2>\t\t\t\t<\/div>\n\t\t\t\t<\/div>\n\t\t\t\t<div class=\"elementor-element elementor-element-c907e2c elementor-widget-divider--view-line elementor-widget elementor-widget-divider\" data-id=\"c907e2c\" data-element_type=\"widget\" data-e-type=\"widget\" data-widget_type=\"divider.default\">\n\t\t\t\t<div class=\"elementor-widget-container\">\n\t\t\t\t\t\t\t<div class=\"elementor-divider\">\n\t\t\t<span class=\"elementor-divider-separator\">\n\t\t\t\t\t\t<\/span>\n\t\t<\/div>\n\t\t\t\t\t\t<\/div>\n\t\t\t\t<\/div>\n\t\t\t\t<div class=\"elementor-element elementor-element-5292f17 elementor-widget elementor-widget-heading\" data-id=\"5292f17\" data-element_type=\"widget\" data-e-type=\"widget\" data-widget_type=\"heading.default\">\n\t\t\t\t<div class=\"elementor-widget-container\">\n\t\t\t\t\t<h2 class=\"elementor-heading-title elementor-size-default\">Die Sophrologie<\/h2>\t\t\t\t<\/div>\n\t\t\t\t<\/div>\n\t\t\t\t<section data-particle_enable=\"false\" data-particle-mobile-disabled=\"false\" class=\"elementor-section elementor-inner-section elementor-element elementor-element-15dbeef elementor-section-height-min-height elementor-section-boxed elementor-section-height-default\" data-id=\"15dbeef\" data-element_type=\"section\" data-e-type=\"section\" data-settings=\"{&quot;background_background&quot;:&quot;classic&quot;}\">\n\t\t\t\t\t\t<div class=\"elementor-container elementor-column-gap-default\">\n\t\t\t\t\t<div class=\"elementor-column elementor-col-100 elementor-inner-column elementor-element elementor-element-59eaa4b\" data-id=\"59eaa4b\" data-element_type=\"column\" data-e-type=\"column\">\n\t\t\t<div class=\"elementor-widget-wrap\">\n\t\t\t\t\t\t\t<\/div>\n\t\t<\/div>\n\t\t\t\t\t<\/div>\n\t\t<\/section>\n\t\t\t\t<div class=\"elementor-element elementor-element-6c267a4 elementor-widget elementor-widget-spacer\" data-id=\"6c267a4\" data-element_type=\"widget\" data-e-type=\"widget\" data-widget_type=\"spacer.default\">\n\t\t\t\t<div class=\"elementor-widget-container\">\n\t\t\t\t\t\t\t<div class=\"elementor-spacer\">\n\t\t\t<div class=\"elementor-spacer-inner\"><\/div>\n\t\t<\/div>\n\t\t\t\t\t\t<\/div>\n\t\t\t\t<\/div>\n\t\t\t\t<div class=\"elementor-element elementor-element-1e9077b elementor-widget elementor-widget-text-editor\" data-id=\"1e9077b\" data-element_type=\"widget\" data-e-type=\"widget\" data-widget_type=\"text-editor.default\">\n\t\t\t\t<div class=\"elementor-widget-container\">\n\t\t\t\t\t\t\t\t\t<p><span style=\"font-weight: 400; font-size: 80%;\">Der Begriff Sophrologie leitet sich von drei griechischen Begriffen ab: \"s\u00f4s\" bedeutet harmonisch, \"phren\" bezeichnet den Geist und \"logos\" bezieht sich auf die Wissenschaft. Die Sophrologie ist eine k\u00f6rperorientierte Methode, die als therapeutische Technik eingesetzt wird und es Menschen erm\u00f6glicht, das Gleichgewicht zwischen ihren Emotionen, ihrer Kognition und ihrem Verhalten zu st\u00e4rken, um auf Ressourcen zuzugreifen und so ihre Anpassungs- und Handlungsf\u00e4higkeit zu mobilisieren, um ihre Lebensbedingungen zu verbessern.\u00a0<\/span><\/p><p><span style=\"font-weight: 400; font-size: 80%;\">Die Sophrologie wurde Anfang der 1960er Jahre in Madrid von Alfonso Caycedo (1932-2017) begr\u00fcndet. Sie ist eine ausschlie\u00dflich verbale und nicht-taktile Methode, die auf den K\u00f6rper und den Geist wirkt.\u00a0<\/span><\/p><p><span style=\"font-weight: 400; font-size: 80%;\">In Frankreich haben laut einer Umfrage der Chambre Syndicale de la Sophrologie mehr als 94% Menschen bereits von Sophrologie geh\u00f6rt und 11 Millionen geben an, sie bereits praktiziert zu haben. Die Zahlen zeigen, dass 53% der h\u00e4ufig gestressten Menschen in Frankreich bereit sind, Sophrologie auszuprobieren, um ihre Gesundheit zu verbessern. Im Verzeichnis der Gelben Seiten wurden zwischen 2013 und 2016 mehr als 3,3 Millionen Suchanfragen nach Sophrologen beobachtet.<\/span><b><\/b><\/p>\t\t\t\t\t\t\t\t<\/div>\n\t\t\t\t<\/div>\n\t\t\t\t<div class=\"elementor-element elementor-element-28233ca elementor-widget elementor-widget-heading\" data-id=\"28233ca\" data-element_type=\"widget\" data-e-type=\"widget\" data-widget_type=\"heading.default\">\n\t\t\t\t<div class=\"elementor-widget-container\">\n\t\t\t\t\t<h2 class=\"elementor-heading-title elementor-size-default\">Hom\u00f6opathie<\/h2>\t\t\t\t<\/div>\n\t\t\t\t<\/div>\n\t\t\t\t<section data-particle_enable=\"false\" data-particle-mobile-disabled=\"false\" class=\"elementor-section elementor-inner-section elementor-element elementor-element-0d470c1 elementor-section-height-min-height elementor-section-boxed elementor-section-height-default\" data-id=\"0d470c1\" data-element_type=\"section\" data-e-type=\"section\" data-settings=\"{&quot;background_background&quot;:&quot;classic&quot;}\">\n\t\t\t\t\t\t<div class=\"elementor-container elementor-column-gap-default\">\n\t\t\t\t\t<div class=\"elementor-column elementor-col-100 elementor-inner-column elementor-element elementor-element-66b96cb\" data-id=\"66b96cb\" data-element_type=\"column\" data-e-type=\"column\">\n\t\t\t<div class=\"elementor-widget-wrap\">\n\t\t\t\t\t\t\t<\/div>\n\t\t<\/div>\n\t\t\t\t\t<\/div>\n\t\t<\/section>\n\t\t\t\t<div class=\"elementor-element elementor-element-019209e elementor-widget elementor-widget-spacer\" data-id=\"019209e\" data-element_type=\"widget\" data-e-type=\"widget\" data-widget_type=\"spacer.default\">\n\t\t\t\t<div class=\"elementor-widget-container\">\n\t\t\t\t\t\t\t<div class=\"elementor-spacer\">\n\t\t\t<div class=\"elementor-spacer-inner\"><\/div>\n\t\t<\/div>\n\t\t\t\t\t\t<\/div>\n\t\t\t\t<\/div>\n\t\t\t\t<div class=\"elementor-element elementor-element-85c6d00 elementor-widget elementor-widget-text-editor\" data-id=\"85c6d00\" data-element_type=\"widget\" data-e-type=\"widget\" data-widget_type=\"text-editor.default\">\n\t\t\t\t<div class=\"elementor-widget-container\">\n\t\t\t\t\t\t\t\t\t<p><span style=\"font-weight: 400; font-size: 80%;\">Ihr Begr\u00fcnder, der deutsche Arzt Samuel Christian Hahnemann (1755-1843), stellte die Hypothese auf, dass man ein Heilmittel anhand der \u00dcbereinstimmung zwischen den von der Pflanze erzeugten Symptomen und den Krankheitssymptomen des Patienten ausw\u00e4hlen kann. Er nannte dies das \"Prinzip der \u00c4hnlichkeiten\". Beispielsweise wird die Brennnessel, die bei Ber\u00fchrung eine Hautreizung hervorruft, nach Verd\u00fcnnung gegen Nesselsucht wirksam sein. Da die Hom\u00f6opathie in infinitesimalen oder molekular potenziell vorhandenen Dosen verabreicht wird, herrscht in der wissenschaftlichen Gemeinschaft eine starke Skepsis hinsichtlich ihrer G\u00fcltigkeit.\u00a0<\/span><\/p><p><span style=\"font-weight: 400; font-size: 80%;\">50% der Franzosen haben bereits hom\u00f6opathische Arzneimittel verwendet. Tats\u00e4chlich zeigen die neuesten Statistiken, dass 3 von 4 Franzosen schon einmal im Laufe ihres Lebens Hom\u00f6opathie eingenommen haben. 74% der Anwender halten diese hom\u00f6opathischen Arzneimittel f\u00fcr wirksam. Im Falle von Krebs beispielsweise nutzen 20% der Patienten Hom\u00f6opathie als unterst\u00fctzende Behandlung, um die Nebenwirkungen der Krebsbehandlung zu verringern.\u00a0<\/span><\/p><p><span style=\"font-weight: 400; font-size: 80%;\">Dar\u00fcber hinaus gab es 2004 fast 3581 hom\u00f6opathische \u00c4rzte, die beim Conseil National de l'Ordre registriert waren.<\/span><\/p><p><span style=\"font-weight: 400; font-size: 80%;\">W\u00e4hrend 1982 nur 16 % der Franzosen angaben, zumindest gelegentlich auf Hom\u00f6opathie zur\u00fcckzugreifen, waren es im Jahr 2000 bereits 40 %. Von den M\u00fcttern hatten 58 % in den letzten 12 Monaten Hom\u00f6opathika verwendet, haupts\u00e4chlich zur Behandlung von Kindern und kleineren Verletzungen.<\/span><\/p><p><span style=\"font-weight: 400; font-size: 80%;\">Trotz der Verunglimpfungsversuche und der angek\u00fcndigten Aufhebung der Kostenerstattung f\u00fcr hom\u00f6opathische Arzneimittel ist die Begeisterung der Franzosen f\u00fcr diesen Ansatz ungebrochen.<\/span><b><\/b><\/p>\t\t\t\t\t\t\t\t<\/div>\n\t\t\t\t<\/div>\n\t\t\t\t<div class=\"elementor-element elementor-element-d93f929 elementor-widget elementor-widget-heading\" data-id=\"d93f929\" data-element_type=\"widget\" data-e-type=\"widget\" data-widget_type=\"heading.default\">\n\t\t\t\t<div class=\"elementor-widget-container\">\n\t\t\t\t\t<h2 class=\"elementor-heading-title elementor-size-default\">Osteopathie<\/h2>\t\t\t\t<\/div>\n\t\t\t\t<\/div>\n\t\t\t\t<section data-particle_enable=\"false\" data-particle-mobile-disabled=\"false\" class=\"elementor-section elementor-inner-section elementor-element elementor-element-15c09c3 elementor-section-height-min-height elementor-section-boxed elementor-section-height-default\" data-id=\"15c09c3\" data-element_type=\"section\" data-e-type=\"section\" data-settings=\"{&quot;background_background&quot;:&quot;classic&quot;}\">\n\t\t\t\t\t\t<div class=\"elementor-container elementor-column-gap-default\">\n\t\t\t\t\t<div class=\"elementor-column elementor-col-100 elementor-inner-column elementor-element elementor-element-ad936e6\" data-id=\"ad936e6\" data-element_type=\"column\" data-e-type=\"column\">\n\t\t\t<div class=\"elementor-widget-wrap\">\n\t\t\t\t\t\t\t<\/div>\n\t\t<\/div>\n\t\t\t\t\t<\/div>\n\t\t<\/section>\n\t\t\t\t<div class=\"elementor-element elementor-element-d889692 elementor-widget elementor-widget-spacer\" data-id=\"d889692\" data-element_type=\"widget\" data-e-type=\"widget\" data-widget_type=\"spacer.default\">\n\t\t\t\t<div class=\"elementor-widget-container\">\n\t\t\t\t\t\t\t<div class=\"elementor-spacer\">\n\t\t\t<div class=\"elementor-spacer-inner\"><\/div>\n\t\t<\/div>\n\t\t\t\t\t\t<\/div>\n\t\t\t\t<\/div>\n\t\t\t\t<div class=\"elementor-element elementor-element-fc7821c elementor-widget elementor-widget-text-editor\" data-id=\"fc7821c\" data-element_type=\"widget\" data-e-type=\"widget\" data-widget_type=\"text-editor.default\">\n\t\t\t\t<div class=\"elementor-widget-container\">\n\t\t\t\t\t\t\t\t\t<p><span style=\"font-weight: 400; font-size: 80%;\">Der Begriff Osteopathie leitet sich aus der Kombination der griechischen Wurzeln zu \"osteon\", was Knochen (osteo) bedeutet, und \"pathos\", was Leiden (pathie) bedeutet, ab. Die Osteopathie ist eine manuelle Therapie, die 1874 von Dr. Andrew Taylor Still in den USA entwickelt wurde. Sie erm\u00f6glicht es, Einschr\u00e4nkungen der Beweglichkeit verschiedener K\u00f6rperstrukturen (Knochen, Organe, Muskeln, Eingeweide, B\u00e4nder usw.), die zu Funktionsst\u00f6rungen f\u00fchren k\u00f6nnen, manuell zu erkennen und zu behandeln.<\/span><\/p><p><span style=\"font-weight: 400; font-size: 80%;\">\u00a0Die Osteopathie entwickelte sich in Frankreich in den 1950er Jahren, wurde aber erst am 4. M\u00e4rz 2002 mit dem Gesetz Nr. 2003-303 gesetzlich anerkannt. Zu diesem Zeitpunkt gab es in Frankreich nur 4 000 Personen, die den Titel Osteopath trugen, unabh\u00e4ngig von ihrer Herkunft. 14 Jahre sp\u00e4ter gibt es in Frankreich fast 30 000 Personen, die den Titel tragen, unabh\u00e4ngig von ihrer Herkunft.<\/span><b><\/b><\/p>\t\t\t\t\t\t\t\t<\/div>\n\t\t\t\t<\/div>\n\t\t\t\t<div class=\"elementor-element elementor-element-e3a8964 elementor-widget elementor-widget-heading\" data-id=\"e3a8964\" data-element_type=\"widget\" data-e-type=\"widget\" data-widget_type=\"heading.default\">\n\t\t\t\t<div class=\"elementor-widget-container\">\n\t\t\t\t\t<h4 class=\"elementor-heading-title elementor-size-default\">\nDie Neuinformation<\/h4>\t\t\t\t<\/div>\n\t\t\t\t<\/div>\n\t\t\t\t<section data-particle_enable=\"false\" data-particle-mobile-disabled=\"false\" class=\"elementor-section elementor-inner-section elementor-element elementor-element-f82584e elementor-section-height-min-height elementor-section-boxed elementor-section-height-default\" data-id=\"f82584e\" data-element_type=\"section\" data-e-type=\"section\" data-settings=\"{&quot;background_background&quot;:&quot;classic&quot;}\">\n\t\t\t\t\t\t<div class=\"elementor-container elementor-column-gap-default\">\n\t\t\t\t\t<div class=\"elementor-column elementor-col-100 elementor-inner-column elementor-element elementor-element-021c688\" data-id=\"021c688\" data-element_type=\"column\" data-e-type=\"column\">\n\t\t\t<div class=\"elementor-widget-wrap\">\n\t\t\t\t\t\t\t<\/div>\n\t\t<\/div>\n\t\t\t\t\t<\/div>\n\t\t<\/section>\n\t\t\t\t<div class=\"elementor-element elementor-element-10eab06 elementor-widget elementor-widget-spacer\" data-id=\"10eab06\" data-element_type=\"widget\" data-e-type=\"widget\" data-widget_type=\"spacer.default\">\n\t\t\t\t<div class=\"elementor-widget-container\">\n\t\t\t\t\t\t\t<div class=\"elementor-spacer\">\n\t\t\t<div class=\"elementor-spacer-inner\"><\/div>\n\t\t<\/div>\n\t\t\t\t\t\t<\/div>\n\t\t\t\t<\/div>\n\t\t\t\t<div class=\"elementor-element elementor-element-ce4640a elementor-widget elementor-widget-text-editor\" data-id=\"ce4640a\" data-element_type=\"widget\" data-e-type=\"widget\" data-widget_type=\"text-editor.default\">\n\t\t\t\t<div class=\"elementor-widget-container\">\n\t\t\t\t\t\t\t\t\t<p><span style=\"font-weight: 400; font-size: 80%;\">Die Neuinformation ist eine energetische Methode, die dazu bestimmt ist, jede Form von Empfindlichkeiten, Allergien und Unvertr\u00e4glichkeiten und im weiteren Sinne die meisten chronischen Beschwerden, die sich daraus ergeben, nat\u00fcrlich und dauerhaft zu begleiten. Sie st\u00fctzt sich auf die Kontakthom\u00f6opathie und das Ged\u00e4chtnis des Wassers.<\/span><\/p><p><span style=\"font-weight: 400; font-size: 80%;\">Die Weltgesundheitsorganisation (WHO) hat in ihrem letzten Bericht festgestellt, dass Allergien die am schnellsten wachsende Krankheit sind. Tats\u00e4chlich wurden Allergien nach Krebs, AIDS und Herz-Kreislauf-Erkrankungen zur viertgr\u00f6\u00dften chronischen Krankheit der Welt erkl\u00e4rt. Die Zahl der Allergiker in Frankreich hat sich in den letzten 20 Jahren verdoppelt, insbesondere bei Kindern und Jugendlichen. 8 % der Kinder und 4 % der erwachsenen Bev\u00f6lkerung m\u00fcssen mit einer Nahrungsmittelallergie leben. Heute leidet 1 von 4 Personen an einer Atemwegsallergie.<\/span><\/p><p><span style=\"font-weight: 400; font-size: 80%;\">Eine Ausbildung in Schwingungsinformation ist daher nicht nur ein hervorragendes Mittel, um die Zunahme von Allergien zu stoppen, sondern auch eine ausgezeichnete Gelegenheit f\u00fcr einen Praktiker, der sein Gesch\u00e4ft ausbauen m\u00f6chte. In Frankreich leiden 22.330.000 Menschen an Allergien und Unvertr\u00e4glichkeiten.<\/span><\/p><p><span style=\"font-size: 80%;\"><span style=\"font-weight: 400;\">Es ist jetzt m\u00f6glich, sich zum zertifizierten Practitioner in Vibrational Reinformation ausbilden zu lassen, ohne einen Cent zu bezahlen. Die Ausbildung ist unter bestimmten Voraussetzungen kostenlos.<\/span><\/span><\/p>\t\t\t\t\t\t\t\t<\/div>\n\t\t\t\t<\/div>\n\t\t\t\t<section data-particle_enable=\"false\" data-particle-mobile-disabled=\"false\" class=\"elementor-section elementor-inner-section elementor-element elementor-element-9dfde66 elementor-section-boxed elementor-section-height-default elementor-section-height-default\" data-id=\"9dfde66\" data-element_type=\"section\" data-e-type=\"section\" data-settings=\"{&quot;background_background&quot;:&quot;classic&quot;}\">\n\t\t\t\t\t\t\t<div class=\"elementor-background-overlay\"><\/div>\n\t\t\t\t\t\t\t<div class=\"elementor-container elementor-column-gap-default\">\n\t\t\t\t\t<div class=\"elementor-column elementor-col-100 elementor-inner-column elementor-element elementor-element-55af9f2\" data-id=\"55af9f2\" data-element_type=\"column\" data-e-type=\"column\">\n\t\t\t<div class=\"elementor-widget-wrap elementor-element-populated\">\n\t\t\t\t\t\t<div class=\"elementor-element elementor-element-357627f elementor-widget elementor-widget-heading\" data-id=\"357627f\" data-element_type=\"widget\" data-e-type=\"widget\" data-widget_type=\"heading.default\">\n\t\t\t\t<div class=\"elementor-widget-container\">\n\t\t\t\t\t<h2 class=\"elementor-heading-title elementor-size-default\">Werden Sie zertifizierter Praktizierender der Schwingungsinformation und das kostenlos.<\/h2>\t\t\t\t<\/div>\n\t\t\t\t<\/div>\n\t\t\t\t<div class=\"elementor-element elementor-element-71dd007 elementor-align-center elementor-widget elementor-widget-button\" data-id=\"71dd007\" data-element_type=\"widget\" data-e-type=\"widget\" data-widget_type=\"button.default\">\n\t\t\t\t<div class=\"elementor-widget-container\">\n\t\t\t\t\t\t\t\t\t<div class=\"elementor-button-wrapper\">\n\t\t\t\t\t<a class=\"elementor-button elementor-button-link elementor-size-md elementor-animation-shrink\" href=\"https:\/\/www.lumen-care.com\/de\/webinaire-deprogrammer-les-allergies-et-intolerances-naturellement-et-gratuitement\/\" target=\"_blank\">\n\t\t\t\t\t\t<span class=\"elementor-button-content-wrapper\">\n\t\t\t\t\t\t\t\t\t<span class=\"elementor-button-text\">Hier k\u00f6nnen Sie mehr dar\u00fcber erfahren<\/span>\n\t\t\t\t\t<\/span>\n\t\t\t\t\t<\/a>\n\t\t\t\t<\/div>\n\t\t\t\t\t\t\t\t<\/div>\n\t\t\t\t<\/div>\n\t\t\t\t\t<\/div>\n\t\t<\/div>\n\t\t\t\t\t<\/div>\n\t\t<\/section>\n\t\t\t\t<div class=\"elementor-element elementor-element-c3f1975 elementor-widget elementor-widget-spacer\" data-id=\"c3f1975\" data-element_type=\"widget\" data-e-type=\"widget\" data-widget_type=\"spacer.default\">\n\t\t\t\t<div class=\"elementor-widget-container\">\n\t\t\t\t\t\t\t<div class=\"elementor-spacer\">\n\t\t\t<div class=\"elementor-spacer-inner\"><\/div>\n\t\t<\/div>\n\t\t\t\t\t\t<\/div>\n\t\t\t\t<\/div>\n\t\t\t\t<div class=\"elementor-element elementor-element-3254d26 elementor-widget elementor-widget-text-editor\" data-id=\"3254d26\" data-element_type=\"widget\" data-e-type=\"widget\" data-widget_type=\"text-editor.default\">\n\t\t\t\t<div class=\"elementor-widget-container\">\n\t\t\t\t\t\t\t\t\t<p><span style=\"font-weight: 400; font-size: 80%;\">Der Bereich der alternativen und komplement\u00e4ren Therapien w\u00e4chst stetig. Das Interesse der Menschen an ganzheitlichen Ans\u00e4tzen w\u00e4chst und diese Menschen wenden sich zunehmend Praktiken zu, die v\u00f6llig nat\u00fcrlich und nicht invasiv sind, f\u00fcr alle Altersgruppen geeignet sind und sanft, aber effektiv wirken, um das nat\u00fcrliche Gleichgewicht des K\u00f6rpers wiederherzustellen und zu erhalten, damit seine Selbstheilungskr\u00e4fte gest\u00e4rkt werden.<\/span><\/p><p><span style=\"font-weight: 400; font-size: 80%;\">Letztendlich ist es egal, welche Disziplin oder welches Fachgebiet man hat, zum Wohlergehen der Menschen beizutragen ist letztendlich das Wichtigste. <\/span><\/p>\t\t\t\t\t\t\t\t<\/div>\n\t\t\t\t<\/div>\n\t\t\t\t\t<\/div>\n\t\t<\/div>\n\t\t\t\t\t<\/div>\n\t\t<\/section>\n\t\t\t\t<section data-particle_enable=\"false\" data-particle-mobile-disabled=\"false\" class=\"elementor-section elementor-top-section elementor-element elementor-element-6efa22c elementor-section-boxed elementor-section-height-default elementor-section-height-default\" data-id=\"6efa22c\" data-element_type=\"section\" data-e-type=\"section\">\n\t\t\t\t\t\t<div class=\"elementor-container elementor-column-gap-default\">\n\t\t\t\t\t<div class=\"elementor-column elementor-col-100 elementor-top-column elementor-element elementor-element-878bb41\" data-id=\"878bb41\" data-element_type=\"column\" data-e-type=\"column\">\n\t\t\t<div class=\"elementor-widget-wrap elementor-element-populated\">\n\t\t\t\t\t\t<div class=\"elementor-element elementor-element-e48c95a elementor-widget elementor-widget-heading\" data-id=\"e48c95a\" data-element_type=\"widget\" data-e-type=\"widget\" data-widget_type=\"heading.default\">\n\t\t\t\t<div class=\"elementor-widget-container\">\n\t\t\t\t\t<h4 class=\"elementor-heading-title elementor-size-default\">Weitere Artikel f\u00fcr Sie:<\/h4>\t\t\t\t<\/div>\n\t\t\t\t<\/div>\n\t\t\t\t<div class=\"elementor-element elementor-element-6503271 elementor-grid-2 elementor-grid-tablet-2 elementor-grid-mobile-1 elementor-posts--thumbnail-top elementor-posts--show-avatar elementor-card-shadow-yes elementor-posts__hover-gradient elementor-widget elementor-widget-posts\" data-id=\"6503271\" data-element_type=\"widget\" data-e-type=\"widget\" data-settings=\"{&quot;cards_columns&quot;:&quot;2&quot;,&quot;cards_row_gap&quot;:{&quot;unit&quot;:&quot;px&quot;,&quot;size&quot;:33,&quot;sizes&quot;:[]},&quot;pagination_type&quot;:&quot;numbers&quot;,&quot;cards_columns_tablet&quot;:&quot;2&quot;,&quot;cards_columns_mobile&quot;:&quot;1&quot;,&quot;cards_row_gap_tablet&quot;:{&quot;unit&quot;:&quot;px&quot;,&quot;size&quot;:&quot;&quot;,&quot;sizes&quot;:[]},&quot;cards_row_gap_mobile&quot;:{&quot;unit&quot;:&quot;px&quot;,&quot;size&quot;:&quot;&quot;,&quot;sizes&quot;:[]}}\" data-widget_type=\"posts.cards\">\n\t\t\t\t<div class=\"elementor-widget-container\">\n\t\t\t\t\t\t\t<div class=\"elementor-posts-container elementor-posts elementor-posts--skin-cards elementor-grid\" role=\"list\">\n\t\t\t\t<article class=\"elementor-post elementor-grid-item post-26590 post type-post status-publish format-standard has-post-thumbnail hentry category-article\" role=\"listitem\">\n\t\t\t<div class=\"elementor-post__card\">\n\t\t\t\t<a class=\"elementor-post__thumbnail__link\" href=\"https:\/\/www.lumen-care.com\/de\/und-wenn-das-gemuse-nicht-das-problem-ware\/\" tabindex=\"-1\" ><div class=\"elementor-post__thumbnail\"><img fetchpriority=\"high\" decoding=\"async\" width=\"713\" height=\"400\" src=\"https:\/\/www.lumen-care.com\/wp-content\/uploads\/WhatsApp-Image-2025-03-22-at-10.37.21_314b1e8a-713x400.jpg\" class=\"attachment-medium size-medium wp-image-26594\" alt=\"\" srcset=\"https:\/\/www.lumen-care.com\/wp-content\/uploads\/WhatsApp-Image-2025-03-22-at-10.37.21_314b1e8a-713x400.jpg 713w, https:\/\/www.lumen-care.com\/wp-content\/uploads\/WhatsApp-Image-2025-03-22-at-10.37.21_314b1e8a-768x431.jpg 768w, https:\/\/www.lumen-care.com\/wp-content\/uploads\/WhatsApp-Image-2025-03-22-at-10.37.21_314b1e8a-18x10.jpg 18w, https:\/\/www.lumen-care.com\/wp-content\/uploads\/WhatsApp-Image-2025-03-22-at-10.37.21_314b1e8a-247x139.jpg 247w, https:\/\/www.lumen-care.com\/wp-content\/uploads\/WhatsApp-Image-2025-03-22-at-10.37.21_314b1e8a-510x286.jpg 510w, https:\/\/www.lumen-care.com\/wp-content\/uploads\/WhatsApp-Image-2025-03-22-at-10.37.21_314b1e8a.jpg 1155w\" sizes=\"(max-width: 713px) 100vw, 713px\" \/><\/div><\/a>\n\t\t\t\t<div class=\"elementor-post__badge\">Artikel<\/div>\n\t\t\t\t<div class=\"elementor-post__avatar\">\n\t\t\t<img alt='Danielle Tchonang' src='https:\/\/www.lumen-care.com\/wp-content\/litespeed\/avatar\/bc74fa1e20ba5d0b7c3c3f1b4e8dbb44.jpg?ver=1777404952' srcset='https:\/\/www.lumen-care.com\/wp-content\/litespeed\/avatar\/63adc14b1d03ebd6d0691fa5589f2dcb.jpg?ver=1777404952 2x' class='avatar avatar-128 photo' height='128' width='128' \/>\t\t<\/div>\n\t\t\t\t<div class=\"elementor-post__text\">\n\t\t\t\t<h3 class=\"elementor-post__title\">\n\t\t\t<a href=\"https:\/\/www.lumen-care.com\/de\/und-wenn-das-gemuse-nicht-das-problem-ware\/\" >\n\t\t\t\tNahrungsmittelempfindlichkeiten: Was, wenn Gem\u00fcse nicht das Problem ist ... sondern seine Interpretation durch Ihren K\u00f6rper?\t\t\t<\/a>\n\t\t<\/h3>\n\t\t\t\t<div class=\"elementor-post__excerpt\">\n\t\t\t<p>Gem\u00fcse ist wichtig f\u00fcr eine ausgewogene Ern\u00e4hrung, aber wussten Sie, dass es auch zum Ausl\u00f6ser von Empfindlichkeiten werden kann? Entgegen der landl\u00e4ufigen Meinung ist absolut alles<\/p>\n\t\t<\/div>\n\t\t\n\t\t<a class=\"elementor-post__read-more\" href=\"https:\/\/www.lumen-care.com\/de\/und-wenn-das-gemuse-nicht-das-problem-ware\/\" aria-label=\"Read more about Nahrungsmittelempfindlichkeiten: Was, wenn Gem\u00fcse nicht das Problem ist ... sondern seine Interpretation durch Ihren K\u00f6rper?\" tabindex=\"-1\" >\n\t\t\tMehr lesen \"\t\t<\/a>\n\n\t\t\t\t<\/div>\n\t\t\t\t<div class=\"elementor-post__meta-data\">\n\t\t\t\t\t<span class=\"elementor-post-date\">\n\t\t\t19. Mai 2025\t\t<\/span>\n\t\t\t\t<span class=\"elementor-post-avatar\">\n\t\t\tKeine Kommentare\t\t<\/span>\n\t\t\t\t<\/div>\n\t\t\t\t\t<\/div>\n\t\t<\/article>\n\t\t\t\t<article class=\"elementor-post elementor-grid-item post-26117 post type-post status-publish format-standard has-post-thumbnail hentry category-article\" role=\"listitem\">\n\t\t\t<div class=\"elementor-post__card\">\n\t\t\t\t<a class=\"elementor-post__thumbnail__link\" href=\"https:\/\/www.lumen-care.com\/de\/sulfitempfindlichkeit\/\" tabindex=\"-1\" ><div class=\"elementor-post__thumbnail\"><img decoding=\"async\" width=\"477\" height=\"400\" src=\"https:\/\/www.lumen-care.com\/wp-content\/uploads\/Sans-titre-1024-x-1024-px-Publication-Facebook-477x400.png\" class=\"attachment-medium size-medium wp-image-26121\" alt=\"\" srcset=\"https:\/\/www.lumen-care.com\/wp-content\/uploads\/Sans-titre-1024-x-1024-px-Publication-Facebook-477x400.png 477w, https:\/\/www.lumen-care.com\/wp-content\/uploads\/Sans-titre-1024-x-1024-px-Publication-Facebook-768x644.png 768w, https:\/\/www.lumen-care.com\/wp-content\/uploads\/Sans-titre-1024-x-1024-px-Publication-Facebook-14x12.png 14w, https:\/\/www.lumen-care.com\/wp-content\/uploads\/Sans-titre-1024-x-1024-px-Publication-Facebook-247x207.png 247w, https:\/\/www.lumen-care.com\/wp-content\/uploads\/Sans-titre-1024-x-1024-px-Publication-Facebook-510x428.png 510w, https:\/\/www.lumen-care.com\/wp-content\/uploads\/Sans-titre-1024-x-1024-px-Publication-Facebook.png 940w\" sizes=\"(max-width: 477px) 100vw, 477px\" \/><\/div><\/a>\n\t\t\t\t<div class=\"elementor-post__badge\">Artikel<\/div>\n\t\t\t\t<div class=\"elementor-post__avatar\">\n\t\t\t<img alt='Danielle Tchonang' src='https:\/\/www.lumen-care.com\/wp-content\/litespeed\/avatar\/bc74fa1e20ba5d0b7c3c3f1b4e8dbb44.jpg?ver=1777404952' srcset='https:\/\/www.lumen-care.com\/wp-content\/litespeed\/avatar\/63adc14b1d03ebd6d0691fa5589f2dcb.jpg?ver=1777404952 2x' class='avatar avatar-128 photo' height='128' width='128' \/>\t\t<\/div>\n\t\t\t\t<div class=\"elementor-post__text\">\n\t\t\t\t<h3 class=\"elementor-post__title\">\n\t\t\t<a href=\"https:\/\/www.lumen-care.com\/de\/sulfitempfindlichkeit\/\" >\n\t\t\t\tEmpfindlichkeit gegen\u00fcber Wein und Sulfiten : Warum reagieren Sie schlecht und was k\u00f6nnen Sie dagegen tun?\t\t\t<\/a>\n\t\t<\/h3>\n\t\t\t\t<div class=\"elementor-post__excerpt\">\n\t\t\t<p>Sulfite sind Konservierungsstoffe, die in der Lebensmittelindustrie weit verbreitet sind. Sie sind in Wein, Wurstwaren, Trockenfr\u00fcchten und vielen Produkten enthalten.<\/p>\n\t\t<\/div>\n\t\t\n\t\t<a class=\"elementor-post__read-more\" href=\"https:\/\/www.lumen-care.com\/de\/sulfitempfindlichkeit\/\" aria-label=\"Read more about Empfindlichkeit gegen\u00fcber Wein und Sulfiten: Warum reagieren Sie schlecht und was k\u00f6nnen Sie dagegen tun?\" tabindex=\"-1\" >\n\t\t\tMehr lesen \"\t\t<\/a>\n\n\t\t\t\t<\/div>\n\t\t\t\t<div class=\"elementor-post__meta-data\">\n\t\t\t\t\t<span class=\"elementor-post-date\">\n\t\t\t28. M\u00e4rz 2025\t\t<\/span>\n\t\t\t\t<span class=\"elementor-post-avatar\">\n\t\t\tKeine Kommentare\t\t<\/span>\n\t\t\t\t<\/div>\n\t\t\t\t\t<\/div>\n\t\t<\/article>\n\t\t\t\t<\/div>\n\t\t\n\t\t\t\t<div class=\"e-load-more-anchor\" data-page=\"1\" data-max-page=\"25\" data-next-page=\"https:\/\/www.lumen-care.com\/wp-json\/wp\/v2\/posts\/5207\/page\/2\/\"><\/div>\n\t\t\t\t<nav class=\"elementor-pagination\" aria-label=\"Paginierung\">\n\t\t\t<span aria-current=\"page\" class=\"page-numbers current\"><span class=\"elementor-screen-only\">Seite<\/span>1<\/span>\n<a class=\"page-numbers\" href=\"https:\/\/www.lumen-care.com\/wp-json\/wp\/v2\/posts\/5207\/page\/2\/\"><span class=\"elementor-screen-only\">Seite<\/span>2<\/a>\n<a class=\"page-numbers\" href=\"https:\/\/www.lumen-care.com\/wp-json\/wp\/v2\/posts\/5207\/page\/3\/\"><span class=\"elementor-screen-only\">Seite<\/span>3<\/a>\n<a class=\"page-numbers\" href=\"https:\/\/www.lumen-care.com\/wp-json\/wp\/v2\/posts\/5207\/page\/4\/\"><span class=\"elementor-screen-only\">Seite<\/span>4<\/a>\n<a class=\"page-numbers\" href=\"https:\/\/www.lumen-care.com\/wp-json\/wp\/v2\/posts\/5207\/page\/5\/\"><span class=\"elementor-screen-only\">Seite<\/span>5<\/a>\t\t<\/nav>\n\t\t\t\t\t\t<\/div>\n\t\t\t\t<\/div>\n\t\t\t\t\t<\/div>\n\t\t<\/div>\n\t\t\t\t\t<\/div>\n\t\t<\/section>\n\t\t\t\t<\/div>","protected":false},"excerpt":{"rendered":"<p>\" Der Bereich der ganzheitlichen Therapien w\u00e4chst rasant. Die Praktiken der ganzheitlichen Therapien in der westlichen Welt nehmen in den 1960er Jahren als Reaktion auf die Besorgnis \u00fcber die medikament\u00f6se Behandlung durch die Schulmedizin und deren Unf\u00e4higkeit, Patienten als Menschen, sondern vielmehr als zu untersuchende K\u00f6rperteile zu betrachten, Fahrt auf [...].","protected":false},"author":118,"featured_media":5231,"comment_status":"closed","ping_status":"closed","sticky":false,"template":"","format":"standard","meta":{"inline_featured_image":false,"__cvm_playback_settings":[],"__cvm_video_id":"","footnotes":""},"categories":[116],"tags":[],"class_list":["post-5207","post","type-post","status-publish","format-standard","has-post-thumbnail","hentry","category-article"],"vimeo_video":null,"_links":{"self":[{"href":"https:\/\/www.lumen-care.com\/de\/wp-json\/wp\/v2\/posts\/5207","targetHints":{"allow":["GET"]}}],"collection":[{"href":"https:\/\/www.lumen-care.com\/de\/wp-json\/wp\/v2\/posts"}],"about":[{"href":"https:\/\/www.lumen-care.com\/de\/wp-json\/wp\/v2\/types\/post"}],"author":[{"embeddable":true,"href":"https:\/\/www.lumen-care.com\/de\/wp-json\/wp\/v2\/users\/118"}],"replies":[{"embeddable":true,"href":"https:\/\/www.lumen-care.com\/de\/wp-json\/wp\/v2\/comments?post=5207"}],"version-history":[{"count":0,"href":"https:\/\/www.lumen-care.com\/de\/wp-json\/wp\/v2\/posts\/5207\/revisions"}],"wp:featuredmedia":[{"embeddable":true,"href":"https:\/\/www.lumen-care.com\/de\/wp-json\/wp\/v2\/media\/5231"}],"wp:attachment":[{"href":"https:\/\/www.lumen-care.com\/de\/wp-json\/wp\/v2\/media?parent=5207"}],"wp:term":[{"taxonomy":"category","embeddable":true,"href":"https:\/\/www.lumen-care.com\/de\/wp-json\/wp\/v2\/categories?post=5207"},{"taxonomy":"post_tag","embeddable":true,"href":"https:\/\/www.lumen-care.com\/de\/wp-json\/wp\/v2\/tags?post=5207"}],"curies":[{"name":"wp","href":"https:\/\/api.w.org\/{rel}","templated":true}]}}