{"id":8277,"date":"2021-08-02T14:53:12","date_gmt":"2021-08-02T12:53:12","guid":{"rendered":"https:\/\/www.lumen-care.com\/?p=8277"},"modified":"2021-09-14T11:55:56","modified_gmt":"2021-09-14T09:55:56","slug":"covid-virus-und-impfung","status":"publish","type":"post","link":"https:\/\/www.lumen-care.com\/de\/covid-virus-und-impfung\/","title":{"rendered":"Was, wenn Covid-19 es gut mit uns meint?"},"content":{"rendered":"<p><em>Dieser Artikel stellt lediglich eine pers\u00f6nliche \u00dcberlegung dar.<\/em><\/p>\n<p>&nbsp;<\/p>\n<p><span style=\"font-weight: 400;\">Seit nicht allzu langer Zeit ist die gro\u00dfe Neuigkeit in der medizinischen Forschung die Anerkennung unserer Mikrobiota. Das hei\u00dft, man ist dabei, die Vorstellung zu akzeptieren, dass wir in Symbiose mit einer Welt von Bakterien und anderen Mikroben zusammenleben, ohne die wir nicht leben k\u00f6nnten. Dies steht in v\u00f6lligem Widerspruch zu Pasteurs Theorien, die dennoch immer noch grenzenlos verehrt werden. Dieses Verst\u00e4ndnis ist eine gro\u00dfe Revolution, die in der Mikrobiologie im letzten Jahrzehnt stattgefunden hat: Wir brauchen Mikroben, um zu leben, und wir m\u00fcssen dies in guter Zusammenarbeit mit ihnen tun. Wir h\u00e4tten fast drei Kilogramm Bakterien, allein schon in unserem Verdauungstrakt. Ohne sie k\u00f6nnten wir nicht richtig verdauen, h\u00e4tten keine Immunit\u00e4t oder bestimmte Neurotransmitter wie Serotonin, das von einigen Bakterien anscheinend in einer Menge von 90% produziert wird.<br \/>\n<\/span><span style=\"font-weight: 400;\">Au\u00dferdem spiegelt die Population unserer Mikrobiota unseren Gesundheitszustand wider. Mit anderen Worten: Wenn wir uns schlecht ern\u00e4hren, Giftstoffen ausgesetzt sind, gestresst sind, uns nicht bewegen usw., kommt es zu einer im Verh\u00e4ltnis zu unseren Bed\u00fcrfnissen destrukturierten Mikrobiota, w\u00e4hrend diese, wenn wir uns haupts\u00e4chlich von unver\u00e4nderten und nicht vergifteten pflanzlichen Produkten ern\u00e4hren, perfekt sein und uns eine gute Gesundheit erm\u00f6glichen sollte.<\/span><\/p>\n<p><span style=\"font-weight: 400;\">\u00a0<\/span><span style=\"font-weight: 400;\">In \u00e4hnlicher Weise gibt es heute viele Fragen rund um das menschliche Virom (oder Virobiota), da wir auch st\u00e4ndig Tausende von Viren beherbergen. Man muss wissen, dass sich der genetische Code von Lebewesen nur auf zwei Arten ver\u00e4ndern und weiterentwickeln kann, entweder durch die Fortpflanzung, die eine gewisse Zeit in Anspruch nimmt, oder durch Viren. Es ist zum Beispiel vollkommen anerkannt, dass die Geb\u00e4rmutter ein Organ ist, das durch die Intervention eines Virus erworben wurde. Dies k\u00f6nnte zu der Annahme f\u00fchren, dass das Immunsystem durch ein Virus beeintr\u00e4chtigt wird, weil es ihm die T\u00fcr ge\u00f6ffnet hat, weil es eine Information tr\u00e4gt, die ihm n\u00fctzen k\u00f6nnte. Andernfalls w\u00fcrden wir nicht auf diesen Virus reagieren. Aus philosophischer Sicht w\u00e4re es unlogisch, wenn Gott oder das Universum Lebewesen hervorbringen w\u00fcrde, die seine eigene Sch\u00f6pfung ausl\u00f6schen sollen.\u00a0<\/span><\/p>\n<p><span style=\"font-weight: 400;\">Warum werden Viren dann mit diesem radikalen und endg\u00fcltigen Bild von virulenten Krankheitserregern in Verbindung gebracht? Aber w\u00e4re es nicht interessanter, die Aufmerksamkeit auf die Kehrseite der Medaille zu lenken: Wie kommt es, dass Menschen, die mit einem gef\u00e4hrlichen Virus infiziert sind, v\u00f6llig asymptomatisch sein k\u00f6nnen?<\/span><\/p>\n<p><span style=\"font-weight: 400;\">Die Idee ist, dass die durch das Virus verursachte Ver\u00e4nderung im K\u00f6rper mehr oder weniger gut akzeptiert oder toleriert wird. Dabei wird vorausgesetzt, dass diese Ver\u00e4nderung als grunds\u00e4tzlich vorteilhaft f\u00fcr die eigene Entwicklung angesehen wird. Bei manchen Menschen wird das Virus und seine Wirkung auf das Genom also durchaus akzeptiert, w\u00e4hrend bei anderen eine Form der Ablehnung durch den K\u00f6rper vorliegt, die zu einer symptomatischen Form f\u00fchrt.<\/span><\/p>\n<p><span style=\"font-weight: 400;\">\u00a0<\/span><span style=\"font-weight: 400;\">Die n\u00e4chstliegende Analogie w\u00e4re die Aktualisierung einer Computersoftware. Eine Aktualisierung dient dazu, den Code eines Programms zu verbessern. Normalerweise wird alles getan, damit ein Update reibungslos verl\u00e4uft, doch wer hat nicht schon einmal die Erfahrung gemacht, dass bei einem solchen Eingriff alles schief l\u00e4uft?<\/span><\/p>\n<p><span style=\"font-weight: 400;\">\u00a0<\/span><\/p>\n<p><b>Antik\u00f6rper<\/b><\/p>\n<p><span style=\"font-weight: 400;\">\u00a0<\/span><span style=\"font-weight: 400;\">Wenn die Aktualisierung erfolgreich durchgef\u00fchrt wurde, registriert der Computer, dass wir z. B. von Version 1.6 auf Version 2.0 unserer Software gewechselt haben. Der Computer erkennt und blockiert die Wiederholung des Updates f\u00fcr die gleiche Versionsnummer.<\/span><\/p>\n<p><span style=\"font-weight: 400;\">Dasselbe gilt f\u00fcr den menschlichen K\u00f6rper: Die sogenannten Antik\u00f6rper w\u00e4ren der Marker, der definiert, dass das Update durch das Virus tats\u00e4chlich stattgefunden hat.\u00a0<\/span><\/p>\n<p><span style=\"font-weight: 400;\">\u00a0<\/span><span style=\"font-weight: 400;\">Die Impfung scheint ein Prozess zu sein, bei dem der K\u00f6rper durch einen falschen Nachweis der Aktualisierung get\u00e4uscht wird. Es ist gelungen, die Produktion von Antik\u00f6rpern gegen das Virus zu bewirken, obwohl die Aktualisierung nicht stattgefunden hat. Einerseits wurde verhindert, dass eine bestimmte Anzahl von Personen nicht dem Risiko von Nebenwirkungen des Virus erliegt, andererseits wurde die evolution\u00e4re Funktion des Virus nicht erf\u00fcllt.<\/span><\/p>\n<p><span style=\"font-weight: 400;\">Wenn man der alten Schule der hom\u00f6opathischen \u00c4rzte glauben darf, wird jedoch vollkommen anerkannt, dass es einen Nutzen hat, Viren gew\u00e4hren zu lassen, und dass man Kinder Kinderkrankheiten bekommen lassen sollte, weil sie f\u00fcr ihren Aufbau n\u00fctzlich sind. Dies schlie\u00dft jedoch keineswegs aus, dass es nat\u00fcrlich wichtig ist, die Krankheit zu begleiten und zu behandeln, um ihre sch\u00e4dlichen Auswirkungen so weit wie m\u00f6glich zu minimieren.<\/span><\/p>\n<p><span style=\"font-weight: 400;\">\u00a0<\/span><span style=\"font-weight: 400;\">Als Beispiel: Heute tragen fast 80% der Bev\u00f6lkerung das Herpesvirus in sich, ohne dass es zu gesundheitlichen Problemen kommt. Das ist der Erfolg des Zusammenlebens mit Viren: mit anderen Arten in guter Nachbarschaft zu leben, ohne Schaden anzurichten. Eine der Demonstrationen, die immer mehr zu der Erkenntnis f\u00fchren, dass die nat\u00fcrliche Evolution entgegen alten Vorstellungen viel st\u00e4rker vom Konzept der Kooperation als von dem der Konkurrenz gepr\u00e4gt ist.<\/span><\/p>\n<p><span style=\"font-weight: 400;\">\u00a0<\/span><span style=\"font-weight: 400;\">Aus dieser Sicht w\u00e4re die beste Option zur Bek\u00e4mpfung der sch\u00e4dlichen Auswirkungen von Viren, sie nicht bek\u00e4mpfen oder ausrotten zu wollen, sondern sie im Gegenteil zu begleiten, um dem K\u00f6rper zu helfen, den vom Virus vorgeschlagenen Prozess zu akzeptieren, damit er sich nicht gegen ihn stellt und alle zu gesunden Tr\u00e4gern werden k\u00f6nnen.  Ein Virus ausrotten zu wollen ist genauso absurd wie der Versuch, Deiche zu errichten, um das Eindringen von Wasser in das Land zu verhindern. Man k\u00e4mpft nicht gegen die Naturgewalten, stattdessen kann man sie begleiten und Wege schaffen, damit das Wasser kontrolliert flie\u00dfen kann, ohne die H\u00e4user auf seinem Weg zu zerst\u00f6ren.<\/span><\/p>\n<p><span style=\"font-weight: 400;\">\u00a0<\/span><\/p>\n<p><span style=\"font-weight: 400;\">\u00a0<\/span><b>Der Covid-19<\/b><\/p>\n<p><span style=\"font-weight: 400;\">\u00a0<\/span><span style=\"font-weight: 400;\">Die ganze Herausforderung f\u00fcr die Forschung besteht nun darin, zu versuchen, die evolution\u00e4re Rolle jedes einzelnen Virus zu verstehen, um es in seinem spezifischen Projekt bestm\u00f6glich unterst\u00fctzen zu k\u00f6nnen.<\/span><\/p>\n<p><span style=\"font-weight: 400;\">In Bezug auf Covid-19 lautet meine eigene Hypothese wie folgt: Angesichts des Klimawandels und der Abnahme des Sauerstoffs in der Atmosph\u00e4re in Form von O<\/span><span style=\"font-weight: 400;\">2<\/span><span style=\"font-weight: 400;\">Wenn wir den Sauerstoff aus dem Kohlendioxidmolek\u00fcl CO<\/span><span style=\"font-weight: 400;\">2<\/span><span style=\"font-weight: 400;\">.<\/span><\/p>\n<p><span style=\"font-weight: 400;\">\u00a0<\/span><span style=\"font-weight: 400;\">Zwei markante Elemente, die mich auf diese Spur gebracht haben:<\/span><\/p>\n<ul>\n<li><span style=\"font-weight: 400;\">Ich habe eine sehr hohe Inzidenz von Allergien gegen CO<\/span><span style=\"font-weight: 400;\">2<\/span> <span style=\"font-weight: 400;\">auf Personen, die symptomatisch infiziert wurden, obwohl sie zuvor absolut keine Anzeichen einer Empfindlichkeit der Atemwege aufwiesen. Tats\u00e4chlich waren die einzigen F\u00e4lle, in denen eine Empfindlichkeit gegen\u00fcber Atmosph\u00e4renbestandteilen (haupts\u00e4chlich O<\/span><span style=\"font-weight: 400;\">2<\/span><span style=\"font-weight: 400;\"> und CO<\/span><span style=\"font-weight: 400;\">2<\/span><span style=\"font-weight: 400;\"><span style=\"font-weight: 400;\">) fallen in der Regel nur bei Personen mit schweren chronischen Atemwegserkrankungen auf.<\/span><\/span><\/li>\n<li><span style=\"font-weight: 400;\">Studien haben gezeigt, dass Fische zunehmend mit Orientierungsproblemen konfrontiert sind, die eine Reihe von Auswirkungen haben k\u00f6nnen. Was ist der Grund daf\u00fcr?  Der Verlust des Geruchssinns aufgrund der schnelleren CO<\/span><span style=\"font-weight: 400;\">2<\/span><span style=\"font-weight: 400;\"> in den Ozeanen zu finden. Muss best\u00e4tigt werden, ob tats\u00e4chlich die wiederkehrenden Symptome des Geschmacks- und Geruchsverlustes in die gleiche Richtung gehen.<\/span><\/li>\n<\/ul>\n<p><span style=\"font-weight: 400;\">\u00a0<\/span><\/p>\n<p><b>Die Impfung<\/b><\/p>\n<p><span style=\"font-weight: 400;\">Es ist heute sehr schwierig, einen objektiven Bericht \u00fcber das Tabuthema Impfen zu erhalten, da die Debatten so leidenschaftlich und durch politische und wirtschaftliche Eins\u00e4tze verzerrt sind.<\/span><\/p>\n<p><span style=\"font-weight: 400;\">Was man jedoch sehr gut beobachten kann, ist, dass die Impfung selbst f\u00fcr den K\u00f6rper alles andere als ein harmloser Vorgang ist. Wie jedes Medikament birgt sie nat\u00fcrlich das Risiko von Nebenwirkungen und l\u00f6st vor allem einen sogenannten \"Impfstress\" aus. Dieser Impfstress wird je nach Person und Alter mehr oder weniger gut vertragen. So ist es beispielsweise v\u00f6llig unangebracht, Kleinkinder zu impfen, bevor ihr Immunsystem ausreichend entwickelt ist, d. h. mindestens ab dem Alter von drei Jahren. In der Tat kann eine Impfung die erste gro\u00dfe Belastung f\u00fcr den K\u00f6rper eines Kindes im Leben sein. Wenn man bedenkt, dass es eine starke Korrelation zwischen Empfindlichkeit und Stress gibt, ist es leicht, eine Verbindung zwischen Impfstress und Kindern mit Allergien oder Unvertr\u00e4glichkeiten herzustellen. Nat\u00fcrlich ist die Impfung bei weitem nicht die einzige allergieausl\u00f6sende Quelle, aber das Auftreten von Allergikerprofilen mit nachgewiesenem Impfstress ist nicht unbedeutend.<\/span><\/p>\n<p><span style=\"font-weight: 400;\">\u00a0<\/span><span style=\"font-weight: 400;\">Welche Nebenwirkungen werden durch die Impfung aus der Sicht der Empfindlichkeiten induziert?<\/span><\/p>\n<ul>\n<li><span style=\"font-weight: 400;\">Allergie oder Unvertr\u00e4glichkeit gegen\u00fcber einem im Impfstoff enthaltenen Wirkstoff oder Hilfsstoff (z. B. Laktose).<\/span><\/li>\n<li><span style=\"font-weight: 400;\">Allergie oder Unvertr\u00e4glichkeit gegen\u00fcber jeglicher externer Substanz, die zum Zeitpunkt der Spitze des Impfstresses eingenommen oder in Kontakt gebracht wurde.<\/span><\/li>\n<li><span style=\"font-weight: 400;\">Der K\u00f6rper kann die im Impfstoff enthaltenen toxischen Substanzen nur schwer ausscheiden, was das Risiko langfristiger Nebenwirkungen erh\u00f6hen kann.<\/span><\/li>\n<\/ul>\n<p><span style=\"font-weight: 400;\">\u00a0<\/span><span style=\"font-weight: 400;\">Seit vielen Jahren werden in der Hom\u00f6opathie (Isotherapie) und in Methoden der Empfindlichkeitsdeprogrammierung hochverd\u00fcnnte Verbindungen, die in herk\u00f6mmlichen Impfstoffen enthalten sind, eingesetzt, um den K\u00f6rper von den Substanzen zu entgiften. Je fr\u00fcher dies geschieht, desto gr\u00f6\u00dfer ist der Nutzen f\u00fcr Menschen, die schwere Formen von Impfnebenwirkungen aufweisen.<\/span><\/p>\n<p><span style=\"font-weight: 400;\">\u00a0<\/span><\/p>\n<p><span style=\"font-weight: 400;\">\u00a0<\/span><b>Was tun mit Covid-19?<\/b><\/p>\n<ol>\n<li><span style=\"font-weight: 400;\">Gegen den \"Impfstress Covid-19\" und auf die gleiche Weise wie bei den Formulierungen der herk\u00f6mmlichen Impfstoffe hat Lumen Care Laboratory eine Mischung von Substanzen aus den Inhaltsstoffen der vier in Frankreich verbreiteten Impfstoffe entwickelt: Pfizer\/BioNTech, Moderna, AstraZeneca, Johnson &amp; Johnson.<\/span><span style=\"font-weight: 400;\"><br \/>\n<\/span><span style=\"font-weight: 400;\">Der erwartete Nutzen sollte daher derselbe sein wie bei herk\u00f6mmlichen Entgiftungsreagenzien.<\/span><span style=\"font-weight: 400;\"><br \/>\n<\/span><span style=\"font-weight: 400;\">Im Gegensatz dazu ist es bis heute unm\u00f6glich, etwas \u00fcber die Auswirkungen zu kodieren, die durch die Formulierung von Boten-RNA induziert werden.<\/span><span style=\"font-weight: 400;\"><br \/>\n<\/span><span style=\"font-weight: 400;\">In keinem Fall wird mit dieser Formulierung geimpft oder entimpft.<\/span><span style=\"font-weight: 400;\"><br \/>\n<\/span><span style=\"font-weight: 400;\">&gt; Diese Behandlung sollte vorbeugend oder kurativ eingenommen werden. <\/span><b>NACH DER IMPFUNG<\/b><span style=\"font-weight: 400;\"><span style=\"font-weight: 400;\">.<\/span><\/span><\/li>\n<li><span style=\"font-weight: 400;\">Zur Vorbeugung symptomatischer Formen einer Covid-19-Erkrankung hat Lumen Care Laboratory eine Formulierung mit dem Namen \"Covid-Facilitator\" entwickelt. Das Ziel ist es, den K\u00f6rper darauf vorzubereiten oder zu begleiten, das Virus zu akzeptieren, um die Reaktivit\u00e4t zu minimieren:<\/span><span style=\"font-weight: 400;\"><br \/>\n<\/span><span style=\"font-weight: 400;\">&gt; Diese Behandlung sollte vorbeugend vor einer Infektion oder kurativ beim Auftreten der ersten Symptome eingenommen werden. Sie wird nicht mehr so wirksam sein, sobald der K\u00f6rper in eine akute symptomatische Form \u00fcbergegangen ist, nachdem das Virus deaktiviert wurde, aber das muss noch getestet werden.<\/span><\/li>\n<\/ol>\n<p><span style=\"font-weight: 400;\">\u00a0<\/span><span style=\"font-weight: 400;\">Der Einfachheit halber wurden die Formulierungen \"Impfstress\" und \"Covid Facilitator\" zusammengefasst und bilden den \"Covid-Komplex\".<\/span><\/p>\n<p><span style=\"font-weight: 400;\">\u00a0<\/span><b>Dosierung<\/b><span style=\"font-weight: 400;\"> : 1 Monat Behandlung nach dem traditionellen Protokoll der Vibratorischen Neuinformation.<\/span><\/p>\n<p><b>Zeitpunkt der Verwendung<\/b><span style=\"font-weight: 400;\"> : Ab sofort in der Pr\u00e4vention Covid, und zwar so fr\u00fch wie m\u00f6glich <\/span><b>nach<\/b><span style=\"font-weight: 400;\"> Impfung in Stress-Impfstoff-Detox.<\/span><\/p>\n<p><span style=\"font-weight: 400;\">\u00a0<\/span><span style=\"font-weight: 400;\">Wenn die Behandlung vorbeugend gegen Covid sein soll, ist sie es sicher nicht gegen Impfstress. Selbst wenn Sie die Behandlung wegen des Covid-F\u00f6rdereffekts durchf\u00fchren, m\u00fcssen Sie sie nach der Impfung ein zweites Mal wiederholen.<\/span><\/p>\n<p><span style=\"font-weight: 400;\">\u00a0<\/span><\/p>\n<p><b>Er ist verf\u00fcgbar :<\/b><\/p>\n<ul>\n<li><span style=\"font-weight: 400;\">F\u00fcr Praktizierende der vibratorischen Reinformation bei der Bestellung von Standardreagenzien pro Einheit (10ml-Flasche und Tester) aus Ihrem Therapeutenbereich.<\/span><\/li>\n<li><span style=\"font-weight: 400;\">F\u00fcr Privatpersonen in Behandlungskapseln, die unter dieser Adresse zu bestellen sind : <a href=\"https:\/\/www.lumen-care.com\/de\/reinformation\/complexe-covid-19\/\">https:\/\/www.lumen-care.com\/reinformation\/complexe-covid-19\/<\/a><\/span><\/li>\n<\/ul>\n<p><span style=\"font-weight: 400;\">\u00a0<\/span><\/p>\n<p><strong><span style=\"color: #ed1c24;\">Wichtiger Warnhinweis <\/span><\/strong><span style=\"font-weight: 400;\">: Es ist bis heute unm\u00f6glich, die Wirksamkeit dieses v\u00f6llig experimentellen Produkts zu garantieren, zumindest in seiner Behauptung, es sei \"erleichternd\".<\/span><\/p>\n<p><span style=\"font-weight: 400;\">Nat\u00fcrlich stellt es absolut kein Risiko f\u00fcr Nebenwirkungen dar, abgesehen von seiner potenziellen Unwirksamkeit gegen\u00fcber dem Problem selbst (dem Covid oder der Impfung).<\/span><\/p>\n<p><span style=\"font-weight: 400;\">Da wir nicht in der Lage sind, Tests unter geeigneten Bedingungen durchzuf\u00fchren, k\u00f6nnen uns nur Ihre R\u00fcckmeldungen in dieser Frage weiterbringen, egal ob sie positiv oder negativ sind.<\/span><\/p>\n<p><span style=\"font-weight: 400;\">Ich bitte Sie daher dringend, uns \u00fcber jede Form von nachgewiesenen Erfahrungen im Zusammenhang mit dieser Behandlung auf dem Laufenden zu halten.<\/span><\/p>\n<p>&nbsp;<\/p>\n<p><span style=\"font-weight: 400;\">Olivier Coen<\/span><\/p>","protected":false},"excerpt":{"rendered":"<p>Dieser Artikel stellt lediglich eine pers\u00f6nliche \u00dcberlegung dar.   Seit nicht allzu langer Zeit ist die gro\u00dfe Neuigkeit in der medizinischen Forschung die Anerkennung unserer Mikrobiota. Das hei\u00dft, man ist dabei, die Idee zu akzeptieren, dass wir in Symbiose mit einer Welt von Bakterien und anderen Mikroben zusammenleben, ohne die wir nicht leben k\u00f6nnten. Dies ist [...].","protected":false},"author":1,"featured_media":8279,"comment_status":"closed","ping_status":"closed","sticky":false,"template":"","format":"standard","meta":{"inline_featured_image":false,"__cvm_playback_settings":[],"__cvm_video_id":"","footnotes":""},"categories":[116],"tags":[],"class_list":["post-8277","post","type-post","status-publish","format-standard","has-post-thumbnail","hentry","category-article"],"vimeo_video":null,"_links":{"self":[{"href":"https:\/\/www.lumen-care.com\/de\/wp-json\/wp\/v2\/posts\/8277","targetHints":{"allow":["GET"]}}],"collection":[{"href":"https:\/\/www.lumen-care.com\/de\/wp-json\/wp\/v2\/posts"}],"about":[{"href":"https:\/\/www.lumen-care.com\/de\/wp-json\/wp\/v2\/types\/post"}],"author":[{"embeddable":true,"href":"https:\/\/www.lumen-care.com\/de\/wp-json\/wp\/v2\/users\/1"}],"replies":[{"embeddable":true,"href":"https:\/\/www.lumen-care.com\/de\/wp-json\/wp\/v2\/comments?post=8277"}],"version-history":[{"count":0,"href":"https:\/\/www.lumen-care.com\/de\/wp-json\/wp\/v2\/posts\/8277\/revisions"}],"wp:featuredmedia":[{"embeddable":true,"href":"https:\/\/www.lumen-care.com\/de\/wp-json\/wp\/v2\/media\/8279"}],"wp:attachment":[{"href":"https:\/\/www.lumen-care.com\/de\/wp-json\/wp\/v2\/media?parent=8277"}],"wp:term":[{"taxonomy":"category","embeddable":true,"href":"https:\/\/www.lumen-care.com\/de\/wp-json\/wp\/v2\/categories?post=8277"},{"taxonomy":"post_tag","embeddable":true,"href":"https:\/\/www.lumen-care.com\/de\/wp-json\/wp\/v2\/tags?post=8277"}],"curies":[{"name":"wp","href":"https:\/\/api.w.org\/{rel}","templated":true}]}}