{"id":1415,"date":"2017-04-01T01:34:09","date_gmt":"2017-03-31T23:34:09","guid":{"rendered":"https:\/\/www.lumen-care.com\/?p=1415"},"modified":"2023-09-20T16:07:43","modified_gmt":"2023-09-20T14:07:43","slug":"testimonio-tratamiento-de-sensibilidades-y-intolerancias-nathalie","status":"publish","type":"post","link":"https:\/\/www.lumen-care.com\/es\/testimonio-tratamiento-de-sensibilidades-y-intolerancias-nathalie\/","title":{"rendered":"Tratamiento de sensibilidades e intolerancias - Nathalie"},"content":{"rendered":"<div class=\"video video-fit mb\" style=\"padding-top:56.25%;\"><p><iframe title=\"Testimonio de Reinformaci\u00f3n Vibratoria - Nathalie\" width=\"1020\" height=\"574\" src=\"https:\/\/www.youtube.com\/embed\/V-6SBy5IG3g?feature=oembed\" frameborder=\"0\" allow=\"accelerometer; autoplay; clipboard-write; encrypted-media; gyroscope; picture-in-picture; web-share\" referrerpolicy=\"strict-origin-when-cross-origin\" allowfullscreen><\/iframe><\/p>\n<\/div>\n<div class=\"row\"  id=\"row-264148097\">\n\n\t<div id=\"col-174739904\" class=\"col medium-6 small-12 large-6\"  >\n\t\t\t\t<div class=\"col-inner\"  >\n\t\t\t\n\t\t\t\n<a href=\"https:\/\/https:\/\/https:\/\/www.lumen-care.com\/produits\/reactifs\/allergies-environnementales\/\" class=\"button primary is-shade box-shadow-3 box-shadow-5-hover\" style=\"border-radius:5px;\">\n\t\t<span>Comprar un complejo de sensibilidad medioambiental<\/span>\n\t<\/a>\n\n\t\t<\/div>\n\t\t\t\t\t<\/div>\n\n\t\n\n\t<div id=\"col-681754715\" class=\"col medium-6 small-12 large-6\"  >\n\t\t\t\t<div class=\"col-inner\"  >\n\t\t\t\n\t\t\t\n<a href=\"https:\/\/https:\/\/www.apsl-sante.org\/annuaire-therapeutes-2\/\" class=\"button primary is-shade box-shadow-3 box-shadow-5-hover\" style=\"border-radius:5px;\">\n\t\t<span>Encuentre un profesional para una evaluaci\u00f3n personalizada<\/span>\n\t<\/a>\n\n\t\t<\/div>\n\t\t\t\t\t<\/div>\n\n\t\n<\/div>\n<p><strong>Transcripci\u00f3n del v\u00eddeo \u21d3<\/strong><\/p>\n<p><strong><u>\u00bfCu\u00e1les eran sus s\u00edntomas?<\/u><\/strong><u>\u00a0<\/u><\/p>\n<p>Tuve reacciones al fr\u00edo, sobre todo por la ma\u00f1ana.<\/p>\n<p>Por la ma\u00f1ana, en cuanto me levantaba, en cuanto pon\u00eda un pie fuera, <strong>Estornud\u00e9 durante media hora<\/strong>.<\/p>\n<p>Tambi\u00e9n tuve reacciones de intolerancia a los \u00e1caros del polvo dom\u00e9stico. Si ten\u00eda demasiado contacto con los \u00e1caros del polvo, me daba rinitis, estornudos y picor de ojos. Esto pod\u00eda provocar a menudo <strong>bronquitis asm\u00e1tica<\/strong>.<\/p>\n<p>Despu\u00e9s, otras intolerancias se debieron a los perfumes. Antes me sent\u00eda f\u00edsicamente c\u00f3moda con los perfumes, pero esto me molestaba mucho y provocaba<strong> estornudos y dificultades respiratorias<\/strong>.<\/p>\n<p>&nbsp;<\/p>\n<p><strong><u>\u00bfEs dif\u00edcil seguir el protocolo?<\/u><\/strong><u>\u00a0<\/u><\/p>\n<p>De hecho, hay una nota explicativa con el parche: <a href=\"https:\/\/www.lumen-care.com\/es\/principe-reinformation-vibratoire-2\/\">el vial<\/a>]. Esta nota explicativa indica cu\u00e1ndo debe utilizarse, cu\u00e1ntas horas al d\u00eda, etc.<\/p>\n<p>Estas explicaciones son muy <strong>simple y tan expl\u00edcito<\/strong>.<\/p>\n<p>Luego nos toca a nosotros encontrar franjas horarias para dedicar el n\u00famero de horas adecuado.<\/p>\n<p>En mi caso, como ten\u00eda que ponerme el parche durante 8 horas, me lo puse al levantarme y me lo quit\u00e9 8 horas despu\u00e9s.<\/p>\n<p>Era muy sencillo y nada restrictivo en la pr\u00e1ctica. Se pod\u00eda llevar debajo de la ropa y<strong> no pod\u00edas verlo<\/strong>.<\/p>\n<p>&nbsp;<\/p>\n<p><strong><u>\u00bfHubo alg\u00fan resultado?<\/u><\/strong><u>\u00a0<\/u><\/p>\n<p>Hab\u00eda <strong>muchos progresos y muchas mejoras.\u00a0<\/strong><\/p>\n<p>El fr\u00edo de la ma\u00f1ana,<strong> Ya no estornudo ni siento el fr\u00edo<\/strong>. Ya no me gusta.<\/p>\n<p>Lo m\u00e1s interesante es mi reacci\u00f3n a los perfumes. Ah\u00ed veo una diferencia muy grande porque los perfumes que antes me sentaban tan bien<strong> ya no tienen ning\u00fan efecto sobre m\u00ed<\/strong> Ya no estornudo y no me molestan tanto f\u00edsicamente. <strong>Eso es realmente impresionante, porque sol\u00eda molestarme mucho.<\/strong>.<\/p>\n<p>En cuanto a los \u00e1caros, he vuelto a estar en contacto con muchos de ellos. Yo dir\u00eda que <strong>las cosas van mucho mejor<\/strong>Pero a\u00fan puedo ser un poco sensible.<\/p>\n<p>&nbsp;<\/p>\n<p><strong><u>\u00bfPiensa ir m\u00e1s all\u00e1?<\/u><\/strong><\/p>\n<p>S\u00ed, sigo con el tratamiento porque todav\u00eda tengo algunas reacciones a los \u00e1caros. Es <strong>importante para m\u00ed seguir<\/strong>.<\/p>\n<p>El tratamiento es muy f\u00e1cil y el precio es asequible y est\u00e1 al alcance de todos.\u00a0 <strong>Se lo recomiendo a todo el mundo y, adem\u00e1s, el tratamiento no causa estr\u00e9s.<\/strong>.<\/p>\n<p>&nbsp;<\/p>\n<h2>Tratamiento de intolerancias y sensibilidades<\/h2>\n<p>Si, como Nathalie, desea beneficiarse de las ventajas de la reinformaci\u00f3n vibratoria :<\/p>\n<ul>\n<div class=\"row\"  id=\"row-28536980\">\n\n\t<div id=\"col-1570972761\" class=\"col medium-6 small-12 large-6\"  >\n\t\t\t\t<div class=\"col-inner\"  >\n\t\t\t\n\t\t\t\n<a href=\"https:\/\/https:\/\/https:\/\/www.lumen-care.com\/produits\/reactifs\/allergies-environnementales\/\" class=\"button primary is-shade box-shadow-3 box-shadow-5-hover\" style=\"border-radius:5px;\">\n\t\t<span>Comprar un complejo de sensibilidad medioambiental<\/span>\n\t<\/a>\n\n\t\t<\/div>\n\t\t\t\t\t<\/div>\n\n\t\n\n\t<div id=\"col-272005127\" class=\"col medium-6 small-12 large-6\"  >\n\t\t\t\t<div class=\"col-inner\"  >\n\t\t\t\n\t\t\t\n<a href=\"https:\/\/https:\/\/www.apsl-sante.org\/annuaire-therapeutes-2\/\" class=\"button primary is-shade box-shadow-3 box-shadow-5-hover\" style=\"border-radius:5px;\">\n\t\t<span>Encuentre un profesional para una evaluaci\u00f3n personalizada<\/span>\n\t<\/a>\n\n\t\t<\/div>\n\t\t\t\t\t<\/div>\n\n\t\n<\/div>","protected":false},"excerpt":{"rendered":"<p>Transcripci\u00f3n del v\u00eddeo \u21d3 \u00bfCu\u00e1les eran sus s\u00edntomas?  Tuve reacciones tras el resfriado, sobre todo por la ma\u00f1ana. Por la ma\u00f1ana, en cuanto me levantaba, en cuanto pon\u00eda la nariz fuera, estornudaba durante media hora. Tambi\u00e9n tuve reacciones de intolerancia a los \u00e1caros del polvo. Si estaba demasiado en contacto con los \u00e1caros del polvo dom\u00e9stico, me [...]","protected":false},"author":1,"featured_media":1417,"comment_status":"closed","ping_status":"closed","sticky":false,"template":"","format":"video","meta":{"inline_featured_image":false,"__cvm_playback_settings":[],"__cvm_video_id":"","footnotes":""},"categories":[89],"tags":[],"class_list":["post-1415","post","type-post","status-publish","format-video","has-post-thumbnail","hentry","category-temoignages","post_format-post-format-video"],"vimeo_video":null,"_links":{"self":[{"href":"https:\/\/www.lumen-care.com\/es\/wp-json\/wp\/v2\/posts\/1415","targetHints":{"allow":["GET"]}}],"collection":[{"href":"https:\/\/www.lumen-care.com\/es\/wp-json\/wp\/v2\/posts"}],"about":[{"href":"https:\/\/www.lumen-care.com\/es\/wp-json\/wp\/v2\/types\/post"}],"author":[{"embeddable":true,"href":"https:\/\/www.lumen-care.com\/es\/wp-json\/wp\/v2\/users\/1"}],"replies":[{"embeddable":true,"href":"https:\/\/www.lumen-care.com\/es\/wp-json\/wp\/v2\/comments?post=1415"}],"version-history":[{"count":0,"href":"https:\/\/www.lumen-care.com\/es\/wp-json\/wp\/v2\/posts\/1415\/revisions"}],"wp:featuredmedia":[{"embeddable":true,"href":"https:\/\/www.lumen-care.com\/es\/wp-json\/wp\/v2\/media\/1417"}],"wp:attachment":[{"href":"https:\/\/www.lumen-care.com\/es\/wp-json\/wp\/v2\/media?parent=1415"}],"wp:term":[{"taxonomy":"category","embeddable":true,"href":"https:\/\/www.lumen-care.com\/es\/wp-json\/wp\/v2\/categories?post=1415"},{"taxonomy":"post_tag","embeddable":true,"href":"https:\/\/www.lumen-care.com\/es\/wp-json\/wp\/v2\/tags?post=1415"}],"curies":[{"name":"wp","href":"https:\/\/api.w.org\/{rel}","templated":true}]}}