{"id":17114,"date":"2023-07-21T13:02:38","date_gmt":"2023-07-21T11:02:38","guid":{"rendered":"https:\/\/www.lumen-care.com\/?p=17114"},"modified":"2023-09-19T18:52:19","modified_gmt":"2023-09-19T16:52:19","slug":"mi-experiencia-como-terapeuta-con-lumen-care-por-fin-he-encontrado-un-metodo-realmente-eficaz","status":"publish","type":"post","link":"https:\/\/www.lumen-care.com\/es\/mi-experiencia-como-terapeuta-con-lumen-care-por-fin-he-encontrado-un-metodo-realmente-eficaz\/","title":{"rendered":"Mi experiencia como terapeuta con Lumen Care: \u00a1por fin he encontrado un m\u00e9todo realmente eficaz!"},"content":{"rendered":"<p><iframe title=\"Mi experiencia como terapeuta con Lumen Care: \u00a1por fin he encontrado un m\u00e9todo realmente eficaz!\" width=\"1020\" height=\"574\" src=\"https:\/\/www.youtube.com\/embed\/7Gi2AvcquIE?feature=oembed\" frameborder=\"0\" allow=\"accelerometer; autoplay; clipboard-write; encrypted-media; gyroscope; picture-in-picture; web-share\" referrerpolicy=\"strict-origin-when-cross-origin\" allowfullscreen><\/iframe><\/p>\n\n\t<div id=\"col-421643309\" class=\"col medium-6 small-12 large-6\"  >\n\t\t\t\t<div class=\"col-inner\"  >\n\t\t\t\n\t\t\t\t\t<\/div>\n\t\t\t\t\t<\/div>\n\n\t\n<a href=\"https:\/\/https:\/\/www.lumen-care.com\/catalogue-formations\/\" class=\"button primary is-shade box-shadow-3 box-shadow-5-hover\" style=\"border-radius:5px;\">\n\t\t<span>Aprender a desprogramar sensibilidades e intolerancias<\/span>\n\t<\/a>\n\n<p><strong>Transcripci\u00f3n del v\u00eddeo \u21d3<\/strong><\/p>\n<p><strong>\u00bfPuede hablarnos un poco de usted?<\/strong><\/p>\n<p>Me llamo Laurence, vivo en el Tarn y soy terapeuta de Lumen Care desde hace unos meses. Prob\u00e9 el m\u00e9todo con mi hijo, que ten\u00eda muchas alergias. Luego lo prob\u00e9 conmigo mismo. Decid\u00ed probarlo y puedo asegurarles que el m\u00e9todo es muy eficaz.<\/p>\n<p><strong>\u00bfCu\u00e1l es su relaci\u00f3n con las sensibilidades y las intolerancias?<\/strong><\/p>\n<p>Estoy muy contenta porque mi hijo ten\u00eda una discapacidad. Era muy sensible, con problemas de anafilaxia y sensibilidades. Despu\u00e9s de seis meses, pr\u00e1cticamente no tiene s\u00edntomas de intolerancia. Yo tambi\u00e9n ten\u00eda varias sensibilidades asm\u00e1ticas. Me pon\u00edan inyecciones de cortisona cuando era m\u00e1s joven, en primavera, a causa del polen. Ahora que no tengo problemas con el polen, no necesito cortisona. Tengo que admitir que estoy teniendo una primavera excepcional. Hac\u00eda a\u00f1os que no ten\u00eda una, y eso es muy bueno.<\/p>\n<p><strong>\u00bfTuvo buenos resultados con los antihistam\u00ednicos?<\/strong><\/p>\n<p>S\u00ed, funcion\u00f3, pero sigue habiendo efectos secundarios. Y ten\u00eda que tomarlos todo el tiempo, mientras que ahora no necesito tomar nada en absoluto. As\u00ed que es una gran diferencia.<\/p>\n<p><strong>\u00bfC\u00f3mo conoci\u00f3 el m\u00e9todo Lumen Care?<\/strong><\/p>\n<p>Es porque mi hijo es educado y sensible. Quer\u00eda que pudiera comer como nosotros, para hacer mi vida m\u00e1s f\u00e1cil y la suya tambi\u00e9n. Encontr\u00e9 por casualidad a alguien que practicaba el m\u00e9todo y quise saber m\u00e1s. Hice el curso y me fue tan bien que decid\u00ed montar mi propio negocio. Hemos seguido en contacto con todos los dem\u00e1s terapeutas y ha sido estupendo.<\/p>\n<p><strong>\u00bfC\u00f3mo ha ido la formaci\u00f3n?<\/strong><\/p>\n<p>Empezamos aprendiendo sobre kinesiolog\u00eda y luego nos familiarizamos con el m\u00e9todo durante dos d\u00edas. Nos enviaron algunos cursos b\u00e1sicos para que pudi\u00e9ramos pasar m\u00e1s tiempo juntos y hacer preguntas. Ya hab\u00edamos trabajado un poco en casa. Yo ya conoc\u00eda las sensibilidades y las intolerancias, porque hab\u00eda creado una asociaci\u00f3n sobre sensibilidades e intolerancias. Olivier es muy claro, muy convencido y muy convincente. Estuvo bien, hab\u00eda una buena energ\u00eda. Fue un curso realmente bueno. Lo recomiendo.<\/p>\n<p>Compr\u00e9 el equipo en el acto, as\u00ed que pude empezar enseguida.<\/p>\n<p><strong>\u00bfHa obtenido buenos resultados?<\/strong><\/p>\n<p>Ahora todos podemos comer m\u00e1s o menos lo mismo. Se comi\u00f3 su primera concha con el pan mojado. Estaba encantado. Y nosotros tambi\u00e9n lo celebramos. En cuanto a m\u00ed, estoy mucho mejor. Tengo m\u00e1s energ\u00eda, menos hinchaz\u00f3n, menos problemas intestinales, se acab\u00f3 la rinitis nocturna y el picor de garganta y los ojos llorosos. Ya est\u00e1, se acab\u00f3.<\/p>\n<p>Mi hija, que era intolerante al br\u00f3coli y sin embargo le encanta, ahora est\u00e1 contenta, va a comer br\u00f3coli. Tambi\u00e9n es hipersensible a la leche. Desde peque\u00f1a le pasa lo mismo. Pero ahora est\u00e1 contenta. Come yogur, ya no tiene miedo cuando la invitan a casa o cuando le dan una tarta. Se divierte.<\/p>\n<p><strong>\u00bfQu\u00e9 consejo puede dar a la gente?<\/strong><\/p>\n<p>No tengas miedo, ve a por ello, porque es un m\u00e9todo muy agradable y suave. Es el m\u00e9todo del futuro.<\/p>\n<h2>Ir m\u00e1s lejos<\/h2>\n<p>Si, como Laurence, desea probar un m\u00e9todo absolutamente eficaz contra sus sensibilidades e intolerancias, s\u00f3lo tiene que probar el m\u00e9todo Lumen Care.<\/p>\n\n\t<div id=\"col-1514409794\" class=\"col medium-6 small-12 large-6\"  >\n\t\t\t\t<div class=\"col-inner\"  >\n\t\t\t\n\t\t\t\t\t<\/div>\n\t\t\t\t\t<\/div>\n\n\t\n<a href=\"https:\/\/https:\/\/www.lumen-care.com\/catalogue-formations\/\" class=\"button primary is-shade box-shadow-3 box-shadow-5-hover\" style=\"border-radius:5px;\">\n\t\t<span>Aprender a desprogramar sensibilidades e intolerancias<\/span>\n\t<\/a>","protected":false},"excerpt":{"rendered":"<p>Transcripci\u00f3n del v\u00eddeo \u21d3 \u00bfPuede hablarnos un poco de usted? Me llamo Laurence, vivo en el Tarn y soy terapeuta de Lumen Care desde hace unos meses. Prob\u00e9 el m\u00e9todo con mi hijo que ten\u00eda muchas alergias. Luego lo prob\u00e9 conmigo misma. Decid\u00ed dar el paso y puedo asegurarles que el m\u00e9todo [...]","protected":false},"author":1111,"featured_media":17115,"comment_status":"closed","ping_status":"closed","sticky":false,"template":"","format":"video","meta":{"inline_featured_image":false,"__cvm_playback_settings":[],"__cvm_video_id":"","footnotes":""},"categories":[116,89],"tags":[],"class_list":["post-17114","post","type-post","status-publish","format-video","has-post-thumbnail","hentry","category-article","category-temoignages","post_format-post-format-video"],"vimeo_video":null,"_links":{"self":[{"href":"https:\/\/www.lumen-care.com\/es\/wp-json\/wp\/v2\/posts\/17114","targetHints":{"allow":["GET"]}}],"collection":[{"href":"https:\/\/www.lumen-care.com\/es\/wp-json\/wp\/v2\/posts"}],"about":[{"href":"https:\/\/www.lumen-care.com\/es\/wp-json\/wp\/v2\/types\/post"}],"author":[{"embeddable":true,"href":"https:\/\/www.lumen-care.com\/es\/wp-json\/wp\/v2\/users\/1111"}],"replies":[{"embeddable":true,"href":"https:\/\/www.lumen-care.com\/es\/wp-json\/wp\/v2\/comments?post=17114"}],"version-history":[{"count":0,"href":"https:\/\/www.lumen-care.com\/es\/wp-json\/wp\/v2\/posts\/17114\/revisions"}],"wp:featuredmedia":[{"embeddable":true,"href":"https:\/\/www.lumen-care.com\/es\/wp-json\/wp\/v2\/media\/17115"}],"wp:attachment":[{"href":"https:\/\/www.lumen-care.com\/es\/wp-json\/wp\/v2\/media?parent=17114"}],"wp:term":[{"taxonomy":"category","embeddable":true,"href":"https:\/\/www.lumen-care.com\/es\/wp-json\/wp\/v2\/categories?post=17114"},{"taxonomy":"post_tag","embeddable":true,"href":"https:\/\/www.lumen-care.com\/es\/wp-json\/wp\/v2\/tags?post=17114"}],"curies":[{"name":"wp","href":"https:\/\/api.w.org\/{rel}","templated":true}]}}