{"id":17153,"date":"2023-07-26T16:13:37","date_gmt":"2023-07-26T14:13:37","guid":{"rendered":"https:\/\/www.lumen-care.com\/?p=17153"},"modified":"2023-09-19T18:48:45","modified_gmt":"2023-09-19T16:48:45","slug":"alergico-a-la-pina-y-el-kiwi-ahora-maurana-puedo-comermelos-sin-cuidado-5","status":"publish","type":"post","link":"https:\/\/www.lumen-care.com\/es\/alergico-a-la-pina-y-el-kiwi-ahora-maurana-puedo-comermelos-sin-cuidado-5\/","title":{"rendered":"Natur\u00f3pata y energetista: \u00a1El m\u00e9todo me pareci\u00f3 muy satisfactorio para tratar las sensibilidades!"},"content":{"rendered":"<p><iframe title=\"Natur\u00f3pata y energ\u00fameno: \u00a1He encontrado la forma correcta de tratar las intolerancias!\" width=\"1020\" height=\"574\" src=\"https:\/\/www.youtube.com\/embed\/hGNsxpGHZDE?feature=oembed\" frameborder=\"0\" allow=\"accelerometer; autoplay; clipboard-write; encrypted-media; gyroscope; picture-in-picture; web-share\" referrerpolicy=\"strict-origin-when-cross-origin\" allowfullscreen><\/iframe><\/p>\n\n\t<div id=\"col-714946850\" class=\"col medium-6 small-12 large-6\"  >\n\t\t\t\t<div class=\"col-inner\"  >\n\t\t\t\n\t\t\t\t\t<\/div>\n\t\t\t\t\t<\/div>\n\n\t\n<a href=\"https:\/\/https:\/\/www.lumen-care.com\/catalogue-formations\/\" class=\"button primary is-shade box-shadow-3 box-shadow-5-hover\" style=\"border-radius:5px;\">\n\t\t<span>Aprender a desprogramar sensibilidades e intolerancias<\/span>\n\t<\/a>\n\n<p><strong>Transcripci\u00f3n del v\u00eddeo \u21d3<\/strong><\/p>\n<p><strong>\u00bfPuede hablarnos un poco de usted?<\/strong><\/p>\n<p>Yo soy <strong>\u00darsula Dorigo<\/strong>. Soy italiana de nacimiento y vivo en Francia desde hace veinte a\u00f1os. Hasta hace unos quince a\u00f1os investigaba en biolog\u00eda y desde hace unos seis me intereso por la curaci\u00f3n energ\u00e9tica y la naturopat\u00eda. En otras palabras, c\u00f3mo tratar a las personas utilizando m\u00e9todos naturales no convencionales. Me interesa especialmente la energ\u00eda vibratoria.<\/p>\n<p><strong>\u00bfCu\u00e1l es su relaci\u00f3n con las sensibilidades y las intolerancias?<\/strong><\/p>\n<p>Mi hermana es muy sensible a muchas cosas. Creo que fui consciente de este fen\u00f3meno desde una edad muy temprana. Mi hermana, por ejemplo, es intolerante al polen, tambi\u00e9n tiene muchas intolerancias. Es muy multisensible. Yo no ten\u00eda ning\u00fan problema realmente incapacitante. Pero llevaba a\u00f1os sintiendo que ten\u00eda algunos problemas. Sospechaba que era sensible a ciertos mohos que se desarrollan, por ejemplo, bajo el follaje en oto\u00f1o, porque en cuanto pasaba el verano y llegaba el oto\u00f1o con la lluvia, siempre me moqueaba la nariz. Investigando por mi cuenta, me di cuenta de que era eso.<\/p>\n<p><strong>\u00bfC\u00f3mo conoci\u00f3 el m\u00e9todo Lumen Care?<\/strong><\/p>\n<p>Ten\u00eda mucho inter\u00e9s en encontrar un remedio que pudiera ayudar a las personas sensibles. \u00bfPor qu\u00e9 iba a hacerlo? Porque no existe una alternativa convincente a trav\u00e9s de la medicina convencional. Empec\u00e9 a investigar en 2020. Est\u00e1bamos en confinamiento y pens\u00e9 que ten\u00eda que empezar a encontrar un m\u00e9todo alternativo para ayudar a las personas con problemas digestivos, intolerancias alimentarias. Tambi\u00e9n para ayudar a personas con problemas respiratorios. Empec\u00e9 a investigar en Internet, encontr\u00e9 varios m\u00e9todos y acab\u00e9 eligiendo entre dos: Bye Bye Allergies, que es bastante conocido, y Lumen Care.<\/p>\n<p>\u00bfPor qu\u00e9 eleg\u00ed Lumen Care? Sent\u00ed que era lo que necesitaba, porque el m\u00e9todo pod\u00eda realizarse a distancia. Como persona que trabaja mucho a distancia, esto es una verdadera ventaja. En aquel momento, no comprend\u00eda todas las ventajas de Lumen Care en comparaci\u00f3n con Bye Bye Allergies. Mantuve correspondencia con Olivier Coen, que fund\u00f3 el m\u00e9todo hace seis a\u00f1os. Tuvimos un intercambio muy bueno y eso me convenci\u00f3 para hacer el fin de semana de formaci\u00f3n a distancia de Lumen Care.<\/p>\n<p><strong>\u00bfC\u00f3mo ha ido la formaci\u00f3n?<\/strong><\/p>\n<p>El fin de semana de formaci\u00f3n se celebr\u00f3 a distancia. Conoc\u00ed a Olivier Coen, que nos ense\u00f1\u00f3 el m\u00e9todo. Fue entonces cuando vi realmente las ventajas del m\u00e9todo y en qu\u00e9 se diferenciaba de Bye Bye Allergies. Lo que m\u00e1s me llam\u00f3 la atenci\u00f3n fue el esp\u00edritu investigador de Olivier Coen, que hab\u00eda puesto en marcha un sistema muy vanguardista. Me convenci\u00f3 mucho su m\u00e9todo. La formaci\u00f3n me pareci\u00f3 intensa en cuanto a informaci\u00f3n, pero como ya hab\u00eda visto un seminario web antes de la formaci\u00f3n, ya me hab\u00eda preparado para la formaci\u00f3n.<\/p>\n<p><strong>\u00bfCu\u00e1les fueron sus resultados?<\/strong><\/p>\n<p>Al principio, prob\u00e9 el procedimiento con mi familia. Se lo hice a todo el mundo. Prob\u00e9 a mi hermana, me prob\u00e9 a m\u00ed mismo. Prob\u00e9 a mis padres, a mi sobrina. Al final, termin\u00e9 con tres c\u00e1psulas de tratamiento y tengo que decir que se acab\u00f3 el goteo nasal. Ya no ten\u00eda problemas de hongos ni moho.<\/p>\n<p>En general, no tuve ning\u00fan s\u00edntoma de las sustancias que identifiqu\u00e9 en esta primera prueba. Mi hermana tom\u00f3 tres c\u00e1psulas de tratamiento. Despu\u00e9s de este tratamiento, se sinti\u00f3 mejor durante toda la estaci\u00f3n del polen, por lo que no tuvo ning\u00fan problema respiratorio. Al a\u00f1o siguiente, repiti\u00f3 el tratamiento con c\u00e1psulas. No tuvo ning\u00fan efecto negativo de la exposici\u00f3n al polen. Fue un verdadero alivio. Cuando me di cuenta de que ten\u00eda raz\u00f3n al sospechar que era intolerante o muy sensible a mis propias hormonas, me vino bien comprenderlo. Pod\u00eda seguir teniendo reacciones a mis fluctuaciones hormonales, \u00falceras bucales, problemas hep\u00e1ticos, etc\u00e9tera. Ya no tengo todo eso despu\u00e9s del tratamiento.<\/p>\n<p><strong>\u00bfHa recibido buenos comentarios?<\/strong><\/p>\n<p>He recibido buenos comentarios sobre sensibilidades respiratorias y problemas digestivos. A veces la gente tiene que volver a ponerse la c\u00e1psula de tratamiento. Dura al menos cinco a\u00f1os. Las personas reaccionan de forma aut\u00f3noma, as\u00ed que cuando se sienten peor, vuelven a ponerse la c\u00e1psula de tratamiento y vuelve a funcionar. En cualquier caso, lo que puedo decir es que los ni\u00f1os que vienen a vernos, que tienen trastornos alimentarios y problemas digestivos, realmente se sienten mejor despu\u00e9s de llevar la c\u00e1psula de tratamiento.<\/p>\n<p><strong>\u00bfCu\u00e1les son las ventajas del m\u00e9todo Lumen Care?<\/strong><\/p>\n<p>Lumen Care tambi\u00e9n se esfuerza por ofrecer regularmente seminarios web en l\u00ednea. Si tiene alguna duda o pregunta, puede participar en estos seminarios web y pedir ayuda. Lumen Care no s\u00f3lo ofrece c\u00e1psulas de tratamiento vibracional para todo lo relacionado con sustancias sensibles, alerg\u00e9nicas o intolerantes, sino que tambi\u00e9n ofrece recodificaci\u00f3n, reinformaci\u00f3n vibracional del cuerpo utilizando sustancias que funcionan a nivel emocional. Estoy realmente muy satisfecho con los resultados de estas c\u00e1psulas y tienen un gran poder sobre las emociones de las personas.<\/p>\n<p>Tengo que decir que llevarlas, aunque s\u00f3lo sea unos d\u00edas, ciertas c\u00e1psulas de re-informaci\u00f3n vibracional y emocional, me cambi\u00f3 para siempre. Porque las us\u00e9 hace un a\u00f1o y realmente vi un efecto duradero. Los ni\u00f1os ya son mucho m\u00e1s sensibles a todo lo vibracional. Cuanto antes nos hagamos cargo de una sensibilidad m\u00e1s f\u00e1cil, mejor. Como es dif\u00edcil conseguir un certificado m\u00e9dico para la intolerancia o la sensibilidad extrema a los alimentos, el tratamiento Lumen Care ofrece una alternativa real. Es una verdadera ventaja, sobre todo para los ni\u00f1os, porque no pueden seguir una dieta de evitaci\u00f3n estricta. Estoy muy satisfecha.<\/p>\n<p>&nbsp;<\/p>\n<h2>Ir m\u00e1s lejos<\/h2>\n<p>Si, como <strong>\u00darsula<\/strong>Si quiere liberarse de sus sensibilidades e intolerancias, s\u00f3lo tiene que probar el m\u00e9todo Lumen Care.<\/p>\n\n\t<div id=\"col-1576602422\" class=\"col medium-6 small-12 large-6\"  >\n\t\t\t\t<div class=\"col-inner\"  >\n\t\t\t\n\t\t\t\t\t<\/div>\n\t\t\t\t\t<\/div>\n\n\t\n<a href=\"https:\/\/https:\/\/www.lumen-care.com\/catalogue-formations\/\" class=\"button primary is-shade box-shadow-3 box-shadow-5-hover\" style=\"border-radius:5px;\">\n\t\t<span>Aprender a desprogramar sensibilidades e intolerancias<\/span>\n\t<\/a>","protected":false},"excerpt":{"rendered":"<p>Transcripci\u00f3n del v\u00eddeo \u21d3 \u00bfPuede hablarnos un poco de usted? Me llamo Ursula Dorigo. Soy italiana de nacimiento y vivo en Francia desde hace unos veinte a\u00f1os. Hasta hace unos quince a\u00f1os me dediqu\u00e9 a la investigaci\u00f3n en biolog\u00eda y desde hace unos seis a\u00f1os me intereso por la sanaci\u00f3n energ\u00e9tica, la [...]","protected":false},"author":1111,"featured_media":17154,"comment_status":"closed","ping_status":"closed","sticky":false,"template":"","format":"video","meta":{"inline_featured_image":false,"__cvm_playback_settings":[],"__cvm_video_id":"","footnotes":""},"categories":[116,89],"tags":[],"class_list":["post-17153","post","type-post","status-publish","format-video","has-post-thumbnail","hentry","category-article","category-temoignages","post_format-post-format-video"],"vimeo_video":null,"_links":{"self":[{"href":"https:\/\/www.lumen-care.com\/es\/wp-json\/wp\/v2\/posts\/17153","targetHints":{"allow":["GET"]}}],"collection":[{"href":"https:\/\/www.lumen-care.com\/es\/wp-json\/wp\/v2\/posts"}],"about":[{"href":"https:\/\/www.lumen-care.com\/es\/wp-json\/wp\/v2\/types\/post"}],"author":[{"embeddable":true,"href":"https:\/\/www.lumen-care.com\/es\/wp-json\/wp\/v2\/users\/1111"}],"replies":[{"embeddable":true,"href":"https:\/\/www.lumen-care.com\/es\/wp-json\/wp\/v2\/comments?post=17153"}],"version-history":[{"count":0,"href":"https:\/\/www.lumen-care.com\/es\/wp-json\/wp\/v2\/posts\/17153\/revisions"}],"wp:featuredmedia":[{"embeddable":true,"href":"https:\/\/www.lumen-care.com\/es\/wp-json\/wp\/v2\/media\/17154"}],"wp:attachment":[{"href":"https:\/\/www.lumen-care.com\/es\/wp-json\/wp\/v2\/media?parent=17153"}],"wp:term":[{"taxonomy":"category","embeddable":true,"href":"https:\/\/www.lumen-care.com\/es\/wp-json\/wp\/v2\/categories?post=17153"},{"taxonomy":"post_tag","embeddable":true,"href":"https:\/\/www.lumen-care.com\/es\/wp-json\/wp\/v2\/tags?post=17153"}],"curies":[{"name":"wp","href":"https:\/\/api.w.org\/{rel}","templated":true}]}}