{"id":24187,"date":"2024-10-10T11:20:00","date_gmt":"2024-10-10T09:20:00","guid":{"rendered":"https:\/\/www.lumen-care.com\/?p=24187"},"modified":"2025-02-26T20:42:16","modified_gmt":"2025-02-26T19:42:16","slug":"testimonio-de-la-terapeuta-emmanuelle-regnat-antigua-hipersensible-al-gluten-desde-hace-12-anos","status":"publish","type":"post","link":"https:\/\/www.lumen-care.com\/es\/testimonio-de-la-terapeuta-emmanuelle-regnat-antigua-hipersensible-al-gluten-desde-hace-12-anos\/","title":{"rendered":"Testimonio de la terapeuta Emmanuelle Regnat - Ex hipersensible al gluten desde hace 12 a\u00f1os"},"content":{"rendered":"<p><iframe title=\"Testimonio Emmanuelle - Ex hipersensible al gluten durante 12 a\u00f1os\" width=\"1020\" height=\"574\" src=\"https:\/\/www.youtube.com\/embed\/A8zZV-kJHII?feature=oembed\" frameborder=\"0\" allow=\"accelerometer; autoplay; clipboard-write; encrypted-media; gyroscope; picture-in-picture; web-share\" referrerpolicy=\"strict-origin-when-cross-origin\" allowfullscreen><\/iframe><\/p>\n\n\t<div id=\"col-2039723812\" class=\"col medium-6 small-12 large-6\"  >\n\t\t\t\t<div class=\"col-inner\"  >\n\t\t\t\n\t\t\t\t\t<\/div>\n\t\t\t\t\t<\/div>\n\n\t\n<a href=\"https:\/\/https:\/\/www.lumen-care.com\/catalogue-formations\/\" class=\"button primary is-shade box-shadow-3 box-shadow-5-hover\" style=\"border-radius:5px;\">\n\t\t<span>Aprender a desprogramar sensibilidades e intolerancias<\/span>\n\t<\/a>\n\n<p>&nbsp;<\/p>\n<p><strong>Transcripci\u00f3n del v\u00eddeo \u21d3<\/strong><\/p>\n<p>Leer el testimonio <strong>por Emmanuelle Regnat, ex sensible al gluten durante 12 a\u00f1os<\/strong>. Hoy, gracias a <strong>M\u00e9todo Lumen Care<\/strong>Se siente como una persona nueva. A ra\u00edz de ello, decidi\u00f3 formarse en este m\u00e9todo para que m\u00e1s personas pudieran descubrir sus incre\u00edbles beneficios.<\/p>\n<p>Hola a todos. Hoy quer\u00eda hablaros de<strong> alergia al gluten<\/strong>. Alergia, intolerancia, no todo el mundo est\u00e1 de acuerdo con el t\u00e9rmino. En resumen, voy a hablarles de <strong>la intolerancia que arruin\u00f3 mi vida durante 12 a\u00f1os<\/strong>. Empez\u00f3 poco despu\u00e9s de que muriera mi abuela paterna y claramente creo que est\u00e1 relacionado. En cualquier caso, se suele decir que una alergia est\u00e1 ligada a una emoci\u00f3n, es emocional.<\/p>\n<p>En el curso de formaci\u00f3n al que asist\u00ed, en un momento dado nos pusieron el ejemplo de una madre que se enter\u00f3 del grave accidente de su hijo cuando los bomberos fueron a verla a su casa y ella estaba comi\u00e9ndose un melocot\u00f3n, <strong>le provoc\u00f3 una alergia al melocot\u00f3n<\/strong>. No recuerdo lo que estaba haciendo cuando mi padre me dijo que mi abuela hab\u00eda muerto. No s\u00e9 si estaba comiendo gluten, pero en cualquier caso, el resultado est\u00e1 ah\u00ed.<\/p>\n<p>Desde 2012, he tenido un i<strong>ntolerancia al gluten<\/strong> lo que significaba que no pod\u00eda comerlo en absoluto. En otras palabras, durante 12 a\u00f1os lo dej\u00e9 por completo. <strong>Por desgracia, la evitaci\u00f3n total no evita los accidentes menores ni la contaminaci\u00f3n cruzada.<\/strong>. A decir verdad, uno de los mayores ataques que tuve fue besar a mi marido, que acababa de comer pan. Es cierto que el pan en casa era muy raro porque la contaminaci\u00f3n cruzada en la mesa significaba que no com\u00edas en ning\u00fan sitio que no fuera con la gente con la que estaba. En este caso, no era realmente contaminaci\u00f3n cruzada porque <strong>Le bes\u00e9 y deb\u00eda tener un poco de restos de harina en los labios y no fall\u00f3. <\/strong><\/p>\n<p>Concretamente, \u00bfc\u00f3mo me defin\u00eda? <strong>Dolores de est\u00f3mago insoportables, diarrea casi inmediatamente despu\u00e9s de la ingesti\u00f3n, seguida de terribles dolores abdominales.<\/strong>. D\u00eda y noche durante siete d\u00edas. Tambi\u00e9n podr\u00eda decirte que en casa hab\u00eda un poco de psicosis cuando ven\u00eda gente de visita, cuando hab\u00eda una invitaci\u00f3n a cenar en otro sitio que no fuera la casa. Por eso, la mayor\u00eda de las veces, eran los amigos los que ven\u00edan a casa y no al rev\u00e9s. <strong>Me dijeron que esta intolerancia no se pod\u00eda curar<\/strong>. As\u00ed que dej\u00e9 el gluten por completo. Como alguien que sol\u00eda ser muy glotona, que com\u00eda una baguette de pan al d\u00eda, que com\u00eda pasta, pizzas y hamburguesas a todas horas, fue extremadamente duro volver a una dieta diferente. Y francamente, ha sido muy complicado. <strong>Estuve muy frustrado durante 12 a\u00f1os. <\/strong><\/p>\n<p>Un d\u00eda, por casualidad, <strong>Me encontr\u00e9 con un v\u00eddeo de una se\u00f1ora que hab\u00eda probado un m\u00e9todo llamado Lumen Care<\/strong>. Dijo que era <strong>Era al\u00e9rgica al gluten desde que ten\u00eda ocho a\u00f1os y despu\u00e9s de utilizar el m\u00e9todo Lumen Care, su intolerancia desapareci\u00f3 por completo y pudo volver a comer gluten.<\/strong>. En ese momento, era la galette des rois y ella pudo comer la galette des rois. <strong>Su testimonio me dej\u00f3 at\u00f3nito<\/strong> y estando muy frustrado, estando muy enfermo en caso de contaminaci\u00f3n cruzada, me dije: no arriesgo mucho probando este m\u00e9todo.<\/p>\n<p>As\u00ed que..,<strong> He probado este m\u00e9todo<\/strong>. Fue un poco largo y tedioso porque realmente lo fue, <strong>la alergia estaba anclada emocionalmente en mi cuerpo<\/strong>. As\u00ed que tardamos un poco en desprogramarlo. Tardamos algo m\u00e1s de tres meses porque necesit\u00e1bamos una c\u00e1psula inicial. Esta primera c\u00e1psula,<strong> Tuve que prolongarlo un mes m\u00e1s y entonces la alergia desapareci\u00f3.<\/strong>. Excepto que cuando me hicieron la prueba emocional, siempre estaba ah\u00ed. Lo prob\u00e9 en el pliegue del brazo antes de ingerirlo, obviamente, y el pliegue del codo me quem\u00f3, as\u00ed que no prob\u00e9 comiendo gluten. Volv\u00ed a llamar a mi terapeuta, ya que no estaba entrenado en ese momento, y me hizo la prueba emocional y efectiva, <strong>Yo siempre estaba en cuatro en esta alergia al gluten con el emocional. <\/strong><\/p>\n<p>As\u00ed que hice una nueva peque\u00f1a c\u00e1psula que llev\u00e9 durante casi un mes y medio, y despu\u00e9s de eso, funcion\u00f3, <strong>en la \u00faltima revisi\u00f3n me dijeron: \"Ya est\u00e1, ya puedes irte\".<\/strong>. Y as\u00ed, al d\u00eda siguiente, <strong>Me com\u00ed una porci\u00f3n entera de pizza<\/strong>. Me com\u00ed un trozo de pizza y pens\u00e9: o me como un trozo o me la como entera, o me pondr\u00e9 malo. As\u00ed que segu\u00ed adelante y <strong>No tuve ning\u00fan s\u00edntoma, mientras que normalmente s\u00f3lo una miga me pon\u00eda enferma. <\/strong><\/p>\n<p>Despu\u00e9s de eso, <strong>Decid\u00ed entrenarme con este m\u00e9todo porque los resultados me parecen totalmente sorprendentes.<\/strong>Entre ellas se encuentran las alergias alimentarias, las alergias ambientales como el polen, los \u00e1caros del polvo, etc., as\u00ed como las alergias cosm\u00e9ticas y las alergias farmac\u00e9uticas. Alergias cosm\u00e9ticas, alergias farmac\u00e9uticas. <strong>El m\u00e9todo Lumen Care funciona con todo. <\/strong><\/p>\n<p>Hoy, <strong>mi mayor deseo es que todas aquellas personas que son al\u00e9rgicas, que o bien est\u00e1n frustradas porque no pueden comer lo que les gusta, o bien porque les sienta muy mal, s\u00f3lo tengo un deseo, y es poder librarles de esta alergia<\/strong>. As\u00ed que si conoces a alguien al\u00e9rgico, si eres al\u00e9rgico t\u00fa mismo, te ruego que pruebes este m\u00e9todo. Es cosa de locos.<\/p>\n<p><strong>Soy la prueba viviente de que funcion\u00f3.<\/strong> Todav\u00eda hay <strong>lleno de testimonios sobre <a href=\"https:\/\/www.youtube.com\/@lumencare\">Canal YouTube de Lumen Care<\/a><\/strong>. Ahora estoy lo suficientemente lejos de la situaci\u00f3n como para poder darles la opini\u00f3n de mis clientes, que est\u00e1n muy satisfechos, tanto si tienen alergias alimentarias como alergias a las gram\u00edneas. Sencillamente, la gente vuelve a vivir.<\/p>\n<p>S\u00f3lo tengo una cosa que decir, <strong>\u00a1es probar este m\u00e9todo!<\/strong>\u00a0<strong>Pero francamente, no dudes<\/strong>.<\/p>\n<p>Como <strong>Emmanuelle<\/strong>, <strong>pruebe el M\u00e9todo Lumen Care y aprenda a desprogramar permanentemente todas las sensibilidades e intolerancias. <\/strong><\/p>\n\n\t<div id=\"col-531883582\" class=\"col medium-6 small-12 large-6\"  >\n\t\t\t\t<div class=\"col-inner\"  >\n\t\t\t\n\t\t\t\t\t<\/div>\n\t\t\t\t\t<\/div>\n\n\t\n<a href=\"https:\/\/https:\/\/www.lumen-care.com\/catalogue-formations\/\" class=\"button primary is-shade box-shadow-3 box-shadow-5-hover\" style=\"border-radius:5px;\">\n\t\t<span>Aprender a desprogramar sensibilidades e intolerancias<\/span>\n\t<\/a>","protected":false},"excerpt":{"rendered":"<p>&nbsp; Transcripci\u00f3n del v\u00eddeo \u21d3 Descubre el testimonio de Emmanuelle Regnat, ex hipersensible al gluten durante 12 a\u00f1os. Hoy, gracias al m\u00e9todo Lumen Care, \u00a1se siente revivida! Por ello, ha decidido formarse en este m\u00e9todo para que m\u00e1s personas puedan descubrir sus incre\u00edbles beneficios. Hola [...]","protected":false},"author":1111,"featured_media":24190,"comment_status":"closed","ping_status":"closed","sticky":false,"template":"","format":"standard","meta":{"inline_featured_image":false,"__cvm_playback_settings":[],"__cvm_video_id":"","footnotes":""},"categories":[116,89],"tags":[],"class_list":["post-24187","post","type-post","status-publish","format-standard","has-post-thumbnail","hentry","category-article","category-temoignages"],"vimeo_video":null,"_links":{"self":[{"href":"https:\/\/www.lumen-care.com\/es\/wp-json\/wp\/v2\/posts\/24187","targetHints":{"allow":["GET"]}}],"collection":[{"href":"https:\/\/www.lumen-care.com\/es\/wp-json\/wp\/v2\/posts"}],"about":[{"href":"https:\/\/www.lumen-care.com\/es\/wp-json\/wp\/v2\/types\/post"}],"author":[{"embeddable":true,"href":"https:\/\/www.lumen-care.com\/es\/wp-json\/wp\/v2\/users\/1111"}],"replies":[{"embeddable":true,"href":"https:\/\/www.lumen-care.com\/es\/wp-json\/wp\/v2\/comments?post=24187"}],"version-history":[{"count":2,"href":"https:\/\/www.lumen-care.com\/es\/wp-json\/wp\/v2\/posts\/24187\/revisions"}],"predecessor-version":[{"id":25767,"href":"https:\/\/www.lumen-care.com\/es\/wp-json\/wp\/v2\/posts\/24187\/revisions\/25767"}],"wp:featuredmedia":[{"embeddable":true,"href":"https:\/\/www.lumen-care.com\/es\/wp-json\/wp\/v2\/media\/24190"}],"wp:attachment":[{"href":"https:\/\/www.lumen-care.com\/es\/wp-json\/wp\/v2\/media?parent=24187"}],"wp:term":[{"taxonomy":"category","embeddable":true,"href":"https:\/\/www.lumen-care.com\/es\/wp-json\/wp\/v2\/categories?post=24187"},{"taxonomy":"post_tag","embeddable":true,"href":"https:\/\/www.lumen-care.com\/es\/wp-json\/wp\/v2\/tags?post=24187"}],"curies":[{"name":"wp","href":"https:\/\/api.w.org\/{rel}","templated":true}]}}