{"id":25931,"date":"2025-03-19T15:45:08","date_gmt":"2025-03-19T14:45:08","guid":{"rendered":"https:\/\/www.lumen-care.com\/?p=25931"},"modified":"2025-03-19T15:59:43","modified_gmt":"2025-03-19T14:59:43","slug":"sensibilidades-y-aditivos-alimentarios","status":"publish","type":"post","link":"https:\/\/www.lumen-care.com\/es\/sensibilidades-y-aditivos-alimentarios\/","title":{"rendered":"Aditivos alimentarios: \u00bfcu\u00e1les son los m\u00e1s propensos a causar sensibilidades?"},"content":{"rendered":"<p>En<strong> aditivos alimentarios<\/strong>Los aditivos alimentarios son todo aquello que a\u00f1adimos a los alimentos para conservarlos, darles un color agradable o mejorar su sabor. <strong>Ya sabes, \u00a1todos los ingredientes que empiezan por la letra E!<\/strong> Est\u00e1n por todas partes: en los dulces, los refrescos, los platos precocinados... e incluso en algunos alimentos que creemos \"naturales\". Pero a veces, <strong>nuestro cuerpo reacciona mal a estas sustancias<\/strong>. \u00bfPor qu\u00e9?<\/p>\n<h3><strong>Los aditivos problem\u00e1ticos m\u00e1s comunes<\/strong><\/h3>\n<p>Hay miles de ellos, pero he aqu\u00ed algunos ejemplos de aditivos a los que nuestro organismo a veces reacciona mal:<\/p>\n<ul>\n<li><strong>Glutamato (E621)<\/strong> Se utiliza para realzar el sabor y puede provocar dolores de cabeza o sensaci\u00f3n de opresi\u00f3n.<\/li>\n<li><strong>Colorantes artificiales (E102, E110, E129, etc.)<\/strong> Se sospecha que algunos agravan la hiperactividad en los ni\u00f1os.<\/li>\n<li><strong>Conservantes (E200 a E299)<\/strong> Mantienen los alimentos frescos durante m\u00e1s tiempo, pero tambi\u00e9n pueden irritar el est\u00f3mago.<\/li>\n<\/ul>\n<h3><strong>\u00bfPor qu\u00e9 algunas personas son sensibles a determinados aditivos?<\/strong><\/h3>\n<p><strong>No todo el mundo reacciona igual a los aditivos<\/strong>. Algunos los toleran muy bien, mientras que otros desarrollan reacciones como <strong>dolores de cabeza, erupciones cut\u00e1neas o problemas digestivos<\/strong>. Pero lo interesante es que <strong>no es necesariamente el aditivo en s\u00ed lo que es peligroso<\/strong>sino m\u00e1s bien la forma en que nuestro cuerpo lo interpreta. B\u00e1sicamente, es como si <strong>nuestro cuerpo se equivoc\u00f3 y vio un \"peligro\" donde no lo hab\u00eda<\/strong>.<\/p>\n<h3><strong>\u00bfT\u00f3xico o no?<\/strong><\/h3>\n<p>Del panel de algunos <strong>400 aditivos diferentes utilizados en la industria alimentaria<\/strong>Hay absolutamente de todo, desde lo m\u00e1s inocuo como el <strong>E300, \u00e1cido asc\u00f3rbico<\/strong>que no es m\u00e1s que <strong>vitamina C<\/strong>a algunas cosas realmente desagradables que son sospechosas de ser cancer\u00edgenas.<\/p>\n<p><strong>La complejidad surge del hecho de que no existe una relaci\u00f3n directa entre la toxicidad de un aditivo y su capacidad para provocar una reacci\u00f3n de sensibilidad.<\/strong>. De hecho, esta reactividad es generada \u00fanicamente por la interpretaci\u00f3n espec\u00edfica que su cuerpo ha programado en un momento dado, la mayor\u00eda de las veces como resultado de un choque emocional, a cualquier edad.<\/p>\n<p><strong>Por tanto, la toxicidad de una sustancia no est\u00e1 vinculada en modo alguno a su capacidad para convertirse en un mejor al\u00e9rgeno.<\/strong>. Es perfectamente posible ser al\u00e9rgico a las fresas, las manzanas o el polen, que no son en absoluto t\u00f3xicos. As\u00ed que, o la l\u00f3gica se aplica a todo, \u00a1o no se aplica a nada!<\/p>\n<p>Por tanto, en la b\u00fasqueda de aditivos que provoquen reacciones de sensibilidad, se dar\u00e1 prioridad a los que se utilicen con m\u00e1s frecuencia y no a los m\u00e1s t\u00f3xicos.<\/p>\n<h3><strong>\u00bfSe puede realmente \"desprogramar\" un al\u00e9rgeno?<\/strong><\/h3>\n<p>La buena noticia es que es posible ayudar al organismo a calmarse frente a estas sustancias. <strong>El m\u00e9todo Lumen Care<\/strong> ha desarrollado un planteamiento original basado en la energ\u00eda y la memoria del agua. La idea es sencilla:<\/p>\n<ul>\n<li>Se crea una \"huella dactilar\" del aditivo en cuesti\u00f3n bajo <strong>forma vibratoria<\/strong>.<\/li>\n<li>Esta impresi\u00f3n se coloca en un <strong>c\u00e1psula de agua codificada<\/strong>.<\/li>\n<li>Al llevar esta c\u00e1psula como colgante, el cuerpo recibe gradualmente la informaci\u00f3n y <strong>aprende a dejar de exagerar<\/strong>.<\/li>\n<\/ul>\n<h3><strong>Un enfoque natural y sin f\u00e1rmacos<\/strong><\/h3>\n<p>Este m\u00e9todo se basa en <strong>principios inspirados en la memoria del agua y la radi\u00f3nica<\/strong>una consulta que trabaja con el<strong>Energ\u00eda a distancia<\/strong>. Esto permitir\u00eda al cuerpo \"reaprender\" a <strong>reconocer ciertas sustancias como inofensivas y detener las reacciones excesivas<\/strong>.<\/p>\n<h3><strong>\u00bfY funciona?<\/strong><\/h3>\n<p>Muchas personas con sensibilidad alimentaria dicen haber encontrado consuelo gracias a este m\u00e9todo. Los terapeutas tambi\u00e9n se est\u00e1n formando en este m\u00e9todo para ayudar a\u00fan a m\u00e1s personas.<\/p>\n<p><strong>\u00bfQuiere vivir mejor sin aditivos alimentarios?<\/strong> Descubre la <strong>Complejo de aditivos alimentarios<\/strong> el M\u00e9todo Lumen Care y reequilibre su sensibilidad de forma natural. <strong><a href=\"https:\/\/www.lumen-care.com\/es\/sensibilidades-intolerancias\/mezcla-especias-y-aditivos\/\">lumen-care.com\/sensibilidades-intolerancias\/melange-epices-et-additifs\/<\/a><\/strong><\/p>\n<p><!-- notionvc: fbc4f33c-84bd-437e-87e0-2aca6ce50c10 --><\/p>\n<p><!-- notionvc: be4e5b19-e3b6-4b9f-9fc9-1bc744c4397c --><\/p>\n<h2>Ir m\u00e1s lejos<\/h2>\n<div class=\"row\"  id=\"row-2131064127\">\n\n\t<div id=\"col-2014845634\" class=\"col medium-6 small-12 large-6\"  >\n\t\t\t\t<div class=\"col-inner\"  >\n\t\t\t\n\t\t\t\n<a href=\"https:\/\/www.lumen-care.com\/es\/sensibilidades-intolerancias\/mezcla-especias-y-aditivos\/\" class=\"button primary is-shade box-shadow-3 box-shadow-5-hover\" style=\"border-radius:5px;\">\n\t\t<span>Comprar Complejo de especias y aditivos<\/span>\n\t<\/a>\n\n\t\t<\/div>\n\t\t\t\t\t<\/div>\n\n\t\n\n\t<div id=\"col-2038753255\" class=\"col medium-6 small-12 large-6\"  >\n\t\t\t\t<div class=\"col-inner\"  >\n\t\t\t\n\t\t\t\n<a href=\"https:\/\/www.apsl-sante.org\/annuaire-praticiens\/\/\" class=\"button primary is-shade box-shadow-3 box-shadow-5-hover\" style=\"border-radius:5px;\">\n\t\t<span>Encuentre un profesional para una evaluaci\u00f3n personalizada<\/span>\n\t<\/a>\n\n\t\t<\/div>\n\t\t\t\t\t<\/div>\n\n\t\n<\/div>","protected":false},"excerpt":{"rendered":"<p>Los aditivos alimentarios son todo aquello que a\u00f1adimos a los alimentos para conservarlos, darles un color agradable o mejorar su sabor. Ya sabes, \u00a1todos los ingredientes que empiezan por la letra E! Est\u00e1n por todas partes: en los dulces, los refrescos, los platos precocinados... e incluso en algunos alimentos que consideramos \"naturales\". [...]","protected":false},"author":1111,"featured_media":25936,"comment_status":"closed","ping_status":"closed","sticky":false,"template":"","format":"standard","meta":{"inline_featured_image":false,"__cvm_playback_settings":[],"__cvm_video_id":"","footnotes":""},"categories":[116],"tags":[],"class_list":["post-25931","post","type-post","status-publish","format-standard","has-post-thumbnail","hentry","category-article"],"vimeo_video":null,"_links":{"self":[{"href":"https:\/\/www.lumen-care.com\/es\/wp-json\/wp\/v2\/posts\/25931","targetHints":{"allow":["GET"]}}],"collection":[{"href":"https:\/\/www.lumen-care.com\/es\/wp-json\/wp\/v2\/posts"}],"about":[{"href":"https:\/\/www.lumen-care.com\/es\/wp-json\/wp\/v2\/types\/post"}],"author":[{"embeddable":true,"href":"https:\/\/www.lumen-care.com\/es\/wp-json\/wp\/v2\/users\/1111"}],"replies":[{"embeddable":true,"href":"https:\/\/www.lumen-care.com\/es\/wp-json\/wp\/v2\/comments?post=25931"}],"version-history":[{"count":10,"href":"https:\/\/www.lumen-care.com\/es\/wp-json\/wp\/v2\/posts\/25931\/revisions"}],"predecessor-version":[{"id":25944,"href":"https:\/\/www.lumen-care.com\/es\/wp-json\/wp\/v2\/posts\/25931\/revisions\/25944"}],"wp:featuredmedia":[{"embeddable":true,"href":"https:\/\/www.lumen-care.com\/es\/wp-json\/wp\/v2\/media\/25936"}],"wp:attachment":[{"href":"https:\/\/www.lumen-care.com\/es\/wp-json\/wp\/v2\/media?parent=25931"}],"wp:term":[{"taxonomy":"category","embeddable":true,"href":"https:\/\/www.lumen-care.com\/es\/wp-json\/wp\/v2\/categories?post=25931"},{"taxonomy":"post_tag","embeddable":true,"href":"https:\/\/www.lumen-care.com\/es\/wp-json\/wp\/v2\/tags?post=25931"}],"curies":[{"name":"wp","href":"https:\/\/api.w.org\/{rel}","templated":true}]}}