{"id":3996,"date":"2019-08-13T14:01:16","date_gmt":"2019-08-13T12:01:16","guid":{"rendered":"https:\/\/www.lumen-care.com\/?p=3996"},"modified":"2023-08-22T18:38:27","modified_gmt":"2023-08-22T16:38:27","slug":"testimonio-intolerancia-alpolen-ana-sandreas","status":"publish","type":"post","link":"https:\/\/www.lumen-care.com\/es\/testimonio-intolerancia-alpolen-ana-sandreas\/","title":{"rendered":"Intolerancia al polen - Ana Sandreas"},"content":{"rendered":"<div class=\"video video-fit mb\" style=\"padding-top:56.25%;\"><p><iframe title=\"Testimonio sobre desprogramaci\u00f3n, intolerancias y sensibilidades a los p\u00f3lenes por Ana Sandreas\" width=\"1020\" height=\"574\" src=\"https:\/\/www.youtube.com\/embed\/NXc-aYzouXQ?feature=oembed\" frameborder=\"0\" allow=\"accelerometer; autoplay; clipboard-write; encrypted-media; gyroscope; picture-in-picture; web-share\" referrerpolicy=\"strict-origin-when-cross-origin\" allowfullscreen><\/iframe><\/p>\n<\/div>\n<h2>Transcripci\u00f3n de la entrevista<\/h2>\n<p><strong>Ana <\/strong>Buenas noches, volvemos con los directos en la Cumbre de la Conciencia, y para este primer directo he invitado a Olivier Coen.<\/p>\n<p>Olivier es investigador en terapia energ\u00e9tica; as\u00ed es Olivier<\/p>\n<p><strong>Olivier <\/strong>:<\/p>\n<p>Buenos d\u00edas y gracias por invitarme.<\/p>\n<p><strong>Ana <\/strong>:<\/p>\n<p>Quer\u00eda invitar a Olivier porque le estoy muy agradecido. Voy a contarles mi historia r\u00e1pidamente y luego podremos hacerle algunas preguntas a Olivier.<\/p>\n<p>De hecho durante a\u00f1os, desde que llegu\u00e9 a Francia hace 20 a\u00f1os<\/p>\n<p>Ten\u00eda una intolerancia grave al polen, hasta el punto de que me imped\u00eda vivir.<\/p>\n<p>A pesar de que trabaj\u00e9 sobre m\u00ed misma para encontrar el origen de esta intolerancia, de que hice muchas cosas, nada tuvo ning\u00fan efecto sobre esta intolerancia.<\/p>\n<p>Ten\u00eda la impresi\u00f3n (y era cierto) de que cada a\u00f1o iba a peor.<\/p>\n<p>Hasta que el a\u00f1o pasado me dije: Dios m\u00edo m\u00e1ndame una soluci\u00f3n, no puedo m\u00e1s.<\/p>\n<p>Y cuando preguntas, cuando buscas, encuentras, y obtuve la respuesta: era Olivier.<\/p>\n<p>Fue impresionante: en cuanto llegu\u00e9 a su consulta, mi intolerancia ces\u00f3. Hubo un antes y un despu\u00e9s, incluso antes de que \u00e9l hiciera nada.<\/p>\n<p>Y por eso quise invitarle, porque s\u00e9 que hay mucha gente, sobre todo ahora que es \u00e9poca de polen, que sufre esta sensibilidad y otras intolerancias.<\/p>\n<p>Porque tambi\u00e9n hablas de intolerancias.<\/p>\n<p><strong>Olivier <\/strong>:<\/p>\n<p>S\u00ed, por supuesto.<\/p>\n<p><strong>Ana <\/strong>:<\/p>\n<p>Quer\u00eda compartir esta informaci\u00f3n con ustedes porque cambi\u00f3 mi vida.<\/p>\n<p>El a\u00f1o pasado por estas fechas no podr\u00eda haber hecho esto en directo, porque estuve un poco \"impedido\" durante dos meses o m\u00e1s.<\/p>\n<p>Bueno, para m\u00ed fue impresionante porque desde el momento en que entr\u00e9 en su consulta, cuando ten\u00eda todos estos reactivos, toda esta informaci\u00f3n, mi intolerancia se cort\u00f3 de inmediato.<\/p>\n<p>Al d\u00eda siguiente volvi\u00f3 a empezar. Pero me dijiste que esperara, que ten\u00edamos que <a href=\"https:\/\/www.lumen-care.com\/es\/complejo-polinico\/\">el vial<\/a> y tarda un poco m\u00e1s. Me lo puse enseguida y el resultado fue impresionante.<\/p>\n<p>No quiero hacer un truco publicitario ni nada de eso.<\/p>\n<p>Es s\u00f3lo que pens\u00e9 que era tan genial, que hab\u00eda sufrido tanto a lo largo de los a\u00f1os... que pens\u00e9, tengo que compartir esto.<\/p>\n<p>\u00a1No puedo guardarme estos secretitos!<\/p>\n<p>Para m\u00e1s informaci\u00f3n: <a href=\"https:\/\/www.lumen-care.com\/es\/complejo-polinico\/\">descubra el complejo Pollen<\/a><\/p>","protected":false},"excerpt":{"rendered":"<p>Transcripci\u00f3n de la entrevista Ana: Buenas noches, volvemos con los directos en la Cumbre de la Conciencia, y para este primer directo he invitado a Olivier Coen. Olivier es investigador en terapia energ\u00e9tica; as\u00ed es Olivier: As\u00ed es, hola y gracias por invitarme. Ana: Quer\u00eda invitar [...]","protected":false},"author":45,"featured_media":0,"comment_status":"closed","ping_status":"closed","sticky":false,"template":"","format":"standard","meta":{"inline_featured_image":false,"__cvm_playback_settings":[],"__cvm_video_id":"","footnotes":""},"categories":[1],"tags":[],"class_list":["post-3996","post","type-post","status-publish","format-standard","hentry","category-non-classe"],"vimeo_video":null,"_links":{"self":[{"href":"https:\/\/www.lumen-care.com\/es\/wp-json\/wp\/v2\/posts\/3996","targetHints":{"allow":["GET"]}}],"collection":[{"href":"https:\/\/www.lumen-care.com\/es\/wp-json\/wp\/v2\/posts"}],"about":[{"href":"https:\/\/www.lumen-care.com\/es\/wp-json\/wp\/v2\/types\/post"}],"author":[{"embeddable":true,"href":"https:\/\/www.lumen-care.com\/es\/wp-json\/wp\/v2\/users\/45"}],"replies":[{"embeddable":true,"href":"https:\/\/www.lumen-care.com\/es\/wp-json\/wp\/v2\/comments?post=3996"}],"version-history":[{"count":0,"href":"https:\/\/www.lumen-care.com\/es\/wp-json\/wp\/v2\/posts\/3996\/revisions"}],"wp:attachment":[{"href":"https:\/\/www.lumen-care.com\/es\/wp-json\/wp\/v2\/media?parent=3996"}],"wp:term":[{"taxonomy":"category","embeddable":true,"href":"https:\/\/www.lumen-care.com\/es\/wp-json\/wp\/v2\/categories?post=3996"},{"taxonomy":"post_tag","embeddable":true,"href":"https:\/\/www.lumen-care.com\/es\/wp-json\/wp\/v2\/tags?post=3996"}],"curies":[{"name":"wp","href":"https:\/\/api.w.org\/{rel}","templated":true}]}}