{"id":4001,"date":"2019-08-13T15:40:45","date_gmt":"2019-08-13T13:40:45","guid":{"rendered":"https:\/\/www.lumen-care.com\/?p=4001"},"modified":"2023-09-19T13:31:49","modified_gmt":"2023-09-19T11:31:49","slug":"ana-sandreas-regula-su-alergia-alpolen","status":"publish","type":"post","link":"https:\/\/www.lumen-care.com\/es\/ana-sandreas-regula-su-alergia-alpolen\/","title":{"rendered":"Ana Sandr\u00e9as ha tratado su intolerancia al polen"},"content":{"rendered":"<div class=\"video video-fit mb\" style=\"padding-top:56.25%;\"><p><iframe title=\"Testimonio sobre desprogramaci\u00f3n, intolerancias y sensibilidades a los p\u00f3lenes por Ana Sandreas\" width=\"1020\" height=\"574\" src=\"https:\/\/www.youtube.com\/embed\/NXc-aYzouXQ?feature=oembed\" frameborder=\"0\" allow=\"accelerometer; autoplay; clipboard-write; encrypted-media; gyroscope; picture-in-picture; web-share\" referrerpolicy=\"strict-origin-when-cross-origin\" allowfullscreen><\/iframe><\/p>\n<\/div>\n<p>He aqu\u00ed un testimonio de Ana Sandr\u00e9as, terapeuta especializada en el tratamiento de heridas emocionales, escritora y creadora de la Cumbre de la Conciencia.<\/p>\n<p><a href=\"https:\/\/www.lumen-care.com\/es\/sensibilidades-intolerancias\/complejo-alergia-polen\/\"><strong>\u21d2 Comprar un complejo de polen<\/strong><\/a><\/p>\n<p><strong><a href=\"https:\/\/www.lumen-care.com\/es\/catalogo-de-formacion\/\">\u21d2 Aprender a desprogramar sensibilidades e intolerancias.<\/a><\/strong><\/p>\n<p><strong>Transcripci\u00f3n del v\u00eddeo \u21d3<\/strong><\/p>\n<p><strong>Ana<\/strong><\/p>\n<p>Buenas noches, volvemos con los directos en la Cumbre de la Conciencia, y para este primer directo he invitado a Olivier Coen.<\/p>\n<p><strong>Olivier<\/strong><\/p>\n<p>Olivier es investigador en terapia energ\u00e9tica, as\u00ed es Olivier<br \/>\nBuenos d\u00edas y gracias por invitarme.<\/p>\n<p><strong>Ana<\/strong><\/p>\n<p>Quer\u00eda invitar a Olivier porque le estoy muy agradecido. Voy a contarles mi historia r\u00e1pidamente y luego podremos hacerle algunas preguntas a Olivier.<\/p>\n<p>De hecho durante a\u00f1os, desde que llegu\u00e9 a Francia hace 20 a\u00f1os<br \/>\nTen\u00eda una intolerancia grave al polen, hasta el punto de que me imped\u00eda vivir.<\/p>\n<p>A pesar de que trabaj\u00e9 en m\u00ed misma para encontrar el origen de esta intolerancia, de que hice muchas cosas, nada tuvo ning\u00fan efecto sobre esta intolerancia.<br \/>\nTen\u00eda la impresi\u00f3n (y era cierto) de que cada a\u00f1o iba a peor.<\/p>\n<p>Hasta que el a\u00f1o pasado me dije: Dios m\u00edo, env\u00edame una soluci\u00f3n, no puedo m\u00e1s.<\/p>\n<p>Y cuando preguntas, cuando buscas, encuentras, y obtuve la respuesta: era Olivier.<\/p>\n<p>Fue impresionante: en cuanto llegu\u00e9 a su consulta, mi intolerancia ces\u00f3. Hubo un antes y un despu\u00e9s, incluso antes de que \u00e9l hiciera nada.<\/p>\n<p>Y por eso quise invitarle, porque s\u00e9 que hay mucha gente que sufre esta intolerancia, sobre todo ahora que es \u00e9poca de polen.<\/p>\n<p><strong>Olivier<\/strong><\/p>\n<p>S\u00ed, por supuesto.<\/p>\n<p><strong>Ana<\/strong><\/p>\n<p>Quer\u00eda compartir esta informaci\u00f3n con ustedes porque cambi\u00f3 mi vida.<\/p>\n<p>El a\u00f1o pasado por estas fechas no habr\u00eda podido hacer esto en directo, porque estuve un poco \"impedido\" durante dos meses y algo m\u00e1s.<\/p>\n<p>Bueno, para m\u00ed fue impresionante porque desde el momento en que entr\u00e9 en su consulta, cuando ten\u00eda todos estos reactivos, toda esta informaci\u00f3n, mi intolerancia se cort\u00f3 de inmediato.<\/p>\n<p>Al d\u00eda siguiente, todo volvi\u00f3 a empezar. Pero me dijo que esperara, que necesitaba la ampolla y que tardar\u00eda un poco m\u00e1s. Me lo puse enseguida y los resultados fueron impresionantes.<\/p>\n<p>No quiero hacer un truco publicitario ni nada de eso.<br \/>\nEs s\u00f3lo que pens\u00e9 que era tan genial, que hab\u00eda sufrido tanto a lo largo de los a\u00f1os... que pens\u00e9, tengo que compartir esto.<br \/>\n\u00a1No puedo guardarme estos secretitos!<\/p>\n<p>\u00a1Secretitos s\u00f3lo para m\u00ed!<\/p>\n<p><a href=\"https:\/\/www.lumen-care.com\/es\/sensibilidades-intolerancias\/complejo-alergia-polen\/\"><strong>\u21d2 Comprar un complejo de polen<\/strong><\/a><\/p>\n<p><strong><a href=\"https:\/\/www.lumen-care.com\/es\/catalogo-de-formacion\/\">\u21d2 Aprender a desprogramar sensibilidades e intolerancias.<\/a><\/strong><\/p>\n<p>&nbsp;<\/p>","protected":false},"excerpt":{"rendered":"<p>Aqu\u00ed tienes el testimonio de Ana Sandr\u00e9as, terapeuta especializada en el tratamiento de heridas emocionales, escritora y creadora de la Cumbre de la Conciencia. \u21d2 Compra un Complejo de P\u00f3lenes \u21d2 Aprende a desprogramar sensibilidades e intolerancias Transcripci\u00f3n del v\u00eddeo \u21d3 Ana Buenas noches, estamos de vuelta con las vidas, en la Cumbre de la Conciencia, y [...]","protected":false},"author":45,"featured_media":4005,"comment_status":"closed","ping_status":"closed","sticky":false,"template":"","format":"standard","meta":{"inline_featured_image":false,"__cvm_playback_settings":[],"__cvm_video_id":"","footnotes":""},"categories":[18,89],"tags":[],"class_list":["post-4001","post","type-post","status-publish","format-standard","has-post-thumbnail","hentry","category-pollens","category-temoignages"],"vimeo_video":null,"_links":{"self":[{"href":"https:\/\/www.lumen-care.com\/es\/wp-json\/wp\/v2\/posts\/4001","targetHints":{"allow":["GET"]}}],"collection":[{"href":"https:\/\/www.lumen-care.com\/es\/wp-json\/wp\/v2\/posts"}],"about":[{"href":"https:\/\/www.lumen-care.com\/es\/wp-json\/wp\/v2\/types\/post"}],"author":[{"embeddable":true,"href":"https:\/\/www.lumen-care.com\/es\/wp-json\/wp\/v2\/users\/45"}],"replies":[{"embeddable":true,"href":"https:\/\/www.lumen-care.com\/es\/wp-json\/wp\/v2\/comments?post=4001"}],"version-history":[{"count":0,"href":"https:\/\/www.lumen-care.com\/es\/wp-json\/wp\/v2\/posts\/4001\/revisions"}],"wp:featuredmedia":[{"embeddable":true,"href":"https:\/\/www.lumen-care.com\/es\/wp-json\/wp\/v2\/media\/4005"}],"wp:attachment":[{"href":"https:\/\/www.lumen-care.com\/es\/wp-json\/wp\/v2\/media?parent=4001"}],"wp:term":[{"taxonomy":"category","embeddable":true,"href":"https:\/\/www.lumen-care.com\/es\/wp-json\/wp\/v2\/categories?post=4001"},{"taxonomy":"post_tag","embeddable":true,"href":"https:\/\/www.lumen-care.com\/es\/wp-json\/wp\/v2\/tags?post=4001"}],"curies":[{"name":"wp","href":"https:\/\/api.w.org\/{rel}","templated":true}]}}