{"id":4008,"date":"2019-08-13T16:02:08","date_gmt":"2019-08-13T14:02:08","guid":{"rendered":"https:\/\/www.lumen-care.com\/?p=4008"},"modified":"2023-08-22T18:34:58","modified_gmt":"2023-08-22T16:34:58","slug":"como-curar-rapidamente-una-intolerancia-al-polen","status":"publish","type":"post","link":"https:\/\/www.lumen-care.com\/es\/como-curar-rapidamente-una-intolerancia-al-polen\/","title":{"rendered":"C\u00f3mo tratar r\u00e1pidamente la intolerancia al polen"},"content":{"rendered":"<h2>Centrarse en las intolerancias, especialmente al polen<\/h2>\n<p>\u00bfSab\u00edas que diagnosticar una intolerancia puede llevar mucho tiempo?<br \/>\nEn Francia, por t\u00e9rmino medio <strong>7 a\u00f1os de m\u00e9dico errante<\/strong> antes del diagn\u00f3stico y el tratamiento correcto.<\/p>\n<p>Mientras tanto, <strong>la enfermedad empeora<\/strong> e incluso puede haber complicaciones potencialmente mortales. Por lo tanto, tratar la intolerancia significa tratar un factor de riesgo importante.<br \/>\nSeg\u00fan el \u00faltimo bolet\u00edn de la Red Nacional de Vigilancia Aerobiol\u00f3gica (RNSA) francesa, actualizado el 14 de junio de 2019, los riesgos de intolerancia vinculados al polen de gram\u00edneas son de altos a muy altos en toda Francia. El centro y el sur de Francia y los Pa\u00edses del Loira est\u00e1n particularmente en riesgo.<\/p>\n<p>El sitio web de la RNSA (<a href=\"https:\/\/sante.journaldesfemmes.fr\/maladies\/2485568-allergie-pollen-bouleau-gramin\u00e9es-2019\/\" target=\"_blank\" rel=\"noopener\">fuente<\/a>) :<\/p>\n<p>\"Las condiciones meteorol\u00f3gicas actuales son muy favorables a la dispersi\u00f3n de altas concentraciones de polen de gram\u00edneas en el aire. S\u00f3lo los chubascos, cuando pasen, podr\u00e1n aliviar temporalmente a las personas sensibles\".<\/p>\n<p>La intolerancia al polen se manifiesta a trav\u00e9s de una serie de s\u00edntomas caracter\u00edsticos: picor de ojos, conjuntiva enrojecida, ojos llorosos, p\u00e1rpados hinchados y pegados, picor de nariz ocasionalmente obstruida y con secreciones claras repetidas.<\/p>\n<p>Estos s\u00edntomas le dicen algo Si responde afirmativamente a esta pregunta, es conveniente que siga leyendo.<\/p>\n<p>Soy Olivier Coen, Terapeuta y Fundador del Laboratorio Lumen Care.<\/p>\n<p>Pero no estamos aqu\u00ed para hablar de m\u00ed. Pero si quiere saber m\u00e1s sobre m\u00ed, puede <a href=\"https:\/\/www.lumen-care.com\/es\/olivier-coen\/\">eche un vistazo aqu\u00ed<\/a>.<br \/>\nBien, volvamos a lo b\u00e1sico.<br \/>\nHace un mes, tuve el privilegio de tener un <strong>entrevista con Ana Sandrea<\/strong>,<\/p>\n<h2>Ana Sandr\u00e9as y su experiencia con el polen<\/h2>\n<p>\u00bfQui\u00e9n es Ana Sandr\u00e9as?<\/p>\n<p>Ana es terapeuta especializada en el tratamiento de heridas emocionales, escritora y creadora de la Cumbre de la Conciencia.<br \/>\nPara m\u00e1s informaci\u00f3n, visite su sitio web: <a href=\"https:\/\/www.maitredetavie.com\/\" target=\"_blank\" rel=\"noopener\">www.maitredetavie.com<\/a><\/p>\n<p>En esta entrevista, Ana decidi\u00f3 compartir su historia conmigo y con un p\u00fablico muy participativo, con m\u00e1s de 3.000 visitas, en directo desde su p\u00e1gina de Facebook.<\/p>\n<p><img fetchpriority=\"high\" decoding=\"async\" class=\"alignnone size-medium wp-image-4014\" src=\"https:\/\/www.lumen-care.com\/wp-content\/uploads\/Live-allergies-et-intol\u00e9rances-800x337.jpg\" alt=\"Alergias e intolerancias vivas\" width=\"800\" height=\"337\" srcset=\"https:\/\/www.lumen-care.com\/wp-content\/uploads\/Live-allergies-et-intol\u00e9rances-800x337.jpg 800w, https:\/\/www.lumen-care.com\/wp-content\/uploads\/Live-allergies-et-intol\u00e9rances-247x104.jpg 247w, https:\/\/www.lumen-care.com\/wp-content\/uploads\/Live-allergies-et-intol\u00e9rances-510x215.jpg 510w, https:\/\/www.lumen-care.com\/wp-content\/uploads\/Live-allergies-et-intol\u00e9rances-768x324.jpg 768w, https:\/\/www.lumen-care.com\/wp-content\/uploads\/Live-allergies-et-intol\u00e9rances-18x8.jpg 18w, https:\/\/www.lumen-care.com\/wp-content\/uploads\/Live-allergies-et-intol\u00e9rances.jpg 1202w\" sizes=\"(max-width: 800px) 100vw, 800px\" \/><\/p>\n<p>He aqu\u00ed la quintaesencia de su testimonio:<\/p>\n<blockquote><p>\"M\u00e1s de 20 a\u00f1os de intolerancia al polen. Esta situaci\u00f3n ha perjudicado mi vida.<br \/>\nA pesar de varios intentos de encontrar soluciones, la situaci\u00f3n no hizo m\u00e1s que empeorar.<br \/>\nEl a\u00f1o pasado tuve la oportunidad de conocer a Olivier y el cambio fue impresionante.<br \/>\nLa raz\u00f3n por la que invit\u00e9 a Olivier es que muchas personas sufren sensibilidades e intolerancias, especialmente durante la estaci\u00f3n del polen.<br \/>\nTambi\u00e9n quer\u00eda compartir esta informaci\u00f3n contigo porque cambi\u00f3 mi vida\".<\/p><\/blockquote>\n<p>Para ver el v\u00eddeo completo de este testimonio, vaya a esta p\u00e1gina: <a href=\"https:\/\/www.lumen-care.com\/es\/ana-sandreas-a-regle-son-allergie-aux-pollens\/\">La historia de Ana<\/a><\/p>\n<p>La historia de Ana te habla, puede que padezcas los mismos s\u00edntomas y est\u00e9s cansado de ir al m\u00e9dico...<\/p>\n<h2>Elimine su intolerancia en 1 mes, de forma natural<\/h2>\n<p>Buenas noticias Desde<strong> ya existen soluciones naturales y personalizadas<\/strong>.<br \/>\nTratar una intolerancia no es s\u00f3lo cuesti\u00f3n de tomar una pastilla para ocultar temporalmente los s\u00edntomas.<br \/>\nSignifica abordar el problema en su origen, para zanjarlo de una vez por todas.<br \/>\nSi tiene intolerancia al polen o a los \u00e1caros del polvo, debe saber que puede <strong>beneficiarse de un tratamiento a medida<\/strong>.<\/p>\n<p>La reinformaci\u00f3n vibratoria es un m\u00e9todo de tratamiento de las intolerancias basado en la memoria del agua.<br \/>\nPermite a las c\u00e9lulas del cuerpo <strong>recuperar su equilibrio vibratorio y curarse a s\u00ed mismos<\/strong> gracias a una respuesta inmunitaria \u00f3ptima.<\/p>\n<p>\u00bfLe ha resultado \u00fatil este art\u00edculo? \u00bfQuiere saber m\u00e1s sobre los beneficios de las terapias energ\u00e9ticas?<\/p>\n<p>Para saber m\u00e1s sobre este protocolo, haga clic aqu\u00ed: <a href=\"https:\/\/www.lumen-care.com\/es\/principe-reinformation-vibratoire-2\/\">presentaci\u00f3n de la reinformaci\u00f3n vibratoria<\/a><\/p>","protected":false},"excerpt":{"rendered":"<p>Las intolerancias, en particular al polen \u00bfSab\u00eda que el diagn\u00f3stico de una intolerancia puede llevar mucho tiempo? En Francia, una persona puede tardar una media de 7 a\u00f1os en ser diagnosticada y tratada adecuadamente. Durante este tiempo, la enfermedad se agrava e incluso puede haber complicaciones, algunas de las cuales pueden ser mortales. Tratar una [...]","protected":false},"author":45,"featured_media":4011,"comment_status":"closed","ping_status":"closed","sticky":false,"template":"","format":"standard","meta":{"inline_featured_image":false,"__cvm_playback_settings":[],"__cvm_video_id":"","footnotes":""},"categories":[116],"tags":[],"class_list":["post-4008","post","type-post","status-publish","format-standard","has-post-thumbnail","hentry","category-article"],"vimeo_video":null,"_links":{"self":[{"href":"https:\/\/www.lumen-care.com\/es\/wp-json\/wp\/v2\/posts\/4008","targetHints":{"allow":["GET"]}}],"collection":[{"href":"https:\/\/www.lumen-care.com\/es\/wp-json\/wp\/v2\/posts"}],"about":[{"href":"https:\/\/www.lumen-care.com\/es\/wp-json\/wp\/v2\/types\/post"}],"author":[{"embeddable":true,"href":"https:\/\/www.lumen-care.com\/es\/wp-json\/wp\/v2\/users\/45"}],"replies":[{"embeddable":true,"href":"https:\/\/www.lumen-care.com\/es\/wp-json\/wp\/v2\/comments?post=4008"}],"version-history":[{"count":0,"href":"https:\/\/www.lumen-care.com\/es\/wp-json\/wp\/v2\/posts\/4008\/revisions"}],"wp:featuredmedia":[{"embeddable":true,"href":"https:\/\/www.lumen-care.com\/es\/wp-json\/wp\/v2\/media\/4011"}],"wp:attachment":[{"href":"https:\/\/www.lumen-care.com\/es\/wp-json\/wp\/v2\/media?parent=4008"}],"wp:term":[{"taxonomy":"category","embeddable":true,"href":"https:\/\/www.lumen-care.com\/es\/wp-json\/wp\/v2\/categories?post=4008"},{"taxonomy":"post_tag","embeddable":true,"href":"https:\/\/www.lumen-care.com\/es\/wp-json\/wp\/v2\/tags?post=4008"}],"curies":[{"name":"wp","href":"https:\/\/api.w.org\/{rel}","templated":true}]}}