{"id":4035,"date":"2019-08-25T16:07:06","date_gmt":"2019-08-25T14:07:06","guid":{"rendered":"https:\/\/www.lumen-care.com\/?p=4035"},"modified":"2023-08-22T18:20:39","modified_gmt":"2023-08-22T16:20:39","slug":"tratamiento-de-todas-las-sensibilidades-e-intolerancias-presentacion-natural-de-la-reinformacion-vibratoria","status":"publish","type":"post","link":"https:\/\/www.lumen-care.com\/es\/tratamiento-de-todas-las-sensibilidades-e-intolerancias-presentacion-natural-de-la-reinformacion-vibratoria\/","title":{"rendered":"Tratar todas las sensibilidades e intolerancias de forma natural: presentaci\u00f3n de la reinformaci\u00f3n vibratoria"},"content":{"rendered":"<div><div class=\"video video-fit mb\" style=\"padding-top:56.25%;\"><p>https:\/\/youtu.be\/GWkOZO5gOEg<\/p>\n<\/div><\/div>\n<div><\/div>\n<p>&nbsp;<\/p>\n<h2><b>Transcripci\u00f3n del v\u00eddeo<\/b><\/h2>\n<div>\n<p>Estuvimos en la feria Naturally, celebrada en el Parque de Exposiciones de Par\u00eds.<\/p>\n<p>Presenta el m\u00e9todo de Reinformaci\u00f3n Vibratoria, cuyo principal objetivo es desprogramar todo lo relacionado con las sensibilidades y las intolerancias. En la terapia energ\u00e9tica, las sensibilidades, las intolerancias y las alergias forman parte de un mismo fen\u00f3meno, pero con un grado de intensidad diferente.<\/p>\n<p>&nbsp;<\/p>\n<h3>Alergias y sus consecuencias<\/h3>\n<p>Cuando se tiene una alergia, ya sea alimentaria, al gluten, al polen, a la leche o a la lactosa, o a los \u00e1caros del polvo dom\u00e9stico, se produce una reacci\u00f3n bastante inmediata e intensa, y la mayor\u00eda de las veces se conoce la causa. Pero cuando se trata de una intolerancia o de una simple sensibilidad, es muy dif\u00edcil, si no imposible, identificar el reactivo que la ha provocado. Sobre todo porque todo, y quiero decir absolutamente todo, puede ser un al\u00e9rgeno potencial.<\/p>\n<p>Lo que nos damos cuenta con este m\u00e9todo es que, a trav\u00e9s del proceso al\u00e9rgico, es posible tratar hasta 65% s\u00edntomas cr\u00f3nicos que, de hecho, se consideran efectos secundarios de las reacciones de sensibilidad. La fatiga cr\u00f3nica es uno de los ejemplos m\u00e1s comunes.<\/p>\n<p>&nbsp;<\/p>\n<p>&nbsp;<\/p>\n<h3>Los 5 niveles de sensibilidad<\/h3>\n<p>Para identificar la causa de las sensibilidades, utilizamos la prueba muscular tomada de la kinesiolog\u00eda. Consiste en poner un reactivo en la mano de la persona y aplicar una ligera presi\u00f3n en la otra mano. Si el brazo aguanta, todo va bien; si se estremece, hay sensibilidad.<\/p>\n<p>Aqu\u00ed se interroga directamente al cuerpo, sin pasar por la mente. Ni el paciente ni el terapeuta saben lo que se est\u00e1 examinando.<\/p>\n<p>Tambi\u00e9n podemos determinar el grado exacto de sensibilidad en una escala de 1 a 5 :<\/p>\n[1] Sensible<\/p>\n[2] Hipersensible<\/p>\n[3] Intolerante<\/p>\n[4] Al\u00e9rgico<\/p>\n[5] Anafil\u00e1ctico<\/p>\n<p>Esto nos da una idea concreta de lo que ocurre y del potencial del tratamiento, lo que tambi\u00e9n se aplica a las intolerancias, ya sean alimentarias, al gluten, a la lactosa o a la leche, a la glucosa, etc.<\/p>\n<p>&nbsp;<\/p>\n<h3>La soluci\u00f3n a las sensibilidades e intolerancias<\/h3>\n<p>La buena noticia es que podemos salir del callej\u00f3n sin salida de este c\u00edrculo vicioso de sensibilidades e intolerancias y recuperar una respuesta inmunitaria correcta, que no sea ni excesiva ni insuficiente.<\/p>\n<p>El objetivo es que al final del tratamiento, cuando se repita una prueba muscular de validaci\u00f3n, todas las sensibilidades hayan vuelto a cero, con un objetivo a muy largo plazo.<\/p>\n<p>&nbsp;<\/p>\n<h3>\u00bfC\u00f3mo funciona?<\/h3>\n<p>El tratamiento se presenta en forma de c\u00e1psula que puede llevarse como colgante durante : 8 horas al d\u00eda durante 15 d\u00edas, repartidos en 1 mes, seg\u00fan un programa muy preciso.<\/p>\n<p>&nbsp;<\/p>\n<p>Es como una especie de \"parche homeop\u00e1tico\" que, gracias a la memoria del agua, codificada a una diluci\u00f3n muy elevada, act\u00faa por contacto sobre la piel:<\/p>\n<ul>\n<li>No se ingiere ni se absorbe a trav\u00e9s de la piel,<\/li>\n<li>Nada de dietas ni de evitar alimentos,<\/li>\n<li>Sin efectos secundarios,<\/li>\n<li>No hay interacci\u00f3n farmacol\u00f3gica,<\/li>\n<li>Y sin l\u00edmite de edad.<\/li>\n<\/ul>\n<p>&nbsp;<\/p>\n<p>La reinformaci\u00f3n vibratoria se realiza en consulta con un test personalizado, pero tambi\u00e9n hemos desarrollado complejos que pueden utilizarse sin consulta para problemas comunes como la sensibilidad o intolerancia a los l\u00e1cteos o al gluten, la intolerancia al polen, la intolerancia al az\u00facar y tambi\u00e9n el acn\u00e9 juvenil. En el caso del acn\u00e9, simplemente tratamos la intolerancia a las hormonas sexuales, con excelentes resultados.<\/p>\n<p>&nbsp;<\/p>\n<h3>Convi\u00e9rtase en terapeuta de Reinformaci\u00f3n Vibracional<\/h3>\n<p>Todo el protocolo de tratamiento que utilizamos en nuestros salones se ha reunido en un kit para terapeutas, para que puedan utilizar esta herramienta tan sencilla en su consulta.<\/p>\n<p>Contiene una caja de pruebas y una caja de remedios con 43 reactivos b\u00e1sicos.<\/p>\n<p>Para dominar la t\u00e9cnica es necesario un curso de formaci\u00f3n de 2 d\u00edas. El primer d\u00eda se dedica a aprender el test muscular y el segundo a los principios del tratamiento energ\u00e9tico de las sensibilidades, las intolerancias y la t\u00e9cnica de reinformaci\u00f3n vibratoria.<\/p>\n<\/div>\n<p>&nbsp;<\/p>\n<div>Para m\u00e1s informaci\u00f3n:<\/div>\n<div>\u2705 Encontrar un terapeuta : <a href=\"http:\/\/www.apsl-sante.org\/\">www.apsl-sante.org<\/a><br \/>\n\u2705 Formaci\u00f3n en reinformaci\u00f3n vibratoria : <a href=\"https:\/\/www.lumen-care.com\/es\/formacion-terapeuta\/\">www.lumen-care.com\/formation-therapeute<\/a><br \/>\n\u2705 Comprender la reinformaci\u00f3n vibracional : <a href=\"https:\/\/www.lumen-care.com\/es\/principe-reinformation-vibratoire-2\/\">www.lumen-care.com\/principe-reinformation-vibratoire<\/a><\/div>","protected":false},"excerpt":{"rendered":"<p>&nbsp; Transcripci\u00f3n del v\u00eddeo Estamos en la feria Naturally que se celebra en el Parque de Exposiciones de Par\u00eds. Presentamos el m\u00e9todo de Reinformaci\u00f3n Vibratoria, cuyo objetivo principal es desprogramar todo lo relacionado con las sensibilidades y las intolerancias. Entendiendo estas \u00faltimas en su sentido m\u00e1s amplio, ya que en terapia energ\u00e9tica, las sensibilidades, [...]","protected":false},"author":45,"featured_media":1984,"comment_status":"closed","ping_status":"closed","sticky":false,"template":"","format":"standard","meta":{"inline_featured_image":false,"__cvm_playback_settings":[],"__cvm_video_id":"","footnotes":""},"categories":[116],"tags":[],"class_list":["post-4035","post","type-post","status-publish","format-standard","has-post-thumbnail","hentry","category-article"],"vimeo_video":null,"_links":{"self":[{"href":"https:\/\/www.lumen-care.com\/es\/wp-json\/wp\/v2\/posts\/4035","targetHints":{"allow":["GET"]}}],"collection":[{"href":"https:\/\/www.lumen-care.com\/es\/wp-json\/wp\/v2\/posts"}],"about":[{"href":"https:\/\/www.lumen-care.com\/es\/wp-json\/wp\/v2\/types\/post"}],"author":[{"embeddable":true,"href":"https:\/\/www.lumen-care.com\/es\/wp-json\/wp\/v2\/users\/45"}],"replies":[{"embeddable":true,"href":"https:\/\/www.lumen-care.com\/es\/wp-json\/wp\/v2\/comments?post=4035"}],"version-history":[{"count":0,"href":"https:\/\/www.lumen-care.com\/es\/wp-json\/wp\/v2\/posts\/4035\/revisions"}],"wp:featuredmedia":[{"embeddable":true,"href":"https:\/\/www.lumen-care.com\/es\/wp-json\/wp\/v2\/media\/1984"}],"wp:attachment":[{"href":"https:\/\/www.lumen-care.com\/es\/wp-json\/wp\/v2\/media?parent=4035"}],"wp:term":[{"taxonomy":"category","embeddable":true,"href":"https:\/\/www.lumen-care.com\/es\/wp-json\/wp\/v2\/categories?post=4035"},{"taxonomy":"post_tag","embeddable":true,"href":"https:\/\/www.lumen-care.com\/es\/wp-json\/wp\/v2\/tags?post=4035"}],"curies":[{"name":"wp","href":"https:\/\/api.w.org\/{rel}","templated":true}]}}