{"id":4422,"date":"2019-11-19T17:53:47","date_gmt":"2019-11-19T16:53:47","guid":{"rendered":"https:\/\/www.lumen-care.com\/?p=4422"},"modified":"2023-08-22T21:06:34","modified_gmt":"2023-08-22T19:06:34","slug":"como-seguir-una-dieta-estricta-sin-gluten-durante-10-anos","status":"publish","type":"post","link":"https:\/\/www.lumen-care.com\/es\/como-seguir-una-dieta-estricta-sin-gluten-durante-10-anos\/","title":{"rendered":"\u00bfC\u00f3mo se pone fin a 10 a\u00f1os de estricta dieta sin gluten?"},"content":{"rendered":"<h1><strong>\u00bfSe puede tratar de forma permanente la sensibilidad o intolerancia al gluten?<\/strong><\/h1>\n<p><em><strong>Seg\u00fan las estimaciones, la intolerancia al gluten afecta a entre el 0,7 y el 2 % de la poblaci\u00f3n en los pa\u00edses de alto crecimiento.\u00a0<\/strong><\/em><\/p>\n<p><span style=\"font-weight: 400;\">\u00bfExisten alternativas a <strong>dieta sin gluten<\/strong> ? <\/span><span style=\"font-weight: 400;\">\u00bfEs posible tratar de forma permanente un <strong>sensibilidad o intolerancia al gluten<\/strong> ?\u00a0<\/span><\/p>\n<p><span style=\"font-weight: 400;\">La historia de<a href=\"https:\/\/www.lumen-care.com\/es\/olivier-coen\/\">Olivier Coen<\/a>investigador y terapeuta, y descubridor de la <a href=\"https:\/\/www.lumen-care.com\/es\/principe-reinformation-vibratoire-2\/\">reinformaci\u00f3n vibratoria<\/a>\u00a0 ofrece algunas respuestas a estas preguntas.<\/span><\/p>\n<p><span style=\"font-weight: 400;\">En este v\u00eddeo, descubra la historia de<a href=\"https:\/\/www.lumen-care.com\/es\/olivier-coen\/\">Olivier Coen<\/a>investigador, terapeuta y descubridor del\u00a0<strong>Reinformaci\u00f3n vibratoria<\/strong>que despu\u00e9s de\u00a0<strong>m\u00e1s de 10 a\u00f1os con una dieta ultra estricta sin gluten<\/strong>ha encontrado y puesto en pr\u00e1ctica un m\u00e9todo para acabar con cualquier dieta de sensibilidad alimentaria.<\/span><\/p>\n<p><iframe title=\"Mi historia: poder comer gluten tras 10 a\u00f1os de dieta estricta\" width=\"1020\" height=\"574\" src=\"https:\/\/www.youtube.com\/embed\/7W9XRicrppQ?feature=oembed\" frameborder=\"0\" allow=\"accelerometer; autoplay; clipboard-write; encrypted-media; gyroscope; picture-in-picture; web-share\" referrerpolicy=\"strict-origin-when-cross-origin\" allowfullscreen><\/iframe><\/p>\n<p>Hoy, Olivier puede comer todos los productos que quiere, sin miedo a los efectos secundarios. Gracias a este m\u00e9todo revolucionario, ha podido ayudar a muchas personas a deshacerse de sus problemas de sensibilidad e intolerancia.<\/p>\n<p>Este es el caso de <a href=\"https:\/\/www.lumen-care.com\/es\/testimonio-complejo-gluten-genevieve\/\">Genevi\u00e8ve<\/a> que, utilizando el <a href=\"https:\/\/www.lumen-care.com\/es\/principe-reinformation-vibratoire-2\/\">reinformaci\u00f3n vibratoria<\/a>por fin pudo encontrar una alternativa a su dieta sin gluten.<\/p>\n<p>Usted puede ser uno de los miles de franceses afectados por los efectos nocivos de la <strong>intolerancia al gluten<\/strong>. Como Olivier y Genevi\u00e8ve, usted tambi\u00e9n puede volver a sonre\u00edr, disfrutar de una dieta variada y vivir una vida libre y plena.<\/p>\n<p>Tambi\u00e9n nos complace anunciar que este v\u00eddeo es el segundo de una serie que responder\u00e1 a todas sus preguntas sobre el <a href=\"https:\/\/www.lumen-care.com\/es\/principe-reinformation-vibratoire-2\/\">reinformaci\u00f3n vibratoria<\/a>.<\/p>\n<p>&nbsp;<\/p>\n<p>&nbsp;<\/p>\n<p><strong>Transcripci\u00f3n del v\u00eddeo<\/strong><\/p>\n<p>Hola, en este v\u00eddeo os voy a contar mi historia, y c\u00f3mo llegu\u00e9 a crear el m\u00e9todo de reinformaci\u00f3n vibratoria.<\/p>\n<p>Siempre he sido una persona enfermiza, desde que era adolescente. Siempre cog\u00eda peque\u00f1as dolencias a diestro y siniestro, y lleg\u00f3 un punto en el que pr\u00e1cticamente siempre llevaba conmigo un botiqu\u00edn de primeros auxilios, porque no hab\u00eda d\u00eda en el que no tuviera algo que tomar. Un poco de medicina, soluciones naturales como aceites esenciales, homeopat\u00eda, peque\u00f1as cosas as\u00ed. Principalmente ten\u00eda problemas digestivos.<\/p>\n<p>Los s\u00edntomas m\u00e1s evidentes eran los problemas g\u00e1stricos: alternancia, estre\u00f1imiento, diarrea, dolores de est\u00f3mago. Este fue realmente el principal motivo de mis consultas m\u00e9dicas.<\/p>\n<p>De hecho, cuando est\u00e1s estre\u00f1ido, puede haber dolor y no te sientes bien, te sientes un poco oprimido, atrapado y es angustioso porque sientes que hay algo que no va bien. Algo no va bien.<\/p>\n<p>Fui a muchos m\u00e9dicos, me hicieron pruebas por todas partes y no pasaba nada. Hasta que un d\u00eda conoc\u00ed a un oste\u00f3pata que me hizo unas peque\u00f1as pruebas, y ten\u00eda unas capsulitas con muchos reactivos. Tambi\u00e9n ten\u00eda una prueba que consist\u00eda en tomar el pulso (una especie de pulsaci\u00f3n) en el cuello.<\/p>\n<p>Y me dijo que ten\u00eda que seguir una dieta sin gluten. As\u00ed que pens\u00e9, bueno, \u00a1por qu\u00e9 no!<\/p>\n<p>Estuve, creo, unos 15 d\u00edas sin nada de gluten y en ese momento no not\u00e9 ning\u00fan beneficio evidente. Despu\u00e9s de 15 d\u00edas, dije \"OK, he hecho mi dieta, no veo nada obvio\". As\u00ed que voy a dejar la dieta.<\/p>\n<p>En aquel momento estaba trabajando y a la hora de comer fui a un restaurante y com\u00ed un plato de pasta. Unos quince minutos despu\u00e9s de salir del restaurante, sent\u00ed realmente la barra en la cabeza y empec\u00e9 a tener una especie de neblina y dolores de cabeza que me duraron todo el d\u00eda.<\/p>\n<p>Y me di cuenta de que obviamente era este plato de pasta adem\u00e1s de que hab\u00eda tenido que comer precisamente eso, un plato de verduras crudas y tomates. As\u00ed que no pod\u00eda ser eso, porque acababa de hacer una dieta sin gluten... \u00a1esa era la diferencia!<br \/>\nY entonces simplemente me dijo que en realidad hab\u00eda una gran diferencia.<\/p>\n<p>Salvo que durante 15 d\u00edas de dieta no hay un antes y un despu\u00e9s claros, mientras que s\u00ed hubo un antes y un despu\u00e9s. El efecto m\u00e1s evidente fueron todos los dolores de cabeza, el cansancio y un poco de niebla en la cabeza. Eso es lo que llamamos \"tener la cabeza en el culo\".<\/p>\n<p>Al fin y al cabo, ese tambi\u00e9n era mi d\u00eda a d\u00eda, pero no lo hab\u00eda asociado directamente como un s\u00edntoma. Al hacer esta dieta me he dado cuenta de que me he puesto m\u00e1s en forma igualmente y he podido reducir mi bolsa de medicamentos. Mi inmunidad general ha mejorado. Todav\u00eda ten\u00eda un poco de fatiga cr\u00f3nica, as\u00ed que ten\u00eda un botiqu\u00edn de primeros auxilios. Realmente sent\u00ed que hab\u00eda mejorado mi salud, y era obvio para m\u00ed que deb\u00eda hacer esta dieta. Adem\u00e1s, me di cuenta de que tambi\u00e9n ten\u00eda intolerancia al ma\u00edz. As\u00ed que tuve que mirar todas las etiquetas, incluso en los pasillos sin gluten, porque a menudo el ma\u00edz es un sustituto de la harina de trigo. Tampoco pod\u00eda utilizar harina de ma\u00edz.<\/p>\n<p>Lo super\u00e9 y estuve diez a\u00f1os sin gluten, realmente diez a\u00f1os sin una sola mol\u00e9cula de gluten. Porque como intolerante, no intolerante, el m\u00e1s m\u00ednimo trozo de gluten tiene efecto a los pocos minutos de ingerirlo. Mientras que un intolerante tendr\u00e1 el efecto 24 horas despu\u00e9s. Por eso no te puedes permitir desviarte. En este caso, no se me permiti\u00f3 desviarme.<\/p>\n<p>As\u00ed que llevo diez a\u00f1os sin gluten, y lo he vivido muy bien, no ha sido un horror para m\u00ed, y se puede vivir con ello. S\u00e9 que hay gente para la que es m\u00e1s dif\u00edcil pero, en cualquier caso, lo que puedo decir es que para m\u00ed fue realmente una dieta para toda la vida.<\/p>\n<p>Hasta que descubr\u00ed que existen soluciones, soluciones energ\u00e9ticas que pueden tratar todo tipo de sensibilidad e intolerancia, incluidas las intolerancias alimentarias como la del gluten.<\/p>\n<p>Acab\u00e9 interes\u00e1ndome por estos m\u00e9todos, pudiendo tratarme a m\u00ed mismo, y hoy puedo decir que estoy b\u00e1sicamente curado por completo de mi problema de intolerancia. Esto significa que puedo comerme una baguette entera (que no est\u00e1 buena) de un tir\u00f3n sin ning\u00fan s\u00edntoma, y sin s\u00edntomas digestivos ni dolores de cabeza.<\/p>\n<p>Ya no tengo problemas de intolerancias, hoy no tengo botiqu\u00edn, no tomo medicaci\u00f3n, no tengo fatiga cr\u00f3nica ni problemas digestivos. Se acabaron los dolores de cabeza, la niebla en la cabeza y ya no estoy a dieta, aunque no soy una loca delirante y s\u00e9 que de vez en cuando es bueno tener d\u00edas sin gluten.<\/p>\n<p>Ya est\u00e1. Pero os contar\u00e9 el m\u00e9todo que utilic\u00e9 para hacerlo en un pr\u00f3ximo v\u00eddeo.<\/p>\n<p>&nbsp;<\/p>\n<p>&nbsp;<\/p>\n<p><span style=\"font-weight: 400;\">Tambi\u00e9n puede ver otros v\u00eddeos sobre el tema:<\/span><\/p>\n<p>https:\/\/www.lumen-care.com\/traiter-toutes-les-allergies-et-intolerances-naturellement-presentation-de-la-reinformation-vibratoire\/<\/p>\n<blockquote class=\"wp-embedded-content\" data-secret=\"4Y26IWwOZ9\"><p><a href=\"https:\/\/www.lumen-care.com\/es\/testimonio-ceciline-gluten-complex\/\">Testimonio Gluten Complex - C\u00e9ciline<\/a><\/p><\/blockquote>\n<p><iframe class=\"wp-embedded-content\" sandbox=\"allow-scripts\" security=\"restricted\" style=\"position: absolute; visibility: hidden;\" title=\"&quot;Gluten Complex&quot; - Ceciline - Laboratorio Lumen Care\" src=\"https:\/\/www.lumen-care.com\/temoignage-complexe-gluten-ceciline\/embed\/#?secret=fNiHl7OVEl#?secret=4Y26IWwOZ9\" data-secret=\"4Y26IWwOZ9\" width=\"600\" height=\"338\" frameborder=\"0\" marginwidth=\"0\" marginheight=\"0\" scrolling=\"no\"><\/iframe><\/p>","protected":false},"excerpt":{"rendered":"<p>\u00bfPuede tratarse de forma permanente la sensibilidad o intolerancia al gluten? Se calcula que la intolerancia al gluten afecta a entre el 0,7 y el 2 % de la poblaci\u00f3n en los pa\u00edses de r\u00e1pido crecimiento.  \u00bfExisten alternativas a la dieta sin gluten? \u00bfSe puede tratar la sensibilidad o la intolerancia al gluten de forma permanente?  La historia de Olivier [...]","protected":false},"author":118,"featured_media":4426,"comment_status":"closed","ping_status":"closed","sticky":false,"template":"","format":"standard","meta":{"inline_featured_image":false,"__cvm_playback_settings":[],"__cvm_video_id":"","footnotes":""},"categories":[116,16,89],"tags":[],"class_list":["post-4422","post","type-post","status-publish","format-standard","has-post-thumbnail","hentry","category-article","category-gluten","category-temoignages"],"vimeo_video":null,"_links":{"self":[{"href":"https:\/\/www.lumen-care.com\/es\/wp-json\/wp\/v2\/posts\/4422","targetHints":{"allow":["GET"]}}],"collection":[{"href":"https:\/\/www.lumen-care.com\/es\/wp-json\/wp\/v2\/posts"}],"about":[{"href":"https:\/\/www.lumen-care.com\/es\/wp-json\/wp\/v2\/types\/post"}],"author":[{"embeddable":true,"href":"https:\/\/www.lumen-care.com\/es\/wp-json\/wp\/v2\/users\/118"}],"replies":[{"embeddable":true,"href":"https:\/\/www.lumen-care.com\/es\/wp-json\/wp\/v2\/comments?post=4422"}],"version-history":[{"count":0,"href":"https:\/\/www.lumen-care.com\/es\/wp-json\/wp\/v2\/posts\/4422\/revisions"}],"wp:featuredmedia":[{"embeddable":true,"href":"https:\/\/www.lumen-care.com\/es\/wp-json\/wp\/v2\/media\/4426"}],"wp:attachment":[{"href":"https:\/\/www.lumen-care.com\/es\/wp-json\/wp\/v2\/media?parent=4422"}],"wp:term":[{"taxonomy":"category","embeddable":true,"href":"https:\/\/www.lumen-care.com\/es\/wp-json\/wp\/v2\/categories?post=4422"},{"taxonomy":"post_tag","embeddable":true,"href":"https:\/\/www.lumen-care.com\/es\/wp-json\/wp\/v2\/tags?post=4422"}],"curies":[{"name":"wp","href":"https:\/\/api.w.org\/{rel}","templated":true}]}}