{"id":4940,"date":"2020-01-16T16:04:43","date_gmt":"2020-01-16T15:04:43","guid":{"rendered":"https:\/\/www.lumen-care.com\/?p=4940"},"modified":"2023-08-19T17:27:28","modified_gmt":"2023-08-19T15:27:28","slug":"agua-memoria-y-tratamiento-de-alergias-y-intolerancias","status":"publish","type":"post","link":"https:\/\/www.lumen-care.com\/es\/agua-memoria-y-tratamiento-de-alergias-y-intolerancias\/","title":{"rendered":"La memoria del agua y el tratamiento de las sensibilidades e intolerancias"},"content":{"rendered":"<h2><em>\u00bfSab\u00eda que el agua tiene la capacidad de grabar, almacenar y transmitir informaci\u00f3n? <\/em><\/h2>\n<p>En este v\u00eddeo, descubra <strong>el principio de la memoria del agua<\/strong> explicado por <a href=\"https:\/\/www.lumen-care.com\/es\/olivier-coen\/\">Olivier Coen<\/a> y c\u00f3mo se utiliza en el tratamiento definitivo de todas las formas de c\u00e1ncer. <strong>sensibilidades e intolerancias<\/strong>.<\/p>\n<p><iframe title=\"La memoria del agua y el tratamiento de las intolerancias y sensibilidades\" width=\"1020\" height=\"574\" src=\"https:\/\/www.youtube.com\/embed\/x1YdJgr8I8g?feature=oembed\" frameborder=\"0\" allow=\"accelerometer; autoplay; clipboard-write; encrypted-media; gyroscope; picture-in-picture; web-share\" referrerpolicy=\"strict-origin-when-cross-origin\" allowfullscreen><\/iframe><\/p>\n<p>La eficacia de la memoria del agua en el tratamiento definitivo de todas las formas de sensibilidad e intolerancia queda demostrada a diario por los testimonios recibidos de miles de personas, que ahora pueden vivir una vida m\u00e1s serena y plena.<\/p>\n<p><span style=\"font-weight: 400;\">M\u00e1s :<\/span><\/p>\n<ul>\n<li><span style=\"font-weight: 400;\">Problemas gastrointestinales<\/span><\/li>\n<li><span style=\"font-weight: 400;\">Fatiga cr\u00f3nica<\/span><\/li>\n<li><span style=\"font-weight: 400;\">Dolores de cabeza<\/span><\/li>\n<li><span style=\"font-weight: 400;\">M\u00faltiples consultas\u00a0<\/span><\/li>\n<li><span style=\"font-weight: 400;\">Una dieta muy estricta y restrictiva<\/span><\/li>\n<li><span style=\"font-weight: 400;\">Botiqu\u00edn pesado<\/span><\/li>\n<li><span style=\"font-weight: 400;\">Depresi\u00f3n<\/span><\/li>\n<\/ul>\n<p>&nbsp;<\/p>\n<p><img decoding=\"async\" class=\"alignnone wp-image-4869\" src=\"https:\/\/www.lumen-care.com\/wp-content\/uploads\/ob_7c0136_2b07-400x400.png\" alt=\"\" width=\"120\" height=\"120\" srcset=\"https:\/\/www.lumen-care.com\/wp-content\/uploads\/ob_7c0136_2b07-400x400.png 400w, https:\/\/www.lumen-care.com\/wp-content\/uploads\/ob_7c0136_2b07-247x247.png 247w, https:\/\/www.lumen-care.com\/wp-content\/uploads\/ob_7c0136_2b07-100x100.png 100w, https:\/\/www.lumen-care.com\/wp-content\/uploads\/ob_7c0136_2b07-510x510.png 510w, https:\/\/www.lumen-care.com\/wp-content\/uploads\/ob_7c0136_2b07-280x280.png 280w, https:\/\/www.lumen-care.com\/wp-content\/uploads\/ob_7c0136_2b07-300x300.png 300w, https:\/\/www.lumen-care.com\/wp-content\/uploads\/ob_7c0136_2b07-12x12.png 12w, https:\/\/www.lumen-care.com\/wp-content\/uploads\/ob_7c0136_2b07.png 512w\" sizes=\"(max-width: 120px) 100vw, 120px\" \/><\/p>\n<p><strong><a href=\"https:\/\/www.lumen-care.com\/es\/busque-un-terapeuta\/\">Consulta a medida<\/a><\/strong><\/p>\n<p><img decoding=\"async\" class=\"wp-image-4942 alignleft\" src=\"https:\/\/www.lumen-care.com\/wp-content\/uploads\/bonasavoir.jpg\" alt=\"\" width=\"75\" height=\"79\" srcset=\"https:\/\/www.lumen-care.com\/wp-content\/uploads\/bonasavoir.jpg 283w, https:\/\/www.lumen-care.com\/wp-content\/uploads\/bonasavoir-247x261.jpg 247w\" sizes=\"(max-width: 75px) 100vw, 75px\" \/><\/p>\n<p>Este v\u00eddeo es el cuarto de una serie dise\u00f1ada para presentarle el <a href=\"http:\/\/r.send.source77.net\/mk\/cl\/f\/BOhegr4cMdNhtjrQcAe1XAOAa6giP8rtSe8BUmQFsJiOFBDUvyYOqbHj3dpqQux7iocq4JQuXiUHmZqGmU7OUqHO945p4UUDcpDkei8BYpJ25UWCDTKG4ciQuxg6eM6dnQns-5gocLaEJymn8GrOsQzeLpdTl9Fb-BEn79UYrl-nKqOuI7-eVFjX0oEVwX2lC6-cE2GAodSCWB-t\" target=\"_blank\" rel=\"noopener noreferrer\" data-saferedirecturl=\"https:\/\/www.google.com\/url?q=http:\/\/r.send.source77.net\/mk\/cl\/f\/BOhegr4cMdNhtjrQcAe1XAOAa6giP8rtSe8BUmQFsJiOFBDUvyYOqbHj3dpqQux7iocq4JQuXiUHmZqGmU7OUqHO945p4UUDcpDkei8BYpJ25UWCDTKG4ciQuxg6eM6dnQns-5gocLaEJymn8GrOsQzeLpdTl9Fb-BEn79UYrl-nKqOuI7-eVFjX0oEVwX2lC6-cE2GAodSCWB-t&amp;source=gmail&amp;ust=1577180851006000&amp;usg=AFQjCNFeQMNPwwYrF5VrSyolCMefwf0pRg\">reinformaci\u00f3n vibratoria<\/a>en su totalidad. No dudes en ver los v\u00eddeos anteriores si te los perdiste.<\/p>\n<p>I<\/p>\n<p>I<\/p>\n<p>I<\/p>\n<h2><strong>Transcripci\u00f3n del v\u00eddeo<\/strong><\/h2>\n<p>En este v\u00eddeo, veremos la memoria del agua y c\u00f3mo utilizamos este principio para tratar a diario todo tipo de sensibilidades e intolerancias.<\/p>\n<p>La memoria del agua es un tema relativamente delicado. Por qu\u00e9 sensible: porque la prueba de la memoria del agua es muy discutida y, si se demostrara, aportar\u00eda una prueba cient\u00edfica de la veracidad de la existencia de la homeopat\u00eda.<\/p>\n<p>Esto no agrada a algunos miembros de la comunidad cient\u00edfica, que insisten en que es imposible que la homeopat\u00eda aporte pruebas cient\u00edficas tangibles y sea reconocida como tal.<\/p>\n<p>\u00bfQu\u00e9 es la memoria del agua? Es simplemente la capacidad del agua para registrar informaci\u00f3n y almacenarla.<\/p>\n<p>Uno de los primeros en destacar el principio de la memoria del agua fue el m\u00e9dico <a href=\"https:\/\/fr.wikipedia.org\/wiki\/Masaru_Emoto\">Masaru Emoto<\/a>. Lo ha hecho de una forma totalmente original y casi po\u00e9tica. Lo ha hecho utilizando un protocolo de congelaci\u00f3n muy r\u00e1pida del agua que ha sido expuesta previamente a determinadas condiciones.<\/p>\n<p>Luego tom\u00f3 una fotograf\u00eda con un microscopio electr\u00f3nico para ver el aspecto del cristal. Ver\u00e1s este tipo de fotograf\u00eda aqu\u00ed, donde puedes ver, por ejemplo, en la primera, un vaso de agua que ha sido expuesto. Se expuso un vaso de agua delante de un altavoz que tocaba una sinfon\u00eda de Mozart.<\/p>\n<p>Aqu\u00ed tenemos la canci\u00f3n 'Imagine' de John Lennon. En esta hemos escrito la palabra 'Love', y hemos pegado la palabra 'Love' al vaso de agua y lo hemos soplado durante unos minutos.<\/p>\n<p>Aqu\u00ed tenemos la palabra \"Paz\", la palabra \"Gracias\" y aqu\u00ed ver\u00e1s la diferencia con algo un poco m\u00e1s negativo como \"Te voy a matar\".<\/p>\n<p>En este caso, el Fujiwara es un lago de Jap\u00f3n, y hay monjes de pie alrededor del lago rezando una oraci\u00f3n. As\u00ed que esta es una fotograf\u00eda del agua del lago tomada antes de la oraci\u00f3n y despu\u00e9s.<\/p>\n<p>Vemos aqu\u00ed que tenemos la capacidad de transformar nuestra estructura cuando entramos en contacto con la vibraci\u00f3n de un elemento externo. Lo importante es que lo memorizar\u00e1. En otras palabras, retendr\u00e1 esta informaci\u00f3n y permanecer\u00e1 estable en esa forma.<\/p>\n<p>Y lo que vamos a ver es que esta capacidad tambi\u00e9n significa retransmitirla. As\u00ed que es como usar el agua por su capacidad de almacenar informaci\u00f3n.<\/p>\n<p>Y cuanto m\u00e1s alto es el nivel vibratorio de esta informaci\u00f3n, es decir, cuanto m\u00e1s sutil es, mayor es la capacidad del agua para almacenarla y retransmitirla.<\/p>\n<p>El segundo en destacar la memoria del agua es el profesor <a href=\"https:\/\/fr.wikipedia.org\/wiki\/Jacques_Benveniste\">Jacques Benveniste<\/a>. Que hab\u00eda sido capaz de establecer un protocolo, un protocolo verdaderamente puramente cient\u00edfico, que se public\u00f3 en Nature, una famosa revista cient\u00edfica.<\/p>\n<p>Pero cre\u00f3 una protesta porque no era aceptable para la comunidad cient\u00edfica tener esta prueba, y decidi\u00f3 que vendr\u00edan y llevar\u00edan a cabo un contra-experimento sobre este protocolo. Para probar que fallar\u00eda. Lo que lograron hacer, porque cuando quieres que algo falle, puedes hacerlo. Y hubo una contra-publicaci\u00f3n que dijo: \"mu\u00e9vanse, no hay nada que ver, la prueba no est\u00e1 en el pud\u00edn\".<\/p>\n<p>Dicho esto, tenemos al profesor <a href=\"https:\/\/fr.wikipedia.org\/wiki\/Luc_Montagnier\">Montagnier<\/a> que codifica el virus del sida, compr\u00f3 hace unos a\u00f1os el laboratorio del profesor Benveniste y prosigue sus investigaciones. En cierto modo, es estupendo que tengamos pruebas cient\u00edficas de la memoria del agua, pero en realidad, la utilizamos pragm\u00e1ticamente a diario.<\/p>\n<p>Porque por el momento, s\u00f3lo disponemos de investigaciones te\u00f3ricas, pero la homeopat\u00eda y la forma de utilizar diluciones muy elevadas es la prueba cotidiana de la eficacia de la memoria del agua.<\/p>\n<p>La base de nuestro trabajo como profesionales de la reinformaci\u00f3n vibratoria es trabajar con reactivos. Aqu\u00ed vemos un vial de pruebas oleaginosas. Esto significa que es simplemente agua contenida en este vial, pero agua informada. As\u00ed que dentro de este vial tenemos la informaci\u00f3n vibratoria, por ejemplo del cacahuete, y es como si pusiera un<br \/>\na una persona y podr\u00e9 utilizar una prueba de sensibilidad para determinar si el cuerpo est\u00e1 d\u00e9bil o no.<\/p>\n<p>Entonces, si tomo esta misma vibraci\u00f3n y la elevo a una diluci\u00f3n muy alta, todav\u00eda en un frasco de este tipo, pero donde voy a elevar esta informaci\u00f3n vibratoria a una diluci\u00f3n muy alta, bueno, va a funcionar como un remedio. As\u00ed, en esta ampolla, por ejemplo, est\u00e1 incluida la vibraci\u00f3n del cacahuete, y es como si yo hubiera puesto un cacahuete en la mano de alguien, y fuera a utilizar una prueba de sensibilidad, en kinesiolog\u00eda, para comprobar la reacci\u00f3n del cuerpo, que no ser\u00eda capaz de distinguir entre un cacahuete real y esta informaci\u00f3n vibratoria.<\/p>\n<p>Del mismo modo, podemos codificar el equivalente vibratorio en una ampolla, pero en forma de remedios que luego se utilizar\u00e1n en <em>Homeopathic Contact\u2122 (Contacto homeop\u00e1tico)<\/em>para llevar a cabo el tratamiento.<\/p>\n<p>En otros v\u00eddeos, explicar\u00e9 con m\u00e1s detalle el concepto de prueba de sensibilidad con el test de kinesiolog\u00eda.<\/p>\n<p>Tambi\u00e9n hablar\u00e9 de diluciones muy altas, que se pueden utilizar para tratar la homeopat\u00eda de contacto con reinformaci\u00f3n vibratoria.<\/p>\n<p>&nbsp;<\/p>\n<p>Estos art\u00edculos pueden ser de su inter\u00e9s:<\/p>\n<blockquote class=\"wp-embedded-content\" data-secret=\"Mby8k6hSml\"><p><a href=\"https:\/\/www.lumen-care.com\/es\/como-seguir-una-dieta-estricta-sin-gluten-durante-10-anos\/\">\u00bfC\u00f3mo se pone fin a 10 a\u00f1os de estricta dieta sin gluten?<\/a><\/p><\/blockquote>\n<p><iframe class=\"wp-embedded-content\" sandbox=\"allow-scripts\" security=\"restricted\" style=\"position: absolute; visibility: hidden;\" title=\"&quot;\u00bfC\u00f3mo poner fin a 10 a\u00f1os de dieta estricta sin gluten?&quot; - Laboratorio Lumen Care\" src=\"https:\/\/www.lumen-care.com\/comment-mettre-fin-a-10-ans-de-regime-strict-sans-gluten\/embed\/#?secret=rOTilKpwhY#?secret=Mby8k6hSml\" data-secret=\"Mby8k6hSml\" width=\"600\" height=\"338\" frameborder=\"0\" marginwidth=\"0\" marginheight=\"0\" scrolling=\"no\"><\/iframe><\/p>\n<blockquote class=\"wp-embedded-content\" data-secret=\"jgiuEEpQrv\"><p><a href=\"https:\/\/www.lumen-care.com\/es\/alergia-e-intolerancia-desarrollo-de-un-metodo-de-tratamiento-en-un-mes\/\">Sensibilidad e intolerancia: descubrimiento y desarrollo de un m\u00e9todo de tratamiento de 1 mes de duraci\u00f3n<\/a><\/p><\/blockquote>\n<p><iframe class=\"wp-embedded-content\" sandbox=\"allow-scripts\" security=\"restricted\" style=\"position: absolute; visibility: hidden;\" title=\"&quot;Sensibilidad e intolerancia: descubrimiento y desarrollo de un m\u00e9todo de tratamiento de 1 mes&quot; - Laboratorio Lumen Care\" src=\"https:\/\/www.lumen-care.com\/sensibilite-et-intolerance-mise-au-point-dune-methode-de-traitement-en-1-mois\/embed\/#?secret=0KqaQofvEi#?secret=jgiuEEpQrv\" data-secret=\"jgiuEEpQrv\" width=\"600\" height=\"338\" frameborder=\"0\" marginwidth=\"0\" marginheight=\"0\" scrolling=\"no\"><\/iframe><\/p>\n<p>&nbsp;<\/p>","protected":false},"excerpt":{"rendered":"<p>\u00bfSab\u00eda que el agua tiene la capacidad de registrar informaci\u00f3n, almacenarla y retransmitirla? En este v\u00eddeo, Olivier Coen explica el principio de la memoria del agua y c\u00f3mo se utiliza en el tratamiento definitivo de todas las formas de sensibilidades e intolerancias. La eficacia de la memoria del agua en el tratamiento definitivo de [...]","protected":false},"author":118,"featured_media":5270,"comment_status":"closed","ping_status":"closed","sticky":false,"template":"","format":"standard","meta":{"inline_featured_image":false,"__cvm_playback_settings":[],"__cvm_video_id":"","footnotes":""},"categories":[116],"tags":[],"class_list":["post-4940","post","type-post","status-publish","format-standard","has-post-thumbnail","hentry","category-article"],"vimeo_video":null,"_links":{"self":[{"href":"https:\/\/www.lumen-care.com\/es\/wp-json\/wp\/v2\/posts\/4940","targetHints":{"allow":["GET"]}}],"collection":[{"href":"https:\/\/www.lumen-care.com\/es\/wp-json\/wp\/v2\/posts"}],"about":[{"href":"https:\/\/www.lumen-care.com\/es\/wp-json\/wp\/v2\/types\/post"}],"author":[{"embeddable":true,"href":"https:\/\/www.lumen-care.com\/es\/wp-json\/wp\/v2\/users\/118"}],"replies":[{"embeddable":true,"href":"https:\/\/www.lumen-care.com\/es\/wp-json\/wp\/v2\/comments?post=4940"}],"version-history":[{"count":0,"href":"https:\/\/www.lumen-care.com\/es\/wp-json\/wp\/v2\/posts\/4940\/revisions"}],"wp:featuredmedia":[{"embeddable":true,"href":"https:\/\/www.lumen-care.com\/es\/wp-json\/wp\/v2\/media\/5270"}],"wp:attachment":[{"href":"https:\/\/www.lumen-care.com\/es\/wp-json\/wp\/v2\/media?parent=4940"}],"wp:term":[{"taxonomy":"category","embeddable":true,"href":"https:\/\/www.lumen-care.com\/es\/wp-json\/wp\/v2\/categories?post=4940"},{"taxonomy":"post_tag","embeddable":true,"href":"https:\/\/www.lumen-care.com\/es\/wp-json\/wp\/v2\/tags?post=4940"}],"curies":[{"name":"wp","href":"https:\/\/api.w.org\/{rel}","templated":true}]}}