{"id":5207,"date":"2020-03-05T17:50:57","date_gmt":"2020-03-05T16:50:57","guid":{"rendered":"https:\/\/www.lumen-care.com\/?p=5207"},"modified":"2022-08-26T14:46:02","modified_gmt":"2022-08-26T12:46:02","slug":"formation-en-therapies-holistiques-guide-actualise-des-meilleures-options-a-considerer-with-statistiques-a-lui","status":"publish","type":"post","link":"https:\/\/www.lumen-care.com\/es\/formation-en-therapies-holistiques-guide-actualise-des-meilleures-options-a-considerer-with-statistiques-a-lui\/","title":{"rendered":"Formaci\u00f3n en terapias hol\u00edsticas: gu\u00eda actualizada de las mejores opciones a considerar, con estad\u00edsticas de apoyo"},"content":{"rendered":"<div data-elementor-type=\"wp-post\" data-elementor-id=\"5207\" class=\"elementor elementor-5207\" data-elementor-post-type=\"post\">\n\t\t\t\t\t\t<section data-particle_enable=\"false\" data-particle-mobile-disabled=\"false\" class=\"elementor-section elementor-top-section elementor-element elementor-element-523b5af2 elementor-section-boxed elementor-section-height-default elementor-section-height-default\" data-id=\"523b5af2\" data-element_type=\"section\" data-e-type=\"section\">\n\t\t\t\t\t\t<div class=\"elementor-container elementor-column-gap-default\">\n\t\t\t\t\t<div class=\"elementor-column elementor-col-100 elementor-top-column elementor-element elementor-element-281a1d9e\" data-id=\"281a1d9e\" data-element_type=\"column\" data-e-type=\"column\">\n\t\t\t<div class=\"elementor-widget-wrap elementor-element-populated\">\n\t\t\t\t\t\t<div class=\"elementor-element elementor-element-00f98ea elementor-widget elementor-widget-text-editor\" data-id=\"00f98ea\" data-element_type=\"widget\" data-e-type=\"widget\" data-widget_type=\"text-editor.default\">\n\t\t\t\t<div class=\"elementor-widget-container\">\n\t\t\t\t\t\t\t\t\t<p>\"El campo de las terapias hol\u00edsticas est\u00e1 creciendo r\u00e1pidamente. Las pr\u00e1cticas de terapia hol\u00edstica en Occidente despegaron en la d\u00e9cada de 1960 en respuesta a la preocupaci\u00f3n de la medicina convencional por los tratamientos farmacol\u00f3gicos y su incapacidad para ver a los pacientes como personas, sino m\u00e1s bien como partes del cuerpo que hay que examinar y estudiar. Adem\u00e1s, la tendencia de la medicina a tratar \u00fanicamente los s\u00edntomas, en lugar de encontrar y tratar la causa ra\u00edz o abordar una confluencia multifactorial, tambi\u00e9n contribuy\u00f3 al resurgimiento y desarrollo exponencial de las terapias hol\u00edsticas.\"<\/p>\t\t\t\t\t\t\t\t<\/div>\n\t\t\t\t<\/div>\n\t\t\t\t\t<\/div>\n\t\t<\/div>\n\t\t\t\t\t<\/div>\n\t\t<\/section>\n\t\t\t\t<section data-particle_enable=\"false\" data-particle-mobile-disabled=\"false\" class=\"elementor-section elementor-top-section elementor-element elementor-element-1793f1c elementor-section-boxed elementor-section-height-default elementor-section-height-default\" data-id=\"1793f1c\" data-element_type=\"section\" data-e-type=\"section\" id=\"therapie-holistique\">\n\t\t\t\t\t\t<div class=\"elementor-container elementor-column-gap-default\">\n\t\t\t\t\t<div class=\"elementor-column elementor-col-100 elementor-top-column elementor-element elementor-element-830a0b2\" data-id=\"830a0b2\" data-element_type=\"column\" data-e-type=\"column\">\n\t\t\t<div class=\"elementor-widget-wrap elementor-element-populated\">\n\t\t\t\t\t\t<div class=\"elementor-element elementor-element-f78d267 elementor-widget elementor-widget-heading\" data-id=\"f78d267\" data-element_type=\"widget\" data-e-type=\"widget\" data-widget_type=\"heading.default\">\n\t\t\t\t<div class=\"elementor-widget-container\">\n\t\t\t\t\t<h2 class=\"elementor-heading-title elementor-size-default\">TERAPIA HOL\u00cdSTICA: ORIGEN Y ETIMOLOG\u00cdA<\/h2>\t\t\t\t<\/div>\n\t\t\t\t<\/div>\n\t\t\t\t<div class=\"elementor-element elementor-element-ec24036 elementor-widget-divider--view-line elementor-widget elementor-widget-divider\" data-id=\"ec24036\" data-element_type=\"widget\" data-e-type=\"widget\" data-widget_type=\"divider.default\">\n\t\t\t\t<div class=\"elementor-widget-container\">\n\t\t\t\t\t\t\t<div class=\"elementor-divider\">\n\t\t\t<span class=\"elementor-divider-separator\">\n\t\t\t\t\t\t<\/span>\n\t\t<\/div>\n\t\t\t\t\t\t<\/div>\n\t\t\t\t<\/div>\n\t\t\t\t<div class=\"elementor-element elementor-element-6246a3b elementor-widget elementor-widget-text-editor\" data-id=\"6246a3b\" data-element_type=\"widget\" data-e-type=\"widget\" data-widget_type=\"text-editor.default\">\n\t\t\t\t<div class=\"elementor-widget-container\">\n\t\t\t\t\t\t\t\t\t<p><span style=\"font-size: 80%; color: #808080;\"><span style=\"font-weight: 400;\">La expresi\u00f3n <\/span><b>hol\u00edstico<\/b><span style=\"font-weight: 400;\"> deriva del griego \"holos\", que significa \"todo\". La palabra terapia deriva del t\u00e9rmino \"therapeia\", que significa \"curar\", \"cuidar\", \"tratar\".<\/span><\/span><\/p><p><span style=\"font-weight: 400; font-size: 80%; color: #808080;\">En t\u00e9rminos literales y etimol\u00f3gicos, la terapia hol\u00edstica es una pr\u00e1ctica que pretende tratar a la persona en su totalidad.\u00a0<\/span><\/p><p><span style=\"font-weight: 400; font-size: 80%; color: #808080;\">En lugar de limitarse a tratar un s\u00edntoma inmediato, un terapeuta hol\u00edstico buscar\u00e1 la causa subyacente examinando los actuales estados de salud y bienestar f\u00edsico, mental, emocional e incluso social y espiritual. A continuaci\u00f3n, trabajar\u00e1 para restablecer el equilibrio natural del organismo y conseguir una calidad de vida m\u00e1s sostenible y gratificante.<\/span><\/p><p><span style=\"font-weight: 400; font-size: 80%; color: #808080;\">Aunque se ha utilizado eficazmente durante siglos, la comunidad cient\u00edfica reconoce ahora la importancia de la terapia hol\u00edstica para mantener una buena salud y el bienestar general.<\/span><\/p>\t\t\t\t\t\t\t\t<\/div>\n\t\t\t\t<\/div>\n\t\t\t\t<div class=\"elementor-element elementor-element-6b944f0 elementor-widget elementor-widget-heading\" data-id=\"6b944f0\" data-element_type=\"widget\" data-e-type=\"widget\" data-widget_type=\"heading.default\">\n\t\t\t\t<div class=\"elementor-widget-container\">\n\t\t\t\t\t<h4 class=\"elementor-heading-title elementor-size-default\">Principios<\/h4>\t\t\t\t<\/div>\n\t\t\t\t<\/div>\n\t\t\t\t<section data-particle_enable=\"false\" data-particle-mobile-disabled=\"false\" class=\"elementor-section elementor-inner-section elementor-element elementor-element-876a3cd elementor-section-height-min-height elementor-section-boxed elementor-section-height-default\" data-id=\"876a3cd\" data-element_type=\"section\" data-e-type=\"section\" data-settings=\"{&quot;background_background&quot;:&quot;classic&quot;}\">\n\t\t\t\t\t\t<div class=\"elementor-container elementor-column-gap-default\">\n\t\t\t\t\t<div class=\"elementor-column elementor-col-100 elementor-inner-column elementor-element elementor-element-dcd6dde\" data-id=\"dcd6dde\" data-element_type=\"column\" data-e-type=\"column\">\n\t\t\t<div class=\"elementor-widget-wrap\">\n\t\t\t\t\t\t\t<\/div>\n\t\t<\/div>\n\t\t\t\t\t<\/div>\n\t\t<\/section>\n\t\t\t\t<div class=\"elementor-element elementor-element-6eb6583 elementor-widget elementor-widget-text-editor\" data-id=\"6eb6583\" data-element_type=\"widget\" data-e-type=\"widget\" data-widget_type=\"text-editor.default\">\n\t\t\t\t<div class=\"elementor-widget-container\">\n\t\t\t\t\t\t\t\t\t<p><span style=\"font-weight: 400; font-size: 80%; color: #808080;\">La terapia hol\u00edstica se basa en enfoques energ\u00e9ticos (medicina china, litoterapia, etc.), magn\u00e9ticos (imanes, geobiolog\u00eda, etc.), mentales (anal\u00edticos o de otro tipo), medioambientales (ecolog\u00eda y salud), socioculturales (impacto de los medios de comunicaci\u00f3n, educaci\u00f3n, arte, etc.) y transpersonales (o espirituales). La terapia hol\u00edstica es una forma no convencional de medicina basada en los principios del holismo (considerar a la persona en su totalidad) y en m\u00e9todos basados en la \"integridad del ser humano\".\u00a0<\/span><\/p><p><span style=\"font-weight: 400; font-size: 80%; color: #808080;\">El enfoque hol\u00edstico se basa en la creencia de que toda la persona est\u00e1 formada por partes interdependientes y que si una parte no funciona bien, todas las dem\u00e1s se ver\u00e1n afectadas. Estos principios incluyen:<\/span><\/p><ul><li style=\"font-weight: 400;\"><span style=\"font-weight: 400; font-size: 80%; color: #808080;\">El amor y el apoyo incondicionales son los sanadores m\u00e1s poderosos.<\/span><\/li><li style=\"font-weight: 400;\"><span style=\"font-weight: 400; font-size: 80%; color: #808080;\">Las personas son responsables de su propia salud y bienestar.<\/span><\/li><li style=\"font-weight: 400;\"><span style=\"font-weight: 400; font-size: 80%; color: #808080;\">Todo cuerpo humano tiene un poder innato de autocuraci\u00f3n.<\/span><\/li><li style=\"font-weight: 400;\"><span style=\"font-weight: 400; font-size: 80%; color: #808080;\">La curaci\u00f3n afecta a todos los aspectos de la vida de una persona.<\/span><\/li><li style=\"font-weight: 400;\"><span style=\"font-weight: 400; font-size: 80%; color: #808080;\">El tratamiento consiste en reparar la causa de la enfermedad, no s\u00f3lo aliviar los s\u00edntomas.<\/span><\/li><\/ul>\t\t\t\t\t\t\t\t<\/div>\n\t\t\t\t<\/div>\n\t\t\t\t\t<\/div>\n\t\t<\/div>\n\t\t\t\t\t<\/div>\n\t\t<\/section>\n\t\t\t\t<section data-particle_enable=\"false\" data-particle-mobile-disabled=\"false\" class=\"elementor-section elementor-top-section elementor-element elementor-element-888b994 elementor-section-boxed elementor-section-height-default elementor-section-height-default\" data-id=\"888b994\" data-element_type=\"section\" data-e-type=\"section\">\n\t\t\t\t\t\t<div class=\"elementor-container elementor-column-gap-default\">\n\t\t\t\t\t<div class=\"elementor-column elementor-col-100 elementor-top-column elementor-element elementor-element-c9c6465\" data-id=\"c9c6465\" data-element_type=\"column\" data-e-type=\"column\">\n\t\t\t<div class=\"elementor-widget-wrap elementor-element-populated\">\n\t\t\t\t\t\t<div class=\"elementor-element elementor-element-05619d0 elementor-widget elementor-widget-heading\" data-id=\"05619d0\" data-element_type=\"widget\" data-e-type=\"widget\" data-widget_type=\"heading.default\">\n\t\t\t\t<div class=\"elementor-widget-container\">\n\t\t\t\t\t<h2 class=\"elementor-heading-title elementor-size-default\">SITUACI\u00d3N ACTUAL Y PERSPECTIVAS DE FUTURO<\/h2>\t\t\t\t<\/div>\n\t\t\t\t<\/div>\n\t\t\t\t<div class=\"elementor-element elementor-element-8c07fed elementor-widget-divider--view-line elementor-widget elementor-widget-divider\" data-id=\"8c07fed\" data-element_type=\"widget\" data-e-type=\"widget\" data-widget_type=\"divider.default\">\n\t\t\t\t<div class=\"elementor-widget-container\">\n\t\t\t\t\t\t\t<div class=\"elementor-divider\">\n\t\t\t<span class=\"elementor-divider-separator\">\n\t\t\t\t\t\t<\/span>\n\t\t<\/div>\n\t\t\t\t\t\t<\/div>\n\t\t\t\t<\/div>\n\t\t\t\t<div class=\"elementor-element elementor-element-fba569b elementor-widget elementor-widget-text-editor\" data-id=\"fba569b\" data-element_type=\"widget\" data-e-type=\"widget\" data-widget_type=\"text-editor.default\">\n\t\t\t\t<div class=\"elementor-widget-container\">\n\t\t\t\t\t\t\t\t\t<p><span style=\"font-weight: 400; font-size: 80%;\">Las pr\u00e1cticas de terapia hol\u00edstica en Occidente despegaron en la d\u00e9cada de 1960 en respuesta a la preocupaci\u00f3n por la dependencia de la medicina convencional de los tratamientos farmacol\u00f3gicos y su incapacidad para ver a los pacientes no como individuos, sino como trozos de cuerpos que deb\u00edan ser examinados y estudiados. La gente quer\u00eda un enfoque m\u00e1s natural y humano de la asistencia sanitaria.  La tendencia de la medicina a tratar \u00fanicamente los s\u00edntomas, en lugar de encontrar y tratar la causa ra\u00edz o abordar una confluencia multifactorial, tambi\u00e9n contribuy\u00f3 al resurgimiento y desarrollo exponencial de las terapias hol\u00edsticas.<\/span><\/p><p><span style=\"font-weight: 400; font-size: 80%;\">Muchas personas que han sentido que la medicina moderna ha fracasado han recurrido a la medicina hol\u00edstica con la esperanza de que sus m\u00e9dicos comprendan la compleja naturaleza de su enfermedad, profundicen en el origen o los or\u00edgenes del problema y centren su tratamiento en la persona en su totalidad.<\/span><\/p><p><span style=\"font-weight: 400; font-size: 80%;\">Por ejemplo, alguien que sufre dolor cr\u00f3nico puede acudir a un terapeuta hol\u00edstico para explorar las posibles fuentes psicoemocionales de su sufrimiento. El estr\u00e9s y la ansiedad pueden contribuir al dolor cr\u00f3nico, y si un problema emocional o un trauma del pasado es la fuente de este estr\u00e9s, abordarlo puede aliviar en cierta medida el dolor cr\u00f3nico.\u00a0<\/span><\/p><p><span style=\"font-weight: 400; font-size: 80%;\">Es importante recordar que la terapia hol\u00edstica no excluye necesariamente la medicina convencional; puede significar la inclusi\u00f3n de t\u00e9cnicas complementarias. Si bien es cierto que la medicaci\u00f3n puede formar parte del tratamiento de una persona, un enfoque hol\u00edstico puede incluir otros tratamientos como la terapia cognitivo-conductual para tratar problemas y desencadenantes no resueltos, t\u00e9cnicas de relajaci\u00f3n, masajes, etc.<\/span><\/p><p><span style=\"font-weight: 400; font-size: 80%;\">La aceptaci\u00f3n de los tratamientos hol\u00edsticos est\u00e1 cada vez m\u00e1s extendida. En este contexto, los tratamientos complementarios y alternativos se utilizan cada vez m\u00e1s. En 2007, el 38,3 % de los adultos y el 11,8 % de los ni\u00f1os utilizaron alg\u00fan tipo de medicina complementaria o alternativa, seg\u00fan el Centro Nacional de Salud Complementaria e Integrativa.<\/span><\/p><p><span style=\"font-weight: 400; font-size: 80%;\">En 2015, la Organizaci\u00f3n Mundial de la Salud (OMS) contabiliz\u00f3 casi cuatrocientas medicinas \"complementarias\", \"alternativas\" o \"tradicionales\", de las cuales m\u00e1s de cincuenta se dec\u00edan \"hol\u00edsticas\". Del mismo modo, cerca de 6.115 m\u00e9dicos franceses declararon un t\u00edtulo u orientaci\u00f3n en medicina alternativa y complementaria en 2015.\u00a0<\/span><\/p><p><span style=\"font-weight: 400; font-size: 80%;\">De 40% en 2015, un estudio mostr\u00f3 que el uso de la medicina alternativa en Francia hab\u00eda aumentado a 58% en 2018. Esta proporci\u00f3n aumenta entre las personas con enfermedades graves o cr\u00f3nicas. La homeopat\u00eda es particularmente popular: 56 % de los franceses ya la han utilizado. Francia es el primer productor de medicamentos homeop\u00e1ticos.<\/span><\/p><p><span style=\"font-weight: 400; font-size: 80%;\">El hecho de que la comunidad m\u00e9dica est\u00e9 empezando a reconocer la importancia de la terapia hol\u00edstica para mantener una buena salud y el bienestar general es un factor que est\u00e1 contribuyendo a la implantaci\u00f3n sostenible de las terapias hol\u00edsticas.<\/span><\/p>\t\t\t\t\t\t\t\t<\/div>\n\t\t\t\t<\/div>\n\t\t\t\t\t<\/div>\n\t\t<\/div>\n\t\t\t\t\t<\/div>\n\t\t<\/section>\n\t\t\t\t<section data-particle_enable=\"false\" data-particle-mobile-disabled=\"false\" class=\"elementor-section elementor-top-section elementor-element elementor-element-19f065f elementor-section-boxed elementor-section-height-default elementor-section-height-default\" data-id=\"19f065f\" data-element_type=\"section\" data-e-type=\"section\">\n\t\t\t\t\t\t<div class=\"elementor-container elementor-column-gap-default\">\n\t\t\t\t\t<div class=\"elementor-column elementor-col-100 elementor-top-column elementor-element elementor-element-466104c\" data-id=\"466104c\" data-element_type=\"column\" data-e-type=\"column\">\n\t\t\t<div class=\"elementor-widget-wrap elementor-element-populated\">\n\t\t\t\t\t\t<div class=\"elementor-element elementor-element-feaccd1 elementor-widget elementor-widget-heading\" data-id=\"feaccd1\" data-element_type=\"widget\" data-e-type=\"widget\" data-widget_type=\"heading.default\">\n\t\t\t\t<div class=\"elementor-widget-container\">\n\t\t\t\t\t<h2 class=\"elementor-heading-title elementor-size-default\">\u00bfCU\u00c1LES SON LAS TERAPIAS GANADORAS DEL MOMENTO?\u00a0<\/h2>\t\t\t\t<\/div>\n\t\t\t\t<\/div>\n\t\t\t\t<div class=\"elementor-element elementor-element-c907e2c elementor-widget-divider--view-line elementor-widget elementor-widget-divider\" data-id=\"c907e2c\" data-element_type=\"widget\" data-e-type=\"widget\" data-widget_type=\"divider.default\">\n\t\t\t\t<div class=\"elementor-widget-container\">\n\t\t\t\t\t\t\t<div class=\"elementor-divider\">\n\t\t\t<span class=\"elementor-divider-separator\">\n\t\t\t\t\t\t<\/span>\n\t\t<\/div>\n\t\t\t\t\t\t<\/div>\n\t\t\t\t<\/div>\n\t\t\t\t<div class=\"elementor-element elementor-element-5292f17 elementor-widget elementor-widget-heading\" data-id=\"5292f17\" data-element_type=\"widget\" data-e-type=\"widget\" data-widget_type=\"heading.default\">\n\t\t\t\t<div class=\"elementor-widget-container\">\n\t\t\t\t\t<h2 class=\"elementor-heading-title elementor-size-default\">Sofrolog\u00eda<\/h2>\t\t\t\t<\/div>\n\t\t\t\t<\/div>\n\t\t\t\t<section data-particle_enable=\"false\" data-particle-mobile-disabled=\"false\" class=\"elementor-section elementor-inner-section elementor-element elementor-element-15dbeef elementor-section-height-min-height elementor-section-boxed elementor-section-height-default\" data-id=\"15dbeef\" data-element_type=\"section\" data-e-type=\"section\" data-settings=\"{&quot;background_background&quot;:&quot;classic&quot;}\">\n\t\t\t\t\t\t<div class=\"elementor-container elementor-column-gap-default\">\n\t\t\t\t\t<div class=\"elementor-column elementor-col-100 elementor-inner-column elementor-element elementor-element-59eaa4b\" data-id=\"59eaa4b\" data-element_type=\"column\" data-e-type=\"column\">\n\t\t\t<div class=\"elementor-widget-wrap\">\n\t\t\t\t\t\t\t<\/div>\n\t\t<\/div>\n\t\t\t\t\t<\/div>\n\t\t<\/section>\n\t\t\t\t<div class=\"elementor-element elementor-element-6c267a4 elementor-widget elementor-widget-spacer\" data-id=\"6c267a4\" data-element_type=\"widget\" data-e-type=\"widget\" data-widget_type=\"spacer.default\">\n\t\t\t\t<div class=\"elementor-widget-container\">\n\t\t\t\t\t\t\t<div class=\"elementor-spacer\">\n\t\t\t<div class=\"elementor-spacer-inner\"><\/div>\n\t\t<\/div>\n\t\t\t\t\t\t<\/div>\n\t\t\t\t<\/div>\n\t\t\t\t<div class=\"elementor-element elementor-element-1e9077b elementor-widget elementor-widget-text-editor\" data-id=\"1e9077b\" data-element_type=\"widget\" data-e-type=\"widget\" data-widget_type=\"text-editor.default\">\n\t\t\t\t<div class=\"elementor-widget-container\">\n\t\t\t\t\t\t\t\t\t<p><span style=\"font-weight: 400; font-size: 80%;\">El t\u00e9rmino sofrolog\u00eda deriva de tres palabras griegas: \"s\u00f4s\" que significa armonioso, \"phren\" que significa mente y \"logos\" que significa ciencia. La sofrolog\u00eda es, por tanto, un m\u00e9todo mente-cuerpo utilizado como t\u00e9cnica terap\u00e9utica que permite a las personas reforzar el equilibrio entre sus emociones, su cognici\u00f3n y su comportamiento para acceder a los recursos y movilizar as\u00ed su capacidad de adaptaci\u00f3n y de acci\u00f3n para mejorar sus condiciones de vida.\u00a0<\/span><\/p><p><span style=\"font-weight: 400; font-size: 80%;\">La sofrolog\u00eda fue fundada en Madrid a principios de los a\u00f1os sesenta por Alfonso Caycedo (1932-2017). Es un m\u00e9todo exclusivamente verbal, no t\u00e1ctil, que act\u00faa tanto sobre el cuerpo como sobre la mente.\u00a0<\/span><\/p><p><span style=\"font-weight: 400; font-size: 80%;\">En Francia, m\u00e1s de 94% personas han o\u00eddo hablar de la sofrolog\u00eda y 11 millones afirman haberla practicado ya, seg\u00fan una encuesta de la Chambre syndicale de la sophrologie. Las cifras revelan que 53% de las personas frecuentemente estresadas en Francia est\u00e1n dispuestas a probar la sofrolog\u00eda para mejorar su salud. Entre 2013 y 2016 se realizaron m\u00e1s de 3,3 millones de b\u00fasquedas de sofr\u00f3logos en el directorio de P\u00e1ginas Amarillas.<\/span><b><\/b><\/p>\t\t\t\t\t\t\t\t<\/div>\n\t\t\t\t<\/div>\n\t\t\t\t<div class=\"elementor-element elementor-element-28233ca elementor-widget elementor-widget-heading\" data-id=\"28233ca\" data-element_type=\"widget\" data-e-type=\"widget\" data-widget_type=\"heading.default\">\n\t\t\t\t<div class=\"elementor-widget-container\">\n\t\t\t\t\t<h2 class=\"elementor-heading-title elementor-size-default\">Homeopat\u00eda<\/h2>\t\t\t\t<\/div>\n\t\t\t\t<\/div>\n\t\t\t\t<section data-particle_enable=\"false\" data-particle-mobile-disabled=\"false\" class=\"elementor-section elementor-inner-section elementor-element elementor-element-0d470c1 elementor-section-height-min-height elementor-section-boxed elementor-section-height-default\" data-id=\"0d470c1\" data-element_type=\"section\" data-e-type=\"section\" data-settings=\"{&quot;background_background&quot;:&quot;classic&quot;}\">\n\t\t\t\t\t\t<div class=\"elementor-container elementor-column-gap-default\">\n\t\t\t\t\t<div class=\"elementor-column elementor-col-100 elementor-inner-column elementor-element elementor-element-66b96cb\" data-id=\"66b96cb\" data-element_type=\"column\" data-e-type=\"column\">\n\t\t\t<div class=\"elementor-widget-wrap\">\n\t\t\t\t\t\t\t<\/div>\n\t\t<\/div>\n\t\t\t\t\t<\/div>\n\t\t<\/section>\n\t\t\t\t<div class=\"elementor-element elementor-element-019209e elementor-widget elementor-widget-spacer\" data-id=\"019209e\" data-element_type=\"widget\" data-e-type=\"widget\" data-widget_type=\"spacer.default\">\n\t\t\t\t<div class=\"elementor-widget-container\">\n\t\t\t\t\t\t\t<div class=\"elementor-spacer\">\n\t\t\t<div class=\"elementor-spacer-inner\"><\/div>\n\t\t<\/div>\n\t\t\t\t\t\t<\/div>\n\t\t\t\t<\/div>\n\t\t\t\t<div class=\"elementor-element elementor-element-85c6d00 elementor-widget elementor-widget-text-editor\" data-id=\"85c6d00\" data-element_type=\"widget\" data-e-type=\"widget\" data-widget_type=\"text-editor.default\">\n\t\t\t\t<div class=\"elementor-widget-container\">\n\t\t\t\t\t\t\t\t\t<p><span style=\"font-weight: 400; font-size: 80%;\">Su fundador, el m\u00e9dico alem\u00e1n Samuel Christian Hahnemann (1755-1843), postul\u00f3 que un remedio pod\u00eda seleccionarse en funci\u00f3n de la correspondencia entre los s\u00edntomas producidos por la planta y los s\u00edntomas de la enfermedad del paciente. Lo denomin\u00f3 \"principio de similitud\". Por ejemplo, la ortiga, que produce irritaci\u00f3n cut\u00e1nea al tocarla, ser\u00e1 eficaz, tras diluirla, contra la urticaria. Como la homeopat\u00eda se administra en dosis infinitesimales o potencialmente inexistentes desde el punto de vista molecular, existe un gran escepticismo en la comunidad cient\u00edfica en cuanto a su validez.\u00a0<\/span><\/p><p><span style=\"font-weight: 400; font-size: 80%;\">50% de los franceses ya han utilizado medicamentos homeop\u00e1ticos. De hecho, las \u00faltimas estad\u00edsticas muestran que 3 de cada 4 franceses han tomado medicamentos homeop\u00e1ticos a lo largo de su vida. 74% de los usuarios consideran que estos medicamentos homeop\u00e1ticos son eficaces. En el caso del c\u00e1ncer, por ejemplo, 20% de los pacientes utilizan la homeopat\u00eda como tratamiento de apoyo para reducir los efectos secundarios de los tratamientos contra el c\u00e1ncer.\u00a0<\/span><\/p><p><span style=\"font-weight: 400; font-size: 80%;\">En 2004 hab\u00eda casi 3.581 m\u00e9dicos home\u00f3patas inscritos en el Conseil National de l'Ordre.<\/span><\/p><p><span style=\"font-weight: 400; font-size: 80%;\">Mientras que en 1982 s\u00f3lo 16 % de los franceses dec\u00edan utilizar la homeopat\u00eda, al menos ocasionalmente, en 2000 la cifra hab\u00eda aumentado a 40 %. Entre las madres, 58 % hab\u00edan recurrido a este tipo de medicina en los \u00faltimos 12 meses, principalmente para tratar a ni\u00f1os y heridas leves.<\/span><\/p><p><span style=\"font-weight: 400; font-size: 80%;\">A pesar de los intentos anunciados de denigrar los medicamentos homeop\u00e1ticos y de que ya no se reembolsan, el entusiasmo de los franceses por este enfoque sigue intacto.<\/span><b><\/b><\/p>\t\t\t\t\t\t\t\t<\/div>\n\t\t\t\t<\/div>\n\t\t\t\t<div class=\"elementor-element elementor-element-d93f929 elementor-widget elementor-widget-heading\" data-id=\"d93f929\" data-element_type=\"widget\" data-e-type=\"widget\" data-widget_type=\"heading.default\">\n\t\t\t\t<div class=\"elementor-widget-container\">\n\t\t\t\t\t<h2 class=\"elementor-heading-title elementor-size-default\">Osteopat\u00eda<\/h2>\t\t\t\t<\/div>\n\t\t\t\t<\/div>\n\t\t\t\t<section data-particle_enable=\"false\" data-particle-mobile-disabled=\"false\" class=\"elementor-section elementor-inner-section elementor-element elementor-element-15c09c3 elementor-section-height-min-height elementor-section-boxed elementor-section-height-default\" data-id=\"15c09c3\" data-element_type=\"section\" data-e-type=\"section\" data-settings=\"{&quot;background_background&quot;:&quot;classic&quot;}\">\n\t\t\t\t\t\t<div class=\"elementor-container elementor-column-gap-default\">\n\t\t\t\t\t<div class=\"elementor-column elementor-col-100 elementor-inner-column elementor-element elementor-element-ad936e6\" data-id=\"ad936e6\" data-element_type=\"column\" data-e-type=\"column\">\n\t\t\t<div class=\"elementor-widget-wrap\">\n\t\t\t\t\t\t\t<\/div>\n\t\t<\/div>\n\t\t\t\t\t<\/div>\n\t\t<\/section>\n\t\t\t\t<div class=\"elementor-element elementor-element-d889692 elementor-widget elementor-widget-spacer\" data-id=\"d889692\" data-element_type=\"widget\" data-e-type=\"widget\" data-widget_type=\"spacer.default\">\n\t\t\t\t<div class=\"elementor-widget-container\">\n\t\t\t\t\t\t\t<div class=\"elementor-spacer\">\n\t\t\t<div class=\"elementor-spacer-inner\"><\/div>\n\t\t<\/div>\n\t\t\t\t\t\t<\/div>\n\t\t\t\t<\/div>\n\t\t\t\t<div class=\"elementor-element elementor-element-fc7821c elementor-widget elementor-widget-text-editor\" data-id=\"fc7821c\" data-element_type=\"widget\" data-e-type=\"widget\" data-widget_type=\"text-editor.default\">\n\t\t\t\t<div class=\"elementor-widget-container\">\n\t\t\t\t\t\t\t\t\t<p><span style=\"font-weight: 400; font-size: 80%;\">El t\u00e9rmino osteopat\u00eda deriva de la combinaci\u00f3n de las ra\u00edces griegas \"osteon\", que significa hueso (osteo), y \"pathos\", que significa sufrimiento (pathia). La osteopat\u00eda es una terapia manual desarrollada en Estados Unidos por el Dr. Andrew Taylor Still en 1874. Se utiliza para identificar y tratar manualmente las restricciones en la movilidad de las distintas estructuras del cuerpo (huesos, \u00f3rganos, m\u00fasculos, v\u00edsceras, ligamentos, etc.) que pueden provocar trastornos funcionales.<\/span><\/p><p><span style=\"font-weight: 400; font-size: 80%;\">\u00a0La osteopat\u00eda empez\u00f3 a desarrollarse en Francia en los a\u00f1os 50, pero no fue reconocida por ley hasta el 4 de marzo de 2002, con la Ley n\u00ba 2003-303. En aquel momento, s\u00f3lo hab\u00eda 4.000 personas en Francia con el t\u00edtulo de oste\u00f3pata. 14 a\u00f1os m\u00e1s tarde, en Francia hay casi 30.000 personas con el t\u00edtulo, sumando todos los or\u00edgenes.<\/span><b><\/b><\/p>\t\t\t\t\t\t\t\t<\/div>\n\t\t\t\t<\/div>\n\t\t\t\t<div class=\"elementor-element elementor-element-e3a8964 elementor-widget elementor-widget-heading\" data-id=\"e3a8964\" data-element_type=\"widget\" data-e-type=\"widget\" data-widget_type=\"heading.default\">\n\t\t\t\t<div class=\"elementor-widget-container\">\n\t\t\t\t\t<h4 class=\"elementor-heading-title elementor-size-default\">\nReinformaci\u00f3n<\/h4>\t\t\t\t<\/div>\n\t\t\t\t<\/div>\n\t\t\t\t<section data-particle_enable=\"false\" data-particle-mobile-disabled=\"false\" class=\"elementor-section elementor-inner-section elementor-element elementor-element-f82584e elementor-section-height-min-height elementor-section-boxed elementor-section-height-default\" data-id=\"f82584e\" data-element_type=\"section\" data-e-type=\"section\" data-settings=\"{&quot;background_background&quot;:&quot;classic&quot;}\">\n\t\t\t\t\t\t<div class=\"elementor-container elementor-column-gap-default\">\n\t\t\t\t\t<div class=\"elementor-column elementor-col-100 elementor-inner-column elementor-element elementor-element-021c688\" data-id=\"021c688\" data-element_type=\"column\" data-e-type=\"column\">\n\t\t\t<div class=\"elementor-widget-wrap\">\n\t\t\t\t\t\t\t<\/div>\n\t\t<\/div>\n\t\t\t\t\t<\/div>\n\t\t<\/section>\n\t\t\t\t<div class=\"elementor-element elementor-element-10eab06 elementor-widget elementor-widget-spacer\" data-id=\"10eab06\" data-element_type=\"widget\" data-e-type=\"widget\" data-widget_type=\"spacer.default\">\n\t\t\t\t<div class=\"elementor-widget-container\">\n\t\t\t\t\t\t\t<div class=\"elementor-spacer\">\n\t\t\t<div class=\"elementor-spacer-inner\"><\/div>\n\t\t<\/div>\n\t\t\t\t\t\t<\/div>\n\t\t\t\t<\/div>\n\t\t\t\t<div class=\"elementor-element elementor-element-ce4640a elementor-widget elementor-widget-text-editor\" data-id=\"ce4640a\" data-element_type=\"widget\" data-e-type=\"widget\" data-widget_type=\"text-editor.default\">\n\t\t\t\t<div class=\"elementor-widget-container\">\n\t\t\t\t\t\t\t\t\t<p><span style=\"font-weight: 400; font-size: 80%;\">La reinformaci\u00f3n es un m\u00e9todo energ\u00e9tico concebido para tratar de forma natural y duradera todas las sensibilidades, alergias e intolerancias y, por extensi\u00f3n, la mayor\u00eda de las enfermedades cr\u00f3nicas que se derivan de ellas. Se basa en la homeopat\u00eda de contacto y en la memoria del agua.<\/span><\/p><p><span style=\"font-weight: 400; font-size: 80%;\">Es un campo en r\u00e1pida expansi\u00f3n, a juzgar por el \u00faltimo informe de la Organizaci\u00f3n Mundial de la Salud (OMS). De hecho, las alergias se han proclamado la 4\u00aa enfermedad cr\u00f3nica m\u00e1s frecuente en el mundo, despu\u00e9s del c\u00e1ncer, el sida y las enfermedades cardiovasculares. El n\u00famero de al\u00e9rgicos en Francia se ha duplicado en los \u00faltimos 20 a\u00f1os, sobre todo entre ni\u00f1os y adolescentes. 8 % de los ni\u00f1os y 4 % de la poblaci\u00f3n adulta tienen que vivir con una alergia alimentaria. Hoy en d\u00eda, 1 de cada 4 personas padece una alergia respiratoria.<\/span><\/p><p><span style=\"font-weight: 400; font-size: 80%;\">La formaci\u00f3n en Reinformaci\u00f3n Vibratoria es, por tanto, un excelente medio para frenar el resurgimiento de las alergias, as\u00ed como una excelente oportunidad para los profesionales que deseen desarrollar su actividad. De hecho, 22.330.00 personas en Francia sufren alergias e intolerancias.<\/span><\/p><p><span style=\"font-size: 80%;\"><span style=\"font-weight: 400;\">Ahora es posible formarse y certificarse como profesional de la Reinformaci\u00f3n Vibracional sin tener que pagar un c\u00e9ntimo. La formaci\u00f3n es gratuita, sujeta a ciertas condiciones.<\/span><\/span><\/p>\t\t\t\t\t\t\t\t<\/div>\n\t\t\t\t<\/div>\n\t\t\t\t<section data-particle_enable=\"false\" data-particle-mobile-disabled=\"false\" class=\"elementor-section elementor-inner-section elementor-element elementor-element-9dfde66 elementor-section-boxed elementor-section-height-default elementor-section-height-default\" data-id=\"9dfde66\" data-element_type=\"section\" data-e-type=\"section\" data-settings=\"{&quot;background_background&quot;:&quot;classic&quot;}\">\n\t\t\t\t\t\t\t<div class=\"elementor-background-overlay\"><\/div>\n\t\t\t\t\t\t\t<div class=\"elementor-container elementor-column-gap-default\">\n\t\t\t\t\t<div class=\"elementor-column elementor-col-100 elementor-inner-column elementor-element elementor-element-55af9f2\" data-id=\"55af9f2\" data-element_type=\"column\" data-e-type=\"column\">\n\t\t\t<div class=\"elementor-widget-wrap elementor-element-populated\">\n\t\t\t\t\t\t<div class=\"elementor-element elementor-element-357627f elementor-widget elementor-widget-heading\" data-id=\"357627f\" data-element_type=\"widget\" data-e-type=\"widget\" data-widget_type=\"heading.default\">\n\t\t\t\t<div class=\"elementor-widget-container\">\n\t\t\t\t\t<h2 class=\"elementor-heading-title elementor-size-default\">Convi\u00e9rtase gratuitamente en un profesional certificado de la Reinformaci\u00f3n Vibracional<\/h2>\t\t\t\t<\/div>\n\t\t\t\t<\/div>\n\t\t\t\t<div class=\"elementor-element elementor-element-71dd007 elementor-align-center elementor-widget elementor-widget-button\" data-id=\"71dd007\" data-element_type=\"widget\" data-e-type=\"widget\" data-widget_type=\"button.default\">\n\t\t\t\t<div class=\"elementor-widget-container\">\n\t\t\t\t\t\t\t\t\t<div class=\"elementor-button-wrapper\">\n\t\t\t\t\t<a class=\"elementor-button elementor-button-link elementor-size-md elementor-animation-shrink\" href=\"https:\/\/www.lumen-care.com\/es\/webinaire-deprogrammer-les-allergies-et-intolerances-naturellement-et-gratuitement\/\" target=\"_blank\">\n\t\t\t\t\t\t<span class=\"elementor-button-content-wrapper\">\n\t\t\t\t\t\t\t\t\t<span class=\"elementor-button-text\">M\u00e1s informaci\u00f3n<\/span>\n\t\t\t\t\t<\/span>\n\t\t\t\t\t<\/a>\n\t\t\t\t<\/div>\n\t\t\t\t\t\t\t\t<\/div>\n\t\t\t\t<\/div>\n\t\t\t\t\t<\/div>\n\t\t<\/div>\n\t\t\t\t\t<\/div>\n\t\t<\/section>\n\t\t\t\t<div class=\"elementor-element elementor-element-c3f1975 elementor-widget elementor-widget-spacer\" data-id=\"c3f1975\" data-element_type=\"widget\" data-e-type=\"widget\" data-widget_type=\"spacer.default\">\n\t\t\t\t<div class=\"elementor-widget-container\">\n\t\t\t\t\t\t\t<div class=\"elementor-spacer\">\n\t\t\t<div class=\"elementor-spacer-inner\"><\/div>\n\t\t<\/div>\n\t\t\t\t\t\t<\/div>\n\t\t\t\t<\/div>\n\t\t\t\t<div class=\"elementor-element elementor-element-3254d26 elementor-widget elementor-widget-text-editor\" data-id=\"3254d26\" data-element_type=\"widget\" data-e-type=\"widget\" data-widget_type=\"text-editor.default\">\n\t\t\t\t<div class=\"elementor-widget-container\">\n\t\t\t\t\t\t\t\t\t<p><span style=\"font-weight: 400; font-size: 80%;\">El campo de las terapias alternativas y complementarias est\u00e1 en auge. El inter\u00e9s de la gente por los enfoques hol\u00edsticos crece sin cesar, y cada vez recurren m\u00e1s a pr\u00e1cticas totalmente naturales y no invasivas, aptas para todas las edades, y que act\u00faan de forma suave pero eficaz para restablecer y mantener el equilibrio natural del organismo con el fin de reforzar sus capacidades de autocuraci\u00f3n.<\/span><\/p><p><span style=\"font-weight: 400; font-size: 80%;\">Al fin y al cabo, sea cual sea la disciplina o el \u00e1mbito de especializaci\u00f3n, lo m\u00e1s importante es contribuir al bienestar de las personas. <\/span><\/p>\t\t\t\t\t\t\t\t<\/div>\n\t\t\t\t<\/div>\n\t\t\t\t\t<\/div>\n\t\t<\/div>\n\t\t\t\t\t<\/div>\n\t\t<\/section>\n\t\t\t\t<section data-particle_enable=\"false\" data-particle-mobile-disabled=\"false\" class=\"elementor-section elementor-top-section elementor-element elementor-element-6efa22c elementor-section-boxed elementor-section-height-default elementor-section-height-default\" data-id=\"6efa22c\" data-element_type=\"section\" data-e-type=\"section\">\n\t\t\t\t\t\t<div class=\"elementor-container elementor-column-gap-default\">\n\t\t\t\t\t<div class=\"elementor-column elementor-col-100 elementor-top-column elementor-element elementor-element-878bb41\" data-id=\"878bb41\" data-element_type=\"column\" data-e-type=\"column\">\n\t\t\t<div class=\"elementor-widget-wrap elementor-element-populated\">\n\t\t\t\t\t\t<div class=\"elementor-element elementor-element-e48c95a elementor-widget elementor-widget-heading\" data-id=\"e48c95a\" data-element_type=\"widget\" data-e-type=\"widget\" data-widget_type=\"heading.default\">\n\t\t\t\t<div class=\"elementor-widget-container\">\n\t\t\t\t\t<h4 class=\"elementor-heading-title elementor-size-default\">M\u00e1s art\u00edculos para usted:<\/h4>\t\t\t\t<\/div>\n\t\t\t\t<\/div>\n\t\t\t\t<div class=\"elementor-element elementor-element-6503271 elementor-grid-2 elementor-grid-tablet-2 elementor-grid-mobile-1 elementor-posts--thumbnail-top elementor-posts--show-avatar elementor-card-shadow-yes elementor-posts__hover-gradient elementor-widget elementor-widget-posts\" data-id=\"6503271\" data-element_type=\"widget\" data-e-type=\"widget\" data-settings=\"{&quot;cards_columns&quot;:&quot;2&quot;,&quot;cards_row_gap&quot;:{&quot;unit&quot;:&quot;px&quot;,&quot;size&quot;:33,&quot;sizes&quot;:[]},&quot;pagination_type&quot;:&quot;numbers&quot;,&quot;cards_columns_tablet&quot;:&quot;2&quot;,&quot;cards_columns_mobile&quot;:&quot;1&quot;,&quot;cards_row_gap_tablet&quot;:{&quot;unit&quot;:&quot;px&quot;,&quot;size&quot;:&quot;&quot;,&quot;sizes&quot;:[]},&quot;cards_row_gap_mobile&quot;:{&quot;unit&quot;:&quot;px&quot;,&quot;size&quot;:&quot;&quot;,&quot;sizes&quot;:[]}}\" data-widget_type=\"posts.cards\">\n\t\t\t\t<div class=\"elementor-widget-container\">\n\t\t\t\t\t\t\t<div class=\"elementor-posts-container elementor-posts elementor-posts--skin-cards elementor-grid\" role=\"list\">\n\t\t\t\t<article class=\"elementor-post elementor-grid-item post-26590 post type-post status-publish format-standard has-post-thumbnail hentry category-article\" role=\"listitem\">\n\t\t\t<div class=\"elementor-post__card\">\n\t\t\t\t<a class=\"elementor-post__thumbnail__link\" href=\"https:\/\/www.lumen-care.com\/es\/y-si-las-verduras-no-fueran-el-problema\/\" tabindex=\"-1\" ><div class=\"elementor-post__thumbnail\"><img fetchpriority=\"high\" decoding=\"async\" width=\"713\" height=\"400\" src=\"https:\/\/www.lumen-care.com\/wp-content\/uploads\/WhatsApp-Image-2025-03-22-at-10.37.21_314b1e8a-713x400.jpg\" class=\"attachment-medium size-medium wp-image-26594\" alt=\"\" srcset=\"https:\/\/www.lumen-care.com\/wp-content\/uploads\/WhatsApp-Image-2025-03-22-at-10.37.21_314b1e8a-713x400.jpg 713w, https:\/\/www.lumen-care.com\/wp-content\/uploads\/WhatsApp-Image-2025-03-22-at-10.37.21_314b1e8a-768x431.jpg 768w, https:\/\/www.lumen-care.com\/wp-content\/uploads\/WhatsApp-Image-2025-03-22-at-10.37.21_314b1e8a-18x10.jpg 18w, https:\/\/www.lumen-care.com\/wp-content\/uploads\/WhatsApp-Image-2025-03-22-at-10.37.21_314b1e8a-247x139.jpg 247w, https:\/\/www.lumen-care.com\/wp-content\/uploads\/WhatsApp-Image-2025-03-22-at-10.37.21_314b1e8a-510x286.jpg 510w, https:\/\/www.lumen-care.com\/wp-content\/uploads\/WhatsApp-Image-2025-03-22-at-10.37.21_314b1e8a.jpg 1155w\" sizes=\"(max-width: 713px) 100vw, 713px\" \/><\/div><\/a>\n\t\t\t\t<div class=\"elementor-post__badge\">Art\u00edculo<\/div>\n\t\t\t\t<div class=\"elementor-post__avatar\">\n\t\t\t<img alt='Danielle Tchonang' src='https:\/\/www.lumen-care.com\/wp-content\/litespeed\/avatar\/bc74fa1e20ba5d0b7c3c3f1b4e8dbb44.jpg?ver=1777404952' srcset='https:\/\/www.lumen-care.com\/wp-content\/litespeed\/avatar\/63adc14b1d03ebd6d0691fa5589f2dcb.jpg?ver=1777404952 2x' class='avatar avatar-128 photo' height='128' width='128' \/>\t\t<\/div>\n\t\t\t\t<div class=\"elementor-post__text\">\n\t\t\t\t<h3 class=\"elementor-post__title\">\n\t\t\t<a href=\"https:\/\/www.lumen-care.com\/es\/y-si-las-verduras-no-fueran-el-problema\/\" >\n\t\t\t\tSensibilidad alimentaria: \u00bfY si el problema no fueran las verduras... sino c\u00f3mo las interpreta su cuerpo?\t\t\t<\/a>\n\t\t<\/h3>\n\t\t\t\t<div class=\"elementor-post__excerpt\">\n\t\t\t<p>Las verduras son esenciales para una dieta equilibrada, pero \u00bfsab\u00eda que tambi\u00e9n pueden desencadenar sensibilidades? En contra de la creencia popular, absolutamente todo<\/p>\n\t\t<\/div>\n\t\t\n\t\t<a class=\"elementor-post__read-more\" href=\"https:\/\/www.lumen-care.com\/es\/y-si-las-verduras-no-fueran-el-problema\/\" aria-label=\"Read more about Sensibilidad a los alimentos: \u00bfY si el problema no fueran las verduras... sino la interpretaci\u00f3n que hace de ellas el organismo?\" tabindex=\"-1\" >\n\t\t\tLeer m\u00e1s \"\t\t<\/a>\n\n\t\t\t\t<\/div>\n\t\t\t\t<div class=\"elementor-post__meta-data\">\n\t\t\t\t\t<span class=\"elementor-post-date\">\n\t\t\t19 de mayo de 2025\t\t<\/span>\n\t\t\t\t<span class=\"elementor-post-avatar\">\n\t\t\tNo hay comentarios\t\t<\/span>\n\t\t\t\t<\/div>\n\t\t\t\t\t<\/div>\n\t\t<\/article>\n\t\t\t\t<article class=\"elementor-post elementor-grid-item post-26117 post type-post status-publish format-standard has-post-thumbnail hentry category-article\" role=\"listitem\">\n\t\t\t<div class=\"elementor-post__card\">\n\t\t\t\t<a class=\"elementor-post__thumbnail__link\" href=\"https:\/\/www.lumen-care.com\/es\/sensibilidad-a-los-sulfitos\/\" tabindex=\"-1\" ><div class=\"elementor-post__thumbnail\"><img decoding=\"async\" width=\"477\" height=\"400\" src=\"https:\/\/www.lumen-care.com\/wp-content\/uploads\/Sans-titre-1024-x-1024-px-Publication-Facebook-477x400.png\" class=\"attachment-medium size-medium wp-image-26121\" alt=\"\" srcset=\"https:\/\/www.lumen-care.com\/wp-content\/uploads\/Sans-titre-1024-x-1024-px-Publication-Facebook-477x400.png 477w, https:\/\/www.lumen-care.com\/wp-content\/uploads\/Sans-titre-1024-x-1024-px-Publication-Facebook-768x644.png 768w, https:\/\/www.lumen-care.com\/wp-content\/uploads\/Sans-titre-1024-x-1024-px-Publication-Facebook-14x12.png 14w, https:\/\/www.lumen-care.com\/wp-content\/uploads\/Sans-titre-1024-x-1024-px-Publication-Facebook-247x207.png 247w, https:\/\/www.lumen-care.com\/wp-content\/uploads\/Sans-titre-1024-x-1024-px-Publication-Facebook-510x428.png 510w, https:\/\/www.lumen-care.com\/wp-content\/uploads\/Sans-titre-1024-x-1024-px-Publication-Facebook.png 940w\" sizes=\"(max-width: 477px) 100vw, 477px\" \/><\/div><\/a>\n\t\t\t\t<div class=\"elementor-post__badge\">Art\u00edculo<\/div>\n\t\t\t\t<div class=\"elementor-post__avatar\">\n\t\t\t<img alt='Danielle Tchonang' src='https:\/\/www.lumen-care.com\/wp-content\/litespeed\/avatar\/bc74fa1e20ba5d0b7c3c3f1b4e8dbb44.jpg?ver=1777404952' srcset='https:\/\/www.lumen-care.com\/wp-content\/litespeed\/avatar\/63adc14b1d03ebd6d0691fa5589f2dcb.jpg?ver=1777404952 2x' class='avatar avatar-128 photo' height='128' width='128' \/>\t\t<\/div>\n\t\t\t\t<div class=\"elementor-post__text\">\n\t\t\t\t<h3 class=\"elementor-post__title\">\n\t\t\t<a href=\"https:\/\/www.lumen-care.com\/es\/sensibilidad-a-los-sulfitos\/\" >\n\t\t\t\tVino y sensibilidad a los sulfitos: \u00bfPor qu\u00e9 reacciona mal y qu\u00e9 puede hacer al respecto?\t\t\t<\/a>\n\t\t<\/h3>\n\t\t\t\t<div class=\"elementor-post__excerpt\">\n\t\t\t<p>Los sulfitos son conservantes muy utilizados en la industria alimentaria. Se encuentran en el vino, los embutidos, los frutos secos y muchos otros productos.<\/p>\n\t\t<\/div>\n\t\t\n\t\t<a class=\"elementor-post__read-more\" href=\"https:\/\/www.lumen-care.com\/es\/sensibilidad-a-los-sulfitos\/\" aria-label=\"Leer m\u00e1s sobre Vino y sensibilidad a los sulfitos: \u00bfPor qu\u00e9 reacciona mal y qu\u00e9 puede hacer al respecto?\" tabindex=\"-1\" >\n\t\t\tLeer m\u00e1s \"\t\t<\/a>\n\n\t\t\t\t<\/div>\n\t\t\t\t<div class=\"elementor-post__meta-data\">\n\t\t\t\t\t<span class=\"elementor-post-date\">\n\t\t\t28 marzo 2025\t\t<\/span>\n\t\t\t\t<span class=\"elementor-post-avatar\">\n\t\t\tNo hay comentarios\t\t<\/span>\n\t\t\t\t<\/div>\n\t\t\t\t\t<\/div>\n\t\t<\/article>\n\t\t\t\t<\/div>\n\t\t\n\t\t\t\t<div class=\"e-load-more-anchor\" data-page=\"1\" data-max-page=\"25\" data-next-page=\"https:\/\/www.lumen-care.com\/wp-json\/wp\/v2\/posts\/5207\/page\/2\/\"><\/div>\n\t\t\t\t<nav class=\"elementor-pagination\" aria-label=\"Paginaci\u00f3n\">\n\t\t\t<span aria-current=\"page\" class=\"page-numbers current\"><span class=\"elementor-screen-only\">P\u00e1gina<\/span>1<\/span>\n<a class=\"page-numbers\" href=\"https:\/\/www.lumen-care.com\/wp-json\/wp\/v2\/posts\/5207\/page\/2\/\"><span class=\"elementor-screen-only\">P\u00e1gina<\/span>2<\/a>\n<a class=\"page-numbers\" href=\"https:\/\/www.lumen-care.com\/wp-json\/wp\/v2\/posts\/5207\/page\/3\/\"><span class=\"elementor-screen-only\">P\u00e1gina<\/span>3<\/a>\n<a class=\"page-numbers\" href=\"https:\/\/www.lumen-care.com\/wp-json\/wp\/v2\/posts\/5207\/page\/4\/\"><span class=\"elementor-screen-only\">P\u00e1gina<\/span>4<\/a>\n<a class=\"page-numbers\" href=\"https:\/\/www.lumen-care.com\/wp-json\/wp\/v2\/posts\/5207\/page\/5\/\"><span class=\"elementor-screen-only\">P\u00e1gina<\/span>5<\/a>\t\t<\/nav>\n\t\t\t\t\t\t<\/div>\n\t\t\t\t<\/div>\n\t\t\t\t\t<\/div>\n\t\t<\/div>\n\t\t\t\t\t<\/div>\n\t\t<\/section>\n\t\t\t\t<\/div>","protected":false},"excerpt":{"rendered":"<p>\"El campo de las terapias hol\u00edsticas est\u00e1 creciendo r\u00e1pidamente. Las pr\u00e1cticas de terapia hol\u00edstica en Occidente empezaron a despegar en los a\u00f1os sesenta en respuesta a la preocupaci\u00f3n de la medicina convencional por los tratamientos farmacol\u00f3gicos y su incapacidad para ver a los pacientes no como individuos sino como partes del cuerpo que hay que examinar [...].","protected":false},"author":118,"featured_media":5231,"comment_status":"closed","ping_status":"closed","sticky":false,"template":"","format":"standard","meta":{"inline_featured_image":false,"__cvm_playback_settings":[],"__cvm_video_id":"","footnotes":""},"categories":[116],"tags":[],"class_list":["post-5207","post","type-post","status-publish","format-standard","has-post-thumbnail","hentry","category-article"],"vimeo_video":null,"_links":{"self":[{"href":"https:\/\/www.lumen-care.com\/es\/wp-json\/wp\/v2\/posts\/5207","targetHints":{"allow":["GET"]}}],"collection":[{"href":"https:\/\/www.lumen-care.com\/es\/wp-json\/wp\/v2\/posts"}],"about":[{"href":"https:\/\/www.lumen-care.com\/es\/wp-json\/wp\/v2\/types\/post"}],"author":[{"embeddable":true,"href":"https:\/\/www.lumen-care.com\/es\/wp-json\/wp\/v2\/users\/118"}],"replies":[{"embeddable":true,"href":"https:\/\/www.lumen-care.com\/es\/wp-json\/wp\/v2\/comments?post=5207"}],"version-history":[{"count":0,"href":"https:\/\/www.lumen-care.com\/es\/wp-json\/wp\/v2\/posts\/5207\/revisions"}],"wp:featuredmedia":[{"embeddable":true,"href":"https:\/\/www.lumen-care.com\/es\/wp-json\/wp\/v2\/media\/5231"}],"wp:attachment":[{"href":"https:\/\/www.lumen-care.com\/es\/wp-json\/wp\/v2\/media?parent=5207"}],"wp:term":[{"taxonomy":"category","embeddable":true,"href":"https:\/\/www.lumen-care.com\/es\/wp-json\/wp\/v2\/categories?post=5207"},{"taxonomy":"post_tag","embeddable":true,"href":"https:\/\/www.lumen-care.com\/es\/wp-json\/wp\/v2\/tags?post=5207"}],"curies":[{"name":"wp","href":"https:\/\/api.w.org\/{rel}","templated":true}]}}