{"id":10761,"date":"2022-03-31T09:06:08","date_gmt":"2022-03-31T07:06:08","guid":{"rendered":"https:\/\/www.lumen-care.com\/?p=10761"},"modified":"2023-09-20T14:44:28","modified_gmt":"2023-09-20T12:44:28","slug":"dire-addio-alle-vostre-allergie-con-il-metodo-della-cura-del-lume","status":"publish","type":"post","link":"https:\/\/www.lumen-care.com\/it\/dire-addio-alle-vostre-allergie-con-il-metodo-della-cura-del-lume\/","title":{"rendered":"Dite addio alle vostre sensibilit\u00e0: con il Metodo Lumen Care"},"content":{"rendered":"<h2 style=\"text-align: center;\"><\/h2>\n<div class=\"video video-fit mb\" style=\"padding-top:56.25%;\"><p><iframe title=\"Dite addio alle vostre intolleranze e sensibilit\u00e0: con il Metodo Lumen Care\" width=\"1020\" height=\"574\" src=\"https:\/\/www.youtube.com\/embed\/Ql90_2rQxwo?feature=oembed\" frameborder=\"0\" allow=\"accelerometer; autoplay; clipboard-write; encrypted-media; gyroscope; picture-in-picture; web-share\" referrerpolicy=\"strict-origin-when-cross-origin\" allowfullscreen><\/iframe><\/p>\n<\/div>\n<p>&nbsp;<\/p>\n<h2>Andare oltre<\/h2>\n<p>Se, come Guillaume, volete aiutare gli altri e al tempo stesso sviluppare la vostra attivit\u00e0, non dovete far altro che conoscere la Reintegrazione Vibrazionale.<\/p>\n<p>Questo corso dura solo 2 giorni e sar\u00e0 una vera risorsa per la vostra pratica.<\/p>\n\n\t<div id=\"col-119871658\" class=\"col medium-6 small-12 large-6\"  >\n\t\t\t\t<div class=\"col-inner\"  >\n\t\t\t\n\t\t\t\t\t<\/div>\n\t\t\t\t\t<\/div>\n\n\t\n<a href=\"https:\/\/https:\/\/www.lumen-care.com\/catalogue-formations\/\" class=\"button primary is-shade box-shadow-3 box-shadow-5-hover\" style=\"border-radius:5px;\">\n\t\t<span>Imparare a deprogrammare sensibilit\u00e0 e intolleranze<\/span>\n\t<\/a>","protected":false},"excerpt":{"rendered":"<p>&nbsp; Andare oltre Se, come Guillaume, volete aiutare altre persone e allo stesso tempo sviluppare la vostra attivit\u00e0, non dovete far altro che seguire un corso di Reinformazione Vibrazionale. Questo corso dura solo 2 giorni e sar\u00e0 una vera risorsa per la vostra attivit\u00e0.<\/p>","protected":false},"author":636,"featured_media":10765,"comment_status":"closed","ping_status":"closed","sticky":false,"template":"","format":"standard","meta":{"inline_featured_image":false,"__cvm_playback_settings":[],"__cvm_video_id":"","footnotes":""},"categories":[116,89],"tags":[],"class_list":["post-10761","post","type-post","status-publish","format-standard","has-post-thumbnail","hentry","category-article","category-temoignages"],"vimeo_video":null,"_links":{"self":[{"href":"https:\/\/www.lumen-care.com\/it\/wp-json\/wp\/v2\/posts\/10761","targetHints":{"allow":["GET"]}}],"collection":[{"href":"https:\/\/www.lumen-care.com\/it\/wp-json\/wp\/v2\/posts"}],"about":[{"href":"https:\/\/www.lumen-care.com\/it\/wp-json\/wp\/v2\/types\/post"}],"author":[{"embeddable":true,"href":"https:\/\/www.lumen-care.com\/it\/wp-json\/wp\/v2\/users\/636"}],"replies":[{"embeddable":true,"href":"https:\/\/www.lumen-care.com\/it\/wp-json\/wp\/v2\/comments?post=10761"}],"version-history":[{"count":0,"href":"https:\/\/www.lumen-care.com\/it\/wp-json\/wp\/v2\/posts\/10761\/revisions"}],"wp:featuredmedia":[{"embeddable":true,"href":"https:\/\/www.lumen-care.com\/it\/wp-json\/wp\/v2\/media\/10765"}],"wp:attachment":[{"href":"https:\/\/www.lumen-care.com\/it\/wp-json\/wp\/v2\/media?parent=10761"}],"wp:term":[{"taxonomy":"category","embeddable":true,"href":"https:\/\/www.lumen-care.com\/it\/wp-json\/wp\/v2\/categories?post=10761"},{"taxonomy":"post_tag","embeddable":true,"href":"https:\/\/www.lumen-care.com\/it\/wp-json\/wp\/v2\/tags?post=10761"}],"curies":[{"name":"wp","href":"https:\/\/api.w.org\/{rel}","templated":true}]}}