{"id":1415,"date":"2017-04-01T01:34:09","date_gmt":"2017-03-31T23:34:09","guid":{"rendered":"https:\/\/www.lumen-care.com\/?p=1415"},"modified":"2023-09-20T16:07:43","modified_gmt":"2023-09-20T14:07:43","slug":"testimonianza-trattamento-delle-sensibilita-e-delle-intolleranze-nathalie","status":"publish","type":"post","link":"https:\/\/www.lumen-care.com\/it\/testimonianza-trattamento-delle-sensibilita-e-delle-intolleranze-nathalie\/","title":{"rendered":"Testimonianza - Trattamento di sensibilit\u00e0 e intolleranze - Nathalie"},"content":{"rendered":"<div class=\"video video-fit mb\" style=\"padding-top:56.25%;\"><p><iframe title=\"Testimonianza di Reinformazione Vibratoria - Nathalie\" width=\"1020\" height=\"574\" src=\"https:\/\/www.youtube.com\/embed\/V-6SBy5IG3g?feature=oembed\" frameborder=\"0\" allow=\"accelerometer; autoplay; clipboard-write; encrypted-media; gyroscope; picture-in-picture; web-share\" referrerpolicy=\"strict-origin-when-cross-origin\" allowfullscreen><\/iframe><\/p>\n<\/div>\n<div class=\"row\"  id=\"row-697764912\">\n\n\t<div id=\"col-1952988630\" class=\"col medium-6 small-12 large-6\"  >\n\t\t\t\t<div class=\"col-inner\"  >\n\t\t\t\n\t\t\t\n<a href=\"https:\/\/https:\/\/https:\/\/www.lumen-care.com\/produits\/reactifs\/allergies-environnementales\/\" class=\"button primary is-shade box-shadow-3 box-shadow-5-hover\" style=\"border-radius:5px;\">\n\t\t<span>Acquistare un complesso di sensibilit\u00e0 ambientale<\/span>\n\t<\/a>\n\n\t\t<\/div>\n\t\t\t\t\t<\/div>\n\n\t\n\n\t<div id=\"col-1261744947\" class=\"col medium-6 small-12 large-6\"  >\n\t\t\t\t<div class=\"col-inner\"  >\n\t\t\t\n\t\t\t\n<a href=\"https:\/\/https:\/\/www.apsl-sante.org\/annuaire-therapeutes-2\/\" class=\"button primary is-shade box-shadow-3 box-shadow-5-hover\" style=\"border-radius:5px;\">\n\t\t<span>Trovate un professionista per una valutazione personalizzata<\/span>\n\t<\/a>\n\n\t\t<\/div>\n\t\t\t\t\t<\/div>\n\n\t\n<\/div>\n<p><strong>Trascrizione del video \u21d3<\/strong><\/p>\n<p><strong><u>Quali erano i suoi sintomi?<\/u><\/strong><u>\u00a0<\/u><\/p>\n<p>Ho avuto reazioni al freddo, soprattutto al mattino.<\/p>\n<p>Al mattino, appena mi alzavo, appena mettevo piede fuori, <strong>Ho starnutito per mezz'ora<\/strong>.<\/p>\n<p>Ho avuto anche reazioni di intolleranza agli acari della polvere di casa. Se entravo troppo in contatto con gli acari della polvere, mi venivano riniti, starnuti e prurito agli occhi. Spesso questo pu\u00f2 portare a <strong>bronchite asmatica<\/strong>.<\/p>\n<p>In seguito, altre intolleranze erano dovute ai profumi. Prima mi sentivo fisicamente a mio agio con i profumi, ma questo mi dava molto fastidio e provocava<strong> starnuti e difficolt\u00e0 respiratorie<\/strong>.<\/p>\n<p>&nbsp;<\/p>\n<p><strong><u>Il protocollo \u00e8 difficile da seguire?<\/u><\/strong><u>\u00a0<\/u><\/p>\n<p>In effetti, la patch \u00e8 accompagnata da una nota esplicativa: <a href=\"https:\/\/www.lumen-care.com\/it\/principe-reinformation-vibratoire-2\/\">la fiala<\/a>]. Questa nota esplicativa indica quando deve essere utilizzato, per quante ore al giorno, ecc.<\/p>\n<p>Queste spiegazioni sono molto <strong>semplice ed esplicito<\/strong>.<\/p>\n<p>Sta poi a noi trovare le fasce orarie per dedicare il giusto numero di ore.<\/p>\n<p>Nel mio caso, dovendo applicare il cerotto per 8 ore, l'ho messo al risveglio e l'ho tolto 8 ore dopo.<\/p>\n<p>In pratica era molto semplice e non restrittivo. Poteva essere indossato sotto i vestiti e<strong> non si vedeva<\/strong>.<\/p>\n<p>&nbsp;<\/p>\n<p><strong><u>Ci sono stati risultati?<\/u><\/strong><u>\u00a0<\/u><\/p>\n<p>C'erano <strong>molti progressi e molti miglioramenti.\u00a0<\/strong><\/p>\n<p>Il freddo del mattino,<strong> Non starnutisco pi\u00f9 e non sento pi\u00f9 il freddo<\/strong>. Non mi piace pi\u00f9.<\/p>\n<p>La cosa pi\u00f9 interessante \u00e8 la mia reazione ai profumi. In questo caso, vedo una differenza molto grande, perch\u00e9 i profumi che prima mi piacevano cos\u00ec tanto<strong> non hanno pi\u00f9 alcun effetto su di me<\/strong> Non starnutisco pi\u00f9 e non sono pi\u00f9 cos\u00ec disturbato fisicamente. <strong>\u00c8 davvero impressionante, perch\u00e9 mi dava molto fastidio.<\/strong>.<\/p>\n<p>Per quanto riguarda gli acari, sono stato di nuovo a contatto con molti di essi. Direi che <strong>le cose vanno molto meglio<\/strong>Ma posso ancora essere un po' sensibile.<\/p>\n<p>&nbsp;<\/p>\n<p><strong><u>Sta pensando di andare oltre?<\/u><\/strong><\/p>\n<p>S\u00ec, sto continuando il trattamento perch\u00e9 ho ancora qualche reazione agli acari. \u00c8 <strong>importante per me continuare<\/strong>.<\/p>\n<p>Il trattamento \u00e8 molto semplice e il prezzo \u00e8 accessibile e alla portata di tutti.\u00a0 <strong>Lo consiglio vivamente a chiunque, e per di pi\u00f9 il trattamento \u00e8 privo di stress.<\/strong>.<\/p>\n<p>&nbsp;<\/p>\n<h2>Trattamento di intolleranze e sensibilit\u00e0<\/h2>\n<p>Se, come Nathalie, desiderate beneficiare dei vantaggi della reintegrazione vibratoria :<\/p>\n<ul>\n<div class=\"row\"  id=\"row-58167235\">\n\n\t<div id=\"col-65974715\" class=\"col medium-6 small-12 large-6\"  >\n\t\t\t\t<div class=\"col-inner\"  >\n\t\t\t\n\t\t\t\n<a href=\"https:\/\/https:\/\/https:\/\/www.lumen-care.com\/produits\/reactifs\/allergies-environnementales\/\" class=\"button primary is-shade box-shadow-3 box-shadow-5-hover\" style=\"border-radius:5px;\">\n\t\t<span>Acquistare un complesso di sensibilit\u00e0 ambientale<\/span>\n\t<\/a>\n\n\t\t<\/div>\n\t\t\t\t\t<\/div>\n\n\t\n\n\t<div id=\"col-1176521677\" class=\"col medium-6 small-12 large-6\"  >\n\t\t\t\t<div class=\"col-inner\"  >\n\t\t\t\n\t\t\t\n<a href=\"https:\/\/https:\/\/www.apsl-sante.org\/annuaire-therapeutes-2\/\" class=\"button primary is-shade box-shadow-3 box-shadow-5-hover\" style=\"border-radius:5px;\">\n\t\t<span>Trovate un professionista per una valutazione personalizzata<\/span>\n\t<\/a>\n\n\t\t<\/div>\n\t\t\t\t\t<\/div>\n\n\t\n<\/div>","protected":false},"excerpt":{"rendered":"<p>Trascrizione del video \u21d3 Quali erano i sintomi?  Ho avuto reazioni in seguito al raffreddore, soprattutto al mattino. Al mattino, appena mi alzavo, appena mettevo il naso fuori, starnutivo per mezz'ora. Avevo anche reazioni di intolleranza agli acari della polvere. Se ero troppo a contatto con gli acari della polvere di casa, [...]","protected":false},"author":1,"featured_media":1417,"comment_status":"closed","ping_status":"closed","sticky":false,"template":"","format":"video","meta":{"inline_featured_image":false,"__cvm_playback_settings":[],"__cvm_video_id":"","footnotes":""},"categories":[89],"tags":[],"class_list":["post-1415","post","type-post","status-publish","format-video","has-post-thumbnail","hentry","category-temoignages","post_format-post-format-video"],"vimeo_video":null,"_links":{"self":[{"href":"https:\/\/www.lumen-care.com\/it\/wp-json\/wp\/v2\/posts\/1415","targetHints":{"allow":["GET"]}}],"collection":[{"href":"https:\/\/www.lumen-care.com\/it\/wp-json\/wp\/v2\/posts"}],"about":[{"href":"https:\/\/www.lumen-care.com\/it\/wp-json\/wp\/v2\/types\/post"}],"author":[{"embeddable":true,"href":"https:\/\/www.lumen-care.com\/it\/wp-json\/wp\/v2\/users\/1"}],"replies":[{"embeddable":true,"href":"https:\/\/www.lumen-care.com\/it\/wp-json\/wp\/v2\/comments?post=1415"}],"version-history":[{"count":0,"href":"https:\/\/www.lumen-care.com\/it\/wp-json\/wp\/v2\/posts\/1415\/revisions"}],"wp:featuredmedia":[{"embeddable":true,"href":"https:\/\/www.lumen-care.com\/it\/wp-json\/wp\/v2\/media\/1417"}],"wp:attachment":[{"href":"https:\/\/www.lumen-care.com\/it\/wp-json\/wp\/v2\/media?parent=1415"}],"wp:term":[{"taxonomy":"category","embeddable":true,"href":"https:\/\/www.lumen-care.com\/it\/wp-json\/wp\/v2\/categories?post=1415"},{"taxonomy":"post_tag","embeddable":true,"href":"https:\/\/www.lumen-care.com\/it\/wp-json\/wp\/v2\/tags?post=1415"}],"curies":[{"name":"wp","href":"https:\/\/api.w.org\/{rel}","templated":true}]}}