{"id":14540,"date":"2023-03-29T12:34:56","date_gmt":"2023-03-29T10:34:56","guid":{"rendered":"https:\/\/www.lumen-care.com\/?p=14540"},"modified":"2024-04-15T15:31:41","modified_gmt":"2024-04-15T13:31:41","slug":"questo-terapeuta-ha-testato-il-metodo-di-cura-con-la-cera-su-un-cliente-asmatico-scoprendo-il-risultato","status":"publish","type":"post","link":"https:\/\/www.lumen-care.com\/it\/questo-terapeuta-ha-testato-il-metodo-di-cura-con-la-cera-su-un-cliente-asmatico-scoprendo-il-risultato\/","title":{"rendered":"Questo terapista ha testato il metodo Lumen Care su un cliente asmatico: scoprite i risultati!"},"content":{"rendered":"<p><iframe title=\"Questo terapeuta ha testato il metodo Lumen Care su un cliente asmatico: scoprite i risultati!\" width=\"1020\" height=\"574\" src=\"https:\/\/www.youtube.com\/embed\/P_bRfkAL6Ec?feature=oembed\" frameborder=\"0\" allow=\"accelerometer; autoplay; clipboard-write; encrypted-media; gyroscope; picture-in-picture; web-share\" referrerpolicy=\"strict-origin-when-cross-origin\" allowfullscreen><\/iframe><\/p>\n\n\t<div id=\"col-177584245\" class=\"col medium-6 small-12 large-6\"  >\n\t\t\t\t<div class=\"col-inner\"  >\n\t\t\t\n\t\t\t\t\t<\/div>\n\t\t\t\t\t<\/div>\n\n\t\n<a href=\"https:\/\/www.lumen-care.com\/it\/catalogo-della-formazione\/\" class=\"button primary is-shade box-shadow-3 box-shadow-5-hover\" style=\"border-radius:5px;\">\n\t\t<span>Imparare a deprogrammare sensibilit\u00e0 e intolleranze<\/span>\n\t<\/a>\n\n<p><strong>Trascrizione del video \u21d3<\/strong><\/p>\n<p><span style=\"font-weight: 400;\"><em>Michou Delboy<\/em> Ho una cliente di 48 anni che soffre di asma da quindici anni, da quando \u00e8 nata sua figlia.  \u00c8 anche sensibile all'inquinamento, ma non sa esattamente cosa sia. Non \u00e8 mai stata sottoposta a un test, ma quando \u00e8 sotto la polvere non se ne va. Ha anche l'herpes.\u00a0<\/span><\/p>\n<p><span style=\"font-weight: 400;\">Non appena ha iniziato a mettere la fiala, ha cominciato a sentirsi molto meglio. Poich\u00e9 aveva attacchi d'asma, russava continuamente in gola. Cos\u00ec, dopo un mese, quando ci siamo convalidati, l'ho chiamata al telefono. Mi ha detto: \"<\/span><i><span style=\"font-weight: 400;\">quasi subito, si \u00e8 calmato e ora, da un mese, non ho pi\u00f9 avuto alcun problema<\/span><\/i><span style=\"font-weight: 400;\">\". Da allora non ci furono pi\u00f9 attacchi d'asma. Assolutamente nessuno. Avevamo anche scoperto che c'era inquinamento, acari della polvere, inquinamento, carburante, ecc. e che c'era un rischio di asma.<\/span><\/p>\n<p><span style=\"font-weight: 400;\">Mi ha detto: \"<\/span><i><span style=\"font-weight: 400;\">In quindici anni non mi sono mai sentito meglio<\/span><\/i><span style=\"font-weight: 400;\">\". Non le \u00e8 rimasto nulla. \u00c8 a zero.<\/span><\/p>\n<p><b>Con quale frequenza ha avuto le convulsioni?<\/b><\/p>\n<p><span style=\"font-weight: 400;\"><em>Michou Delboy<\/em> Aveva delle crisi epilettiche abbastanza regolarmente, ma non saprei dire con esattezza. D'altra parte, ha sempre avuto una specie di russamento. Quando la si ascolta in video, si pu\u00f2 sentire il suo russare nei polmoni o forse nella gola. Molto forte. E naturalmente starnuti e malessere. Tutto \u00e8 sceso a zero alla prima convalida, quindi ho pensato che fosse soddisfacente.<\/span><\/p>\n<p><b>Considera il suo livello di comfort ottimale?<\/b><\/p>\n<p><span style=\"font-weight: 400;\">In questo momento, s\u00ec! Dice: \"<\/span><i><span style=\"font-weight: 400;\">\u00e8 incredibile, non c'\u00e8 pi\u00f9 niente. Non mi sentivo cos\u00ec bene da quindici anni.<\/span><\/i><span style=\"font-weight: 400;\">\".<\/span><\/p>\n<h2>Andare oltre<\/h2>\n<p>Se, come Michou Delboy, volete aiutare gli altri e al contempo sviluppare la vostra attivit\u00e0, non dovete far altro che conoscere il metodo Lumen Care.<\/p>\n<p>Questo supporto di 3 mesi sar\u00e0 una vera risorsa per il vostro studio.<\/p>\n\n\t<div id=\"col-1784540336\" class=\"col medium-6 small-12 large-6\"  >\n\t\t\t\t<div class=\"col-inner\"  >\n\t\t\t\n\t\t\t\t\t<\/div>\n\t\t\t\t\t<\/div>\n\n\t\n<a href=\"https:\/\/www.lumen-care.com\/it\/catalogo-della-formazione\/\" class=\"button primary is-shade box-shadow-3 box-shadow-5-hover\" style=\"border-radius:5px;\">\n\t\t<span>Imparare a deprogrammare sensibilit\u00e0 e intolleranze<\/span>\n\t<\/a>","protected":false},"excerpt":{"rendered":"<p>Trascrizione video \u21d3 Michou Delboy: Ho una cliente di 48 anni che soffre di asma da quindici anni, da quando \u00e8 nata sua figlia.  \u00c8 anche sensibile all'inquinamento, anche se non sa esattamente cosa sia. Non \u00e8 mai stata sottoposta a test, ma quando si trova nella polvere [...].","protected":false},"author":1111,"featured_media":14542,"comment_status":"closed","ping_status":"closed","sticky":false,"template":"","format":"video","meta":{"inline_featured_image":false,"__cvm_playback_settings":[],"__cvm_video_id":"","footnotes":""},"categories":[116,89],"tags":[],"class_list":["post-14540","post","type-post","status-publish","format-video","has-post-thumbnail","hentry","category-article","category-temoignages","post_format-post-format-video"],"vimeo_video":null,"_links":{"self":[{"href":"https:\/\/www.lumen-care.com\/it\/wp-json\/wp\/v2\/posts\/14540","targetHints":{"allow":["GET"]}}],"collection":[{"href":"https:\/\/www.lumen-care.com\/it\/wp-json\/wp\/v2\/posts"}],"about":[{"href":"https:\/\/www.lumen-care.com\/it\/wp-json\/wp\/v2\/types\/post"}],"author":[{"embeddable":true,"href":"https:\/\/www.lumen-care.com\/it\/wp-json\/wp\/v2\/users\/1111"}],"replies":[{"embeddable":true,"href":"https:\/\/www.lumen-care.com\/it\/wp-json\/wp\/v2\/comments?post=14540"}],"version-history":[{"count":0,"href":"https:\/\/www.lumen-care.com\/it\/wp-json\/wp\/v2\/posts\/14540\/revisions"}],"wp:featuredmedia":[{"embeddable":true,"href":"https:\/\/www.lumen-care.com\/it\/wp-json\/wp\/v2\/media\/14542"}],"wp:attachment":[{"href":"https:\/\/www.lumen-care.com\/it\/wp-json\/wp\/v2\/media?parent=14540"}],"wp:term":[{"taxonomy":"category","embeddable":true,"href":"https:\/\/www.lumen-care.com\/it\/wp-json\/wp\/v2\/categories?post=14540"},{"taxonomy":"post_tag","embeddable":true,"href":"https:\/\/www.lumen-care.com\/it\/wp-json\/wp\/v2\/tags?post=14540"}],"curies":[{"name":"wp","href":"https:\/\/api.w.org\/{rel}","templated":true}]}}