{"id":17114,"date":"2023-07-21T13:02:38","date_gmt":"2023-07-21T11:02:38","guid":{"rendered":"https:\/\/www.lumen-care.com\/?p=17114"},"modified":"2023-09-19T18:52:19","modified_gmt":"2023-09-19T16:52:19","slug":"la-mia-esperienza-di-terapeuta-con-la-cura-del-lume-ho-finalmente-trovato-un-metodo-davvero-efficace-3","status":"publish","type":"post","link":"https:\/\/www.lumen-care.com\/it\/la-mia-esperienza-di-terapeuta-con-la-cura-del-lume-ho-finalmente-trovato-un-metodo-davvero-efficace-3\/","title":{"rendered":"La mia esperienza come terapeuta con Lumen Care: ho finalmente trovato un metodo davvero efficace!"},"content":{"rendered":"<p><iframe title=\"La mia esperienza come terapeuta con Lumen Care: ho finalmente trovato un metodo davvero efficace!\" width=\"1020\" height=\"574\" src=\"https:\/\/www.youtube.com\/embed\/7Gi2AvcquIE?feature=oembed\" frameborder=\"0\" allow=\"accelerometer; autoplay; clipboard-write; encrypted-media; gyroscope; picture-in-picture; web-share\" referrerpolicy=\"strict-origin-when-cross-origin\" allowfullscreen><\/iframe><\/p>\n\n\t<div id=\"col-1150901044\" class=\"col medium-6 small-12 large-6\"  >\n\t\t\t\t<div class=\"col-inner\"  >\n\t\t\t\n\t\t\t\t\t<\/div>\n\t\t\t\t\t<\/div>\n\n\t\n<a href=\"https:\/\/https:\/\/www.lumen-care.com\/catalogue-formations\/\" class=\"button primary is-shade box-shadow-3 box-shadow-5-hover\" style=\"border-radius:5px;\">\n\t\t<span>Imparare a deprogrammare sensibilit\u00e0 e intolleranze<\/span>\n\t<\/a>\n\n<p><strong>Trascrizione del video \u21d3<\/strong><\/p>\n<p><strong>Ci pu\u00f2 parlare un po' di lei?<\/strong><\/p>\n<p>Mi chiamo Laurence, vivo nel Tarn e sono un terapeuta Lumen Care da qualche mese. Ho testato il metodo su mio figlio, che aveva molte allergie. Poi l'ho testato su me stesso. Ho deciso di provare e posso assicurarvi che il metodo \u00e8 molto efficace.<\/p>\n<p><strong>Qual \u00e8 il vostro rapporto con le sensibilit\u00e0 e le intolleranze?<\/strong><\/p>\n<p>Sono molto soddisfatta perch\u00e9 mio figlio aveva una disabilit\u00e0. Era educatamente sensibile, con problemi anafilattici e di sensibilit\u00e0. Dopo sei mesi, non ha praticamente alcun sintomo di intolleranza. Anch'io avevo una serie di sensibilit\u00e0 asmatiche. Quando ero pi\u00f9 giovane, in primavera dovevo fare delle iniezioni di cortisone a causa dei pollini. Ora che non ho problemi di pollini, non ho bisogno di cortisone. Devo ammettere che sto vivendo una primavera eccezionale. Non ne avevo una da anni, e questo \u00e8 davvero positivo.<\/p>\n<p><strong>Ha avuto buoni risultati con gli antistaminici?<\/strong><\/p>\n<p>S\u00ec, ha funzionato, ma ci sono ancora effetti collaterali. E dovevo prenderli in continuazione, mentre ora non ho bisogno di prendere nulla. Quindi \u00e8 comunque una grande differenza.<\/p>\n<p><strong>Come ha conosciuto il metodo Lumen Care?<\/strong><\/p>\n<p>Perch\u00e9 mio figlio \u00e8 educato e sensibile. Volevo che potesse mangiare come noi, per facilitare la mia vita e anche la sua. Mi sono imbattuta per caso in qualcuno che applicava il metodo e ho voluto saperne di pi\u00f9. Ho seguito il corso ed \u00e8 stato cos\u00ec bello che ho deciso di avviare un'attivit\u00e0 in proprio. Abbiamo mantenuto i contatti con tutti gli altri terapisti ed \u00e8 stato fantastico.<\/p>\n<p><strong>Come \u00e8 andata la formazione?<\/strong><\/p>\n<p>Abbiamo iniziato imparando a conoscere la kinesiologia e poi abbiamo imparato a conoscere il metodo in due giorni. Ci sono stati inviati alcuni corsi di base in modo da poter trascorrere pi\u00f9 tempo insieme e fare domande. Avevamo gi\u00e0 fatto un po' di lavoro a casa. Io conoscevo gi\u00e0 le sensibilit\u00e0 e le intolleranze, perch\u00e9 avevo creato un'associazione sulle sensibilit\u00e0 e le intolleranze. Olivier \u00e8 molto chiaro, molto convinto e molto convincente. \u00c8 stato bello, c'era una buona energia. \u00c8 stato un corso davvero buono. Lo consiglio.<\/p>\n<p>Ho acquistato l'attrezzatura sul posto, cos\u00ec ho potuto iniziare subito.<\/p>\n<p><strong>Avete ottenuto buoni risultati?<\/strong><\/p>\n<p>Ora possiamo mangiare tutti pi\u00f9 o meno allo stesso modo. Ha mangiato la sua prima conchiglia con il pane intinto. Era felicissimo. E anche noi stavamo festeggiando. Per quanto riguarda me, sto molto meglio. Ho pi\u00f9 energia, meno gonfiore, meno problemi intestinali, niente pi\u00f9 rinite notturna o prurito alla gola e occhi che colano. Ecco, \u00e8 finita.<\/p>\n<p>Mia figlia, che era intollerante ai broccoli eppure li adora, ora \u00e8 felice, manger\u00e0 i broccoli. \u00c8 anche ipersensibile al latte. \u00c8 cos\u00ec da quando era piccola. Ma ora \u00e8 felice. Mangia lo yogurt, non ha pi\u00f9 paura quando viene invitata a casa sua o quando qualcuno le regala una torta. Si diverte.<\/p>\n<p><strong>Che consiglio pu\u00f2 dare alle persone?<\/strong><\/p>\n<p>Non abbiate paura, fatelo, perch\u00e9 \u00e8 un metodo molto bello e delicato. \u00c8 il metodo del futuro.<\/p>\n<h2>Andare oltre<\/h2>\n<p>Se, come Laurence, desiderate provare un metodo assolutamente efficace contro le vostre sensibilit\u00e0 e intolleranze, non dovete far altro che provare il metodo Lumen Care.<\/p>\n\n\t<div id=\"col-964691660\" class=\"col medium-6 small-12 large-6\"  >\n\t\t\t\t<div class=\"col-inner\"  >\n\t\t\t\n\t\t\t\t\t<\/div>\n\t\t\t\t\t<\/div>\n\n\t\n<a href=\"https:\/\/https:\/\/www.lumen-care.com\/catalogue-formations\/\" class=\"button primary is-shade box-shadow-3 box-shadow-5-hover\" style=\"border-radius:5px;\">\n\t\t<span>Imparare a deprogrammare sensibilit\u00e0 e intolleranze<\/span>\n\t<\/a>","protected":false},"excerpt":{"rendered":"<p>Trascrizione del video \u21d3 Puoi raccontarci qualcosa di te? Mi chiamo Laurence, vivo nel Tarn e sono un terapista Lumen Care da qualche mese. Ho testato il metodo su mio figlio che aveva molte allergie. Poi l'ho testato su me stesso. Ho deciso di fare il grande passo e posso assicurarvi che il metodo [...]","protected":false},"author":1111,"featured_media":17115,"comment_status":"closed","ping_status":"closed","sticky":false,"template":"","format":"video","meta":{"inline_featured_image":false,"__cvm_playback_settings":[],"__cvm_video_id":"","footnotes":""},"categories":[116,89],"tags":[],"class_list":["post-17114","post","type-post","status-publish","format-video","has-post-thumbnail","hentry","category-article","category-temoignages","post_format-post-format-video"],"vimeo_video":null,"_links":{"self":[{"href":"https:\/\/www.lumen-care.com\/it\/wp-json\/wp\/v2\/posts\/17114","targetHints":{"allow":["GET"]}}],"collection":[{"href":"https:\/\/www.lumen-care.com\/it\/wp-json\/wp\/v2\/posts"}],"about":[{"href":"https:\/\/www.lumen-care.com\/it\/wp-json\/wp\/v2\/types\/post"}],"author":[{"embeddable":true,"href":"https:\/\/www.lumen-care.com\/it\/wp-json\/wp\/v2\/users\/1111"}],"replies":[{"embeddable":true,"href":"https:\/\/www.lumen-care.com\/it\/wp-json\/wp\/v2\/comments?post=17114"}],"version-history":[{"count":0,"href":"https:\/\/www.lumen-care.com\/it\/wp-json\/wp\/v2\/posts\/17114\/revisions"}],"wp:featuredmedia":[{"embeddable":true,"href":"https:\/\/www.lumen-care.com\/it\/wp-json\/wp\/v2\/media\/17115"}],"wp:attachment":[{"href":"https:\/\/www.lumen-care.com\/it\/wp-json\/wp\/v2\/media?parent=17114"}],"wp:term":[{"taxonomy":"category","embeddable":true,"href":"https:\/\/www.lumen-care.com\/it\/wp-json\/wp\/v2\/categories?post=17114"},{"taxonomy":"post_tag","embeddable":true,"href":"https:\/\/www.lumen-care.com\/it\/wp-json\/wp\/v2\/tags?post=17114"}],"curies":[{"name":"wp","href":"https:\/\/api.w.org\/{rel}","templated":true}]}}