{"id":3794,"date":"2019-06-28T10:44:12","date_gmt":"2019-06-28T08:44:12","guid":{"rendered":"https:\/\/www.lumen-care.com\/?p=3794"},"modified":"2023-08-22T19:11:42","modified_gmt":"2023-08-22T17:11:42","slug":"la-mia-intolleranza-ai-pollini-e-scomparsa","status":"publish","type":"post","link":"https:\/\/www.lumen-care.com\/it\/la-mia-intolleranza-ai-pollini-e-scomparsa\/","title":{"rendered":"La mia intolleranza ai pollini \u00e8 scomparsa"},"content":{"rendered":"<div class=\"video video-fit mb\" style=\"padding-top:56.25%;\"><p><iframe title=\"Trattamento dell&#039;intolleranza ai pollini in 1 mese: la storia di Marc\" width=\"1020\" height=\"574\" src=\"https:\/\/www.youtube.com\/embed\/9xwKpANymbg?feature=oembed\" frameborder=\"0\" allow=\"accelerometer; autoplay; clipboard-write; encrypted-media; gyroscope; picture-in-picture; web-share\" referrerpolicy=\"strict-origin-when-cross-origin\" allowfullscreen><\/iframe><\/p>\n<\/div>\n<h2>Per saperne di pi\u00f9<\/h2>\n<p>Sapevate che<strong>una persona su quattro in Francia soffre di intolleranza<\/strong><strong> respiratorio<\/strong> con vari gradi di disagio?<br \/>\nNelle aree pi\u00f9 densamente popolate, possono essere aggravate dall'inquinamento atmosferico.<br \/>\nMilioni di francesi sono affetti da intolleranza ai pollini pi\u00f9 o meno invalidante (rinite, congiuntivite, asma, ecc.).<br \/>\nL'Agenzia Sanitaria Regionale, in collaborazione con diversi partner, sta conducendo campagne di monitoraggio e informazione per limitare i rischi di esposizione.<\/p>\n<h3>Che cos'\u00e8 l'intolleranza ai pollini?<\/h3>\n<p>I pollini sono responsabili di reazioni intolleranti chiamate pollinosi nelle aree di contatto: mucose, vie respiratorie e occhi. Pi\u00f9 raramente, possono causare reazioni cutanee come eczema o orticaria.<br \/>\nGli intolleranti manifestano generalmente i seguenti sintomi: attacchi di starnuti, naso che cola (rinite), naso chiuso, difficolt\u00e0 a respirare attraverso il naso, occhi rossi, irritati e lacrimosi (congiuntivite), prurito al palato, al naso e alle orecchie, raucedine, tosse irritativa. Il muco accumulato nei seni paranasali pu\u00f2 provocare una sensazione di pressione nei seni, oltre a dolori alla mascella e mal di testa.<\/p>\n<p>&nbsp;<\/p>\n<h3>Esiste un trattamento naturale ed efficace per l'intolleranza ai pollini?<\/h3>\n<p>Sicuramente conoscete i sintomi sopra citati. Ecco perch\u00e9 \u00e8 bene continuare a leggere.<br \/>\nFortunatamente, <strong>esiste una soluzione naturale e non invasiva alle intolleranze <\/strong><strong>ai pollini<\/strong>Intolleranza all'erba, nota anche come febbre da fieno.<br \/>\nSi tratta di un trattamento che utilizza <em>Contatto omeopatico<\/em> che consente di deprogrammare in modo rapido e permanente tutte le forme di intolleranza.<\/p>\n<p>Marc \u00e8 stato cos\u00ec gentile da raccontare come ha superato la sua intolleranza al polline grazie al metodo Lumen Care.<br \/>\nLa storia di Marc vi parla? Forse soffrite degli stessi sintomi e siete stanchi di soluzioni temporanee?<\/p>\n<h2>Trascrizione della testimonianza<\/h2>\n<p><strong>Marc :<\/strong><br \/>\nDirei che oggi, rispetto a ci\u00f2 che ho sperimentato, sono a circa 5-10% dei sintomi che avevo fino all'anno scorso.<br \/>\nSi tratta quindi di un'enorme riduzione dei sintomi che avevo con questa intolleranza.<\/p>\n<p><strong><u>Diagnosi e soluzione a breve termine<\/u><\/strong><\/p>\n<p>La mia intolleranza ha <strong>iniziato circa quindici anni fa<\/strong>Ha circa 15-20 anni. \u00c8 stata una grande sorpresa perch\u00e9 ovviamente all'inizio era molto leggero.<br \/>\nIn primavera ho notato che mi colava il naso, quindi mi sembrava di avere il raffreddore. Ho anche preso un'aspirina per far passare il raffreddore.<br \/>\nDopo due o tre anni mi sono detto: \"\u00c8 strano che in primavera mi venga sempre il raffreddore\". E un amico mi ha detto: \"Ma forse non \u00e8 un raffreddore, forse \u00e8 un'intolleranza\".<\/p>\n<p>Non ci credevo veramente, non sapevo cosa fosse. Non conoscevo molte persone intolleranti. Non ero molto informato sull'argomento. Mi diede un antistaminico e mi disse: \"Prova questo, se funziona, probabilmente \u00e8 un'intolleranza e cos\u00ec lo saprai\".<\/p>\n<p>Quello che non sapevo \u00e8 che <strong>era una dose di cavallo<\/strong> quello che mi ha dato. Era molto intollerante e quindi aveva bisogno di prodotti molto forti. Per me ha asciugato tutto ed \u00e8 stato molto efficace.<br \/>\nSolo una piccola pillola ha fermato la mia energia per tutto l'anno.<\/p>\n<p>Mi sono detta che dovevo comunque affrontare questo argomento, perch\u00e9 in realt\u00e0 l'intolleranza, che all'inizio \u00e8 estremamente lieve, stava diventando sempre pi\u00f9 forte.<br \/>\nE poi, curiosamente, ci sono state stagioni in cui \u00e8 stato molto mite e altre in cui \u00e8 stato molto pi\u00f9 forte, probabilmente legato ai pollini del momento.<\/p>\n<p>Nel complesso, ho avuto un periodo di <strong>tre mesi, il che \u00e8 stato molto difficile<\/strong>in cui mi sentivo particolarmente esausto.<br \/>\nMi colava sempre il naso, mi soffiavo continuamente il naso, mi bruciavano gli occhi... insomma, tutti i sintomi che si possono avere.<\/p>\n<p><strong><u>Una soluzione alternativa<\/u><\/strong><\/p>\n<p>E poi ho incontrato Olivier. Ci incontravamo regolarmente, ma questa volta ero abbastanza curioso da chiedergli: di cosa ti occupi?<\/p>\n<p>Cos\u00ec Olivier mi ha spiegato cosa stava facendo e io non mi sono posto molte domande: mi sono detto comunque che questo \u00e8 un argomento che va affrontato e io non so come affrontarlo.<\/p>\n<p>Io sono <strong>abbastanza attento ai farmaci<\/strong>. Non mi piace l'idea di assumere antistaminici, quindi ho sempre cercato di mantenere il dosaggio al minimo.<br \/>\nA volte le compresse erano molto piccole, ma le tagliavo a met\u00e0 quando mi rendevo conto che erano sufficienti per un periodo.<\/p>\n<p>In un periodo in cui potevo cavarmela per tre giorni, era perfetto.<br \/>\nE naturalmente <strong>pi\u00f9 si andava avanti, pi\u00f9 diventava importante<\/strong>quindi mi ha infastidito continuare a prendere questi antistaminici<br \/>\n[nota: gli antistaminici hanno un effetto assuefacente, il che spiega perch\u00e9 \u00e8 necessario aumentare le dosi per ottenere lo stesso risultato].\n<p>Cos\u00ec Olivier mi disse: \"Ho qualcosa\".<\/p>\n<p>E cos\u00ec ho ricevuto la mia scatolina. E quando apri la scatolina e guardi cosa c'\u00e8 dentro, pensi: sta prendendo per il culo. (Ride)<\/p>\n<p>Non ne sapevo nulla, non capivo come funzionasse, ma soprattutto mi dicevo che nel peggiore dei casi non avrebbe potuto farmi del male.<\/p>\n<p>Abbiamo un <a href=\"https:\/\/www.lumen-care.com\/it\/complesso-pollinico\/\">piccola capsula con una specie di corda<\/a>Per cinque giorni e poi niente, per cinque giorni e poi di nuovo per tre giorni e poi niente.<\/p>\n<p>Ecco un trattamento che pu\u00f2 essere fatto in un mese: mi sono detto <strong>Non voglio rischiare nulla con questa cosa.<\/strong>.<\/p>\n<p>Se si fosse trattato di pillole gli avrei fatto altre domande, ma ora sto pensando \"ci prover\u00f2\".<\/p>\n<p><strong><u>Risultati convincenti<\/u><\/strong><\/p>\n<p>E cos\u00ec ho provato questo, devo aver fatto il trattamento a marzo, pi\u00f9 o meno tra marzo e aprile... almeno prima dell'arrivo del polline.<\/p>\n<p>Per la precisione, attualmente \u00e8 il 12 giugno. Di solito i miei sintomi iniziano a maggio e durano fino a luglio.<br \/>\nE poi il 12 giugno <strong>Non ho preso un antistaminico<\/strong> !!<\/p>\n<p>Quindi l'unica volta che ho dovuto prendere qualcosa \u00e8 stato dopo un weekend in giardino,<\/p>\n<p>Non ho ancora identificato a quali piante sono sensibile. Quindi forse ero sotto una pianta che non \u00e8 lo spettro della capsula.<br \/>\nDomenica sera ho avvertito tutti i sintomi che normalmente si presentano in caso di attacco.<br \/>\nMa in realt\u00e0 sono riuscito a curarmi con questo [nota: mostra un tubetto di omeopatia].<br \/>\nQuindi l'omeopatia, ma la prendevo solo il luned\u00ec e poi la domenica.<strong> poi \u00e8 finita<\/strong> !<\/p>\n<p>Quindi, chiaramente, se non si tratta di una totale cessazione dei sintomi, \u00e8 <strong>una riduzione colossale, estremamente positiva<\/strong>.<br \/>\nRiuscire a superare un'intera primavera con solo quello per un giorno \u00e8 qualcosa che prima non riuscivo a fare.<\/p>\n<p>Mi sono resa conto che avrei dovuto rifare il trattamento, quindi lo rifar\u00f2. \u00c8 molto leggero e per nulla invasivo per il corpo, quindi penso che sia abbastanza buono.<br \/>\nE vedremo se questo pu\u00f2 eliminare in modo permanente i sintomi rimanenti, anche se sono piuttosto lievi.<\/p>\n<p>In base ai risultati che vedo oggi, <strong>Sono abbastanza fortunato<\/strong>.<br \/>\nI <strong>Sono felice di aver ridotto i sintomi in modo cos\u00ec significativo.<\/strong>che avevo. Se riuscir\u00f2 a liberarmene completamente, sar\u00f2 l'uomo pi\u00f9 felice del mondo!<\/p>\n<p>Per scoprire il <a href=\"https:\/\/www.lumen-care.com\/it\/complesso-pollinico\/\">Complesso pollinico<\/a> utilizzato da Marc, <a href=\"https:\/\/www.lumen-care.com\/it\/complesso-pollinico\/\">clicca qui<\/a>.<\/p>\n<p>&nbsp;<\/p>\n<p>Se questo articolo vi \u00e8 stato utile, potete saperne di pi\u00f9 sulle terapie basate sulla memoria dell'acqua <a href=\"https:\/\/www.lumen-care.com\/it\/principe-reinformation-vibratoire-2\/\">cliccando qui<\/a>.<\/p>","protected":false},"excerpt":{"rendered":"<p>Ulteriori informazioni Sapevate che in Francia una persona su quattro soffre di intolleranze respiratorie, con vari gradi di disagio? Nelle aree pi\u00f9 densamente popolate, possono essere aggravate dall'inquinamento atmosferico. Milioni di francesi sono affetti da intolleranze ai pollini pi\u00f9 o meno invalidanti (rinite, congiuntivite, asma, [...]).","protected":false},"author":1,"featured_media":3989,"comment_status":"closed","ping_status":"closed","sticky":false,"template":"","format":"standard","meta":{"inline_featured_image":false,"__cvm_playback_settings":[],"__cvm_video_id":"","footnotes":""},"categories":[18,89],"tags":[],"class_list":["post-3794","post","type-post","status-publish","format-standard","has-post-thumbnail","hentry","category-pollens","category-temoignages"],"vimeo_video":null,"_links":{"self":[{"href":"https:\/\/www.lumen-care.com\/it\/wp-json\/wp\/v2\/posts\/3794","targetHints":{"allow":["GET"]}}],"collection":[{"href":"https:\/\/www.lumen-care.com\/it\/wp-json\/wp\/v2\/posts"}],"about":[{"href":"https:\/\/www.lumen-care.com\/it\/wp-json\/wp\/v2\/types\/post"}],"author":[{"embeddable":true,"href":"https:\/\/www.lumen-care.com\/it\/wp-json\/wp\/v2\/users\/1"}],"replies":[{"embeddable":true,"href":"https:\/\/www.lumen-care.com\/it\/wp-json\/wp\/v2\/comments?post=3794"}],"version-history":[{"count":0,"href":"https:\/\/www.lumen-care.com\/it\/wp-json\/wp\/v2\/posts\/3794\/revisions"}],"wp:featuredmedia":[{"embeddable":true,"href":"https:\/\/www.lumen-care.com\/it\/wp-json\/wp\/v2\/media\/3989"}],"wp:attachment":[{"href":"https:\/\/www.lumen-care.com\/it\/wp-json\/wp\/v2\/media?parent=3794"}],"wp:term":[{"taxonomy":"category","embeddable":true,"href":"https:\/\/www.lumen-care.com\/it\/wp-json\/wp\/v2\/categories?post=3794"},{"taxonomy":"post_tag","embeddable":true,"href":"https:\/\/www.lumen-care.com\/it\/wp-json\/wp\/v2\/tags?post=3794"}],"curies":[{"name":"wp","href":"https:\/\/api.w.org\/{rel}","templated":true}]}}