{"id":3996,"date":"2019-08-13T14:01:16","date_gmt":"2019-08-13T12:01:16","guid":{"rendered":"https:\/\/www.lumen-care.com\/?p=3996"},"modified":"2023-08-22T18:38:27","modified_gmt":"2023-08-22T16:38:27","slug":"testimonial-allergia-al-polline-ana-sandreas","status":"publish","type":"post","link":"https:\/\/www.lumen-care.com\/it\/testimonial-allergia-al-polline-ana-sandreas\/","title":{"rendered":"Intolleranza ai pollini - Ana Sandreas"},"content":{"rendered":"<div class=\"video video-fit mb\" style=\"padding-top:56.25%;\"><p><iframe title=\"Testimonianza su deprogrammazione, intolleranze e sensibilit\u00e0 ai pollini di Ana Sandreas\" width=\"1020\" height=\"574\" src=\"https:\/\/www.youtube.com\/embed\/NXc-aYzouXQ?feature=oembed\" frameborder=\"0\" allow=\"accelerometer; autoplay; clipboard-write; encrypted-media; gyroscope; picture-in-picture; web-share\" referrerpolicy=\"strict-origin-when-cross-origin\" allowfullscreen><\/iframe><\/p>\n<\/div>\n<h2>Trascrizione dell'intervista<\/h2>\n<p><strong>Ana <\/strong>Buonasera, siamo tornati con le dirette del Summit of Consciousness e per questa prima diretta ho invitato Olivier Coen.<\/p>\n<p>Olivier \u00e8 un ricercatore in terapia energetica.<\/p>\n<p><strong>Olivier <\/strong>:<\/p>\n<p>Buongiorno e grazie per avermi invitato.<\/p>\n<p><strong>Ana <\/strong>:<\/p>\n<p>Ho voluto invitare Olivier perch\u00e9 gli sono molto grato. Vi racconter\u00f2 rapidamente la mia storia e poi potremo fare qualche domanda a Olivier.<\/p>\n<p>In effetti per anni, da quando sono arrivato in Francia 20 anni fa<\/p>\n<p>Avevo una grave intolleranza al polline, al punto da ostacolare la mia vita.<\/p>\n<p>Nonostante abbia lavorato su me stessa per trovare la fonte di questa intolleranza, abbia fatto molte cose, nulla ha avuto effetto su questa intolleranza.<\/p>\n<p>Ho avuto l'impressione (ed era vero) che ogni anno la situazione peggiorasse.<\/p>\n<p>Fino all'anno scorso mi sono detto: il mio Dio mi mandi una soluzione, non ce la faccio pi\u00f9.<\/p>\n<p>E quando chiedi, quando cerchi, trovi, e io ho avuto la risposta: era Olivier.<\/p>\n<p>\u00c8 stato impressionante: non appena sono arrivata nel suo studio, la mia intolleranza \u00e8 cessata. C'\u00e8 stato un prima e un dopo, ancora prima che lui facesse qualcosa.<\/p>\n<p>Per questo ho voluto invitarlo, perch\u00e9 so che ci sono molte persone, soprattutto ora che \u00e8 la stagione dei pollini, che soffrono di questa sensibilit\u00e0 e di altre intolleranze.<\/p>\n<p>Perch\u00e9 si parla anche di intolleranze.<\/p>\n<p><strong>Olivier <\/strong>:<\/p>\n<p>S\u00ec, naturalmente<\/p>\n<p><strong>Ana <\/strong>:<\/p>\n<p>Volevo condividere con voi queste informazioni perch\u00e9 hanno cambiato la mia vita.<\/p>\n<p>Non avrei potuto farlo dal vivo in questo periodo dell'anno scorso, perch\u00e9 sono stato un po' \"handicappato\" per due mesi o pi\u00f9.<\/p>\n<p>Beh, per me \u00e8 stato impressionante perch\u00e9 dal momento in cui sono entrata nel suo ambulatorio, quando aveva tutti questi reagenti, tutte queste informazioni, la mia intolleranza \u00e8 stata interrotta immediatamente.<\/p>\n<p>Il giorno dopo \u00e8 ricominciato tutto da capo. Ma tu mi hai detto di aspettare, che dovevamo <a href=\"https:\/\/www.lumen-care.com\/it\/complesso-pollinico\/\">la fiala<\/a> e ci vuole un po' pi\u00f9 di tempo. L'ho messo subito e il risultato \u00e8 stato impressionante.<\/p>\n<p>Non voglio fare una trovata pubblicitaria o altro.<\/p>\n<p>\u00c8 solo che ho pensato che fosse cos\u00ec grande, che avessi sofferto cos\u00ec tanto nel corso degli anni... che ho pensato: devo condividerlo.<\/p>\n<p>Non posso tenere questi piccoli segreti per me!<\/p>\n<p>Per saperne di pi\u00f9: <a href=\"https:\/\/www.lumen-care.com\/it\/complesso-pollinico\/\">scoprire il complesso Polline<\/a><\/p>","protected":false},"excerpt":{"rendered":"<p>Trascrizione dell'intervista Ana: Buonasera, siamo tornati con i live show del Summit of Consciousness e per questo primo live show ho invitato Olivier Coen.  Olivier \u00e8 un ricercatore in terapia energetica; esatto Olivier: Esatto, ciao e grazie per avermi invitato. Ana: Volevo invitare [...]","protected":false},"author":45,"featured_media":0,"comment_status":"closed","ping_status":"closed","sticky":false,"template":"","format":"standard","meta":{"inline_featured_image":false,"__cvm_playback_settings":[],"__cvm_video_id":"","footnotes":""},"categories":[1],"tags":[],"class_list":["post-3996","post","type-post","status-publish","format-standard","hentry","category-non-classe"],"vimeo_video":null,"_links":{"self":[{"href":"https:\/\/www.lumen-care.com\/it\/wp-json\/wp\/v2\/posts\/3996","targetHints":{"allow":["GET"]}}],"collection":[{"href":"https:\/\/www.lumen-care.com\/it\/wp-json\/wp\/v2\/posts"}],"about":[{"href":"https:\/\/www.lumen-care.com\/it\/wp-json\/wp\/v2\/types\/post"}],"author":[{"embeddable":true,"href":"https:\/\/www.lumen-care.com\/it\/wp-json\/wp\/v2\/users\/45"}],"replies":[{"embeddable":true,"href":"https:\/\/www.lumen-care.com\/it\/wp-json\/wp\/v2\/comments?post=3996"}],"version-history":[{"count":0,"href":"https:\/\/www.lumen-care.com\/it\/wp-json\/wp\/v2\/posts\/3996\/revisions"}],"wp:attachment":[{"href":"https:\/\/www.lumen-care.com\/it\/wp-json\/wp\/v2\/media?parent=3996"}],"wp:term":[{"taxonomy":"category","embeddable":true,"href":"https:\/\/www.lumen-care.com\/it\/wp-json\/wp\/v2\/categories?post=3996"},{"taxonomy":"post_tag","embeddable":true,"href":"https:\/\/www.lumen-care.com\/it\/wp-json\/wp\/v2\/tags?post=3996"}],"curies":[{"name":"wp","href":"https:\/\/api.w.org\/{rel}","templated":true}]}}