{"id":4001,"date":"2019-08-13T15:40:45","date_gmt":"2019-08-13T13:40:45","guid":{"rendered":"https:\/\/www.lumen-care.com\/?p=4001"},"modified":"2023-09-19T13:31:49","modified_gmt":"2023-09-19T11:31:49","slug":"ana-sandreas-regola-la-sua-allergia-ai-pollini","status":"publish","type":"post","link":"https:\/\/www.lumen-care.com\/it\/ana-sandreas-regola-la-sua-allergia-ai-pollini\/","title":{"rendered":"Ana Sandr\u00e9as ha affrontato la sua intolleranza al polline"},"content":{"rendered":"<div class=\"video video-fit mb\" style=\"padding-top:56.25%;\"><p><iframe title=\"Testimonianza su deprogrammazione, intolleranze e sensibilit\u00e0 ai pollini di Ana Sandreas\" width=\"1020\" height=\"574\" src=\"https:\/\/www.youtube.com\/embed\/NXc-aYzouXQ?feature=oembed\" frameborder=\"0\" allow=\"accelerometer; autoplay; clipboard-write; encrypted-media; gyroscope; picture-in-picture; web-share\" referrerpolicy=\"strict-origin-when-cross-origin\" allowfullscreen><\/iframe><\/p>\n<\/div>\n<p>Ecco la testimonianza di Ana Sandr\u00e9as, terapeuta specializzata nel trattamento delle ferite emotive, scrittrice e creatrice del Summit of Consciousness.<\/p>\n<p><a href=\"https:\/\/www.lumen-care.com\/it\/sensibilita-intolleranze\/allergia-polline-complesso\/\"><strong>\u21d2 Acquistare un complesso di polline<\/strong><\/a><\/p>\n<p><strong><a href=\"https:\/\/www.lumen-care.com\/it\/catalogo-della-formazione\/\">\u21d2 Imparare a deprogrammare sensibilit\u00e0 e intolleranze<\/a><\/strong><\/p>\n<p><strong>Trascrizione del video \u21d3<\/strong><\/p>\n<p><strong>Ana<\/strong><\/p>\n<p>Buonasera, siamo tornati con le dirette del Summit of Consciousness e per questa prima diretta ho invitato Olivier Coen.<\/p>\n<p><strong>Olivier<\/strong><\/p>\n<p>Olivier \u00e8 un ricercatore in terapia energetica, proprio cos\u00ec Olivier.<br \/>\nBuongiorno e grazie per avermi invitato.<\/p>\n<p><strong>Ana<\/strong><\/p>\n<p>Ho voluto invitare Olivier perch\u00e9 gli sono molto grato. Vi racconter\u00f2 rapidamente la mia storia e poi potremo fare qualche domanda a Olivier.<\/p>\n<p>In effetti per anni, da quando sono arrivato in Francia 20 anni fa<br \/>\nAvevo una grave intolleranza al polline, al punto da ostacolare la mia vita.<\/p>\n<p>Nonostante abbia lavorato su me stessa per trovare la fonte di questa intolleranza, abbia fatto molte cose, nulla ha avuto effetto su questa intolleranza.<br \/>\nHo avuto l'impressione (ed era vero) che ogni anno la situazione peggiorasse.<\/p>\n<p>Fino all'anno scorso mi dicevo: Dio mio, mandami una soluzione, non ce la faccio pi\u00f9.<\/p>\n<p>E quando chiedi, quando cerchi, trovi, e io ho avuto la risposta: era Olivier.<\/p>\n<p>\u00c8 stato impressionante: non appena sono arrivata nel suo studio, la mia intolleranza \u00e8 cessata. C'\u00e8 stato un prima e un dopo, ancora prima che lui facesse qualcosa.<\/p>\n<p>Per questo ho voluto invitarlo, perch\u00e9 so che ci sono molte persone che soffrono di questa intolleranza, soprattutto ora che \u00e8 la stagione dei pollini.<\/p>\n<p><strong>Olivier<\/strong><\/p>\n<p>S\u00ec, naturalmente<\/p>\n<p><strong>Ana<\/strong><\/p>\n<p>Volevo condividere con voi queste informazioni perch\u00e9 hanno cambiato la mia vita.<\/p>\n<p>Non avrei potuto fare questo live in questo periodo dell'anno scorso, perch\u00e9 sono stato un po' \"handicappato\" per due mesi e pi\u00f9.<\/p>\n<p>Beh, per me \u00e8 stato impressionante perch\u00e9 dal momento in cui sono entrata nel suo ambulatorio, quando aveva tutti questi reagenti, tutte queste informazioni, la mia intolleranza \u00e8 stata interrotta immediatamente.<\/p>\n<p>Il giorno dopo \u00e8 ricominciato tutto da capo. Ma lei mi disse di aspettare, che aveva bisogno della fiala e che ci sarebbe voluto un po' pi\u00f9 di tempo. L'ho messa subito e i risultati sono stati impressionanti.<\/p>\n<p>Non voglio fare una trovata pubblicitaria o altro.<br \/>\n\u00c8 solo che ho pensato che fosse cos\u00ec grande, che avessi sofferto cos\u00ec tanto nel corso degli anni... che ho pensato: devo condividerlo.<br \/>\nNon posso tenere questi piccoli segreti per me!<\/p>\n<p>Piccoli segreti solo per me!<\/p>\n<p><a href=\"https:\/\/www.lumen-care.com\/it\/sensibilita-intolleranze\/allergia-polline-complesso\/\"><strong>\u21d2 Acquistare un complesso di polline<\/strong><\/a><\/p>\n<p><strong><a href=\"https:\/\/www.lumen-care.com\/it\/catalogo-della-formazione\/\">\u21d2 Imparare a deprogrammare sensibilit\u00e0 e intolleranze<\/a><\/strong><\/p>\n<p>&nbsp;<\/p>","protected":false},"excerpt":{"rendered":"<p>Ecco la testimonianza di Ana Sandr\u00e9as, terapeuta specializzata nel trattamento delle ferite emotive, scrittrice e creatrice del Summit of Consciousness. \u21d2 Acquista un Complesso di Pollini \u21d2 Impara a deprogrammare sensibilit\u00e0 e intolleranze Trascrizione video \u21d3 Ana Buonasera, siamo tornati con le vite, al Summit della Coscienza, e [...]","protected":false},"author":45,"featured_media":4005,"comment_status":"closed","ping_status":"closed","sticky":false,"template":"","format":"standard","meta":{"inline_featured_image":false,"__cvm_playback_settings":[],"__cvm_video_id":"","footnotes":""},"categories":[18,89],"tags":[],"class_list":["post-4001","post","type-post","status-publish","format-standard","has-post-thumbnail","hentry","category-pollens","category-temoignages"],"vimeo_video":null,"_links":{"self":[{"href":"https:\/\/www.lumen-care.com\/it\/wp-json\/wp\/v2\/posts\/4001","targetHints":{"allow":["GET"]}}],"collection":[{"href":"https:\/\/www.lumen-care.com\/it\/wp-json\/wp\/v2\/posts"}],"about":[{"href":"https:\/\/www.lumen-care.com\/it\/wp-json\/wp\/v2\/types\/post"}],"author":[{"embeddable":true,"href":"https:\/\/www.lumen-care.com\/it\/wp-json\/wp\/v2\/users\/45"}],"replies":[{"embeddable":true,"href":"https:\/\/www.lumen-care.com\/it\/wp-json\/wp\/v2\/comments?post=4001"}],"version-history":[{"count":0,"href":"https:\/\/www.lumen-care.com\/it\/wp-json\/wp\/v2\/posts\/4001\/revisions"}],"wp:featuredmedia":[{"embeddable":true,"href":"https:\/\/www.lumen-care.com\/it\/wp-json\/wp\/v2\/media\/4005"}],"wp:attachment":[{"href":"https:\/\/www.lumen-care.com\/it\/wp-json\/wp\/v2\/media?parent=4001"}],"wp:term":[{"taxonomy":"category","embeddable":true,"href":"https:\/\/www.lumen-care.com\/it\/wp-json\/wp\/v2\/categories?post=4001"},{"taxonomy":"post_tag","embeddable":true,"href":"https:\/\/www.lumen-care.com\/it\/wp-json\/wp\/v2\/tags?post=4001"}],"curies":[{"name":"wp","href":"https:\/\/api.w.org\/{rel}","templated":true}]}}