{"id":4008,"date":"2019-08-13T16:02:08","date_gmt":"2019-08-13T14:02:08","guid":{"rendered":"https:\/\/www.lumen-care.com\/?p=4008"},"modified":"2023-08-22T18:34:58","modified_gmt":"2023-08-22T16:34:58","slug":"come-curare-rapidamente-unintolleranza-al-polline","status":"publish","type":"post","link":"https:\/\/www.lumen-care.com\/it\/come-curare-rapidamente-unintolleranza-al-polline\/","title":{"rendered":"Come trattare rapidamente l'intolleranza ai pollini"},"content":{"rendered":"<h2>Focus sulle intolleranze, in particolare a quelle ai pollini<\/h2>\n<p>Sapevate che la diagnosi di intolleranza pu\u00f2 richiedere molto tempo?<br \/>\nIn Francia, in media <strong>7 anni di vagabondaggio medico<\/strong> prima della diagnosi e del corretto trattamento.<\/p>\n<p>Nel frattempo, <strong>la malattia si aggrava<\/strong> e possono persino verificarsi complicazioni potenzialmente letali. Trattare l'intolleranza significa quindi trattare un importante fattore di rischio.<br \/>\nSecondo l'ultimo bollettino della Rete Nazionale di Monitoraggio Aerobiologico (RNSA) francese, aggiornato al 14 giugno 2019, i rischi di intolleranza legati ai pollini di graminacee sono da alti a molto alti in tutta la Francia. Il centro e il sud della Francia e il Pays de la Loire sono particolarmente a rischio.<\/p>\n<p>Il sito web della RNSA (<a href=\"https:\/\/sante.journaldesfemmes.fr\/maladies\/2485568-allergie-pollen-bouleau-gramin\u00e9es-2019\/\" target=\"_blank\" rel=\"noopener\">fonte<\/a>) :<\/p>\n<p>\"Le attuali condizioni meteorologiche sono altamente favorevoli alla dispersione di alte concentrazioni di pollini di graminacee nell'aria. Solo i rovesci di pioggia, quando passeranno, potranno dare un sollievo temporaneo alle persone sensibili\".<\/p>\n<p>L'intolleranza ai pollini si manifesta con una serie di sintomi caratteristici: prurito agli occhi, congiuntive arrossate, lacrimazione, palpebre gonfie e bloccate, naso pruriginoso, occasionalmente chiuso e con ripetute scariche chiare.<\/p>\n<p>Questi sintomi indicano qualcosa Se la risposta a questa domanda \u00e8 s\u00ec, \u00e8 bene continuare a leggere.<\/p>\n<p>Sono Olivier Coen, terapeuta e fondatore del Laboratorio Lumen Care.<\/p>\n<p>Ma non siamo qui per parlare di me. Ma se desiderate saperne di pi\u00f9 su di me, potete <a href=\"https:\/\/www.lumen-care.com\/it\/olivier-coen\/\">Guarda qui<\/a>.<br \/>\nOk, torniamo alle basi.<br \/>\nUn mese fa, ho avuto il privilegio di avere un <strong>intervista con Ana Sandrea<\/strong>,<\/p>\n<h2>Ana Sandr\u00e9as e la sua esperienza con il polline<\/h2>\n<p>Chi \u00e8 Ana Sandr\u00e9as?<\/p>\n<p>Ana \u00e8 una terapeuta specializzata nel trattamento delle ferite emotive, una scrittrice e la creatrice del Summit of Consciousness.<br \/>\nPer saperne di pi\u00f9, visitate il suo sito web: <a href=\"https:\/\/www.maitredetavie.com\/\" target=\"_blank\" rel=\"noopener\">www.maitredetavie.com<\/a><\/p>\n<p>In questa intervista, Ana ha scelto di condividere la sua storia con me e con un pubblico molto coinvolto, con oltre 3.000 visualizzazioni, in diretta dalla sua pagina Facebook.<\/p>\n<p><img fetchpriority=\"high\" decoding=\"async\" class=\"alignnone size-medium wp-image-4014\" src=\"https:\/\/www.lumen-care.com\/wp-content\/uploads\/Live-allergies-et-intol\u00e9rances-800x337.jpg\" alt=\"Allergie e intolleranze vive\" width=\"800\" height=\"337\" srcset=\"https:\/\/www.lumen-care.com\/wp-content\/uploads\/Live-allergies-et-intol\u00e9rances-800x337.jpg 800w, https:\/\/www.lumen-care.com\/wp-content\/uploads\/Live-allergies-et-intol\u00e9rances-247x104.jpg 247w, https:\/\/www.lumen-care.com\/wp-content\/uploads\/Live-allergies-et-intol\u00e9rances-510x215.jpg 510w, https:\/\/www.lumen-care.com\/wp-content\/uploads\/Live-allergies-et-intol\u00e9rances-768x324.jpg 768w, https:\/\/www.lumen-care.com\/wp-content\/uploads\/Live-allergies-et-intol\u00e9rances-18x8.jpg 18w, https:\/\/www.lumen-care.com\/wp-content\/uploads\/Live-allergies-et-intol\u00e9rances.jpg 1202w\" sizes=\"(max-width: 800px) 100vw, 800px\" \/><\/p>\n<p>Ecco la quintessenza della sua testimonianza:<\/p>\n<blockquote><p>\"Oltre 20 anni di intolleranza ai pollini. Questa situazione ha ostacolato la mia vita.<br \/>\nNonostante i numerosi tentativi di trovare soluzioni, la situazione non ha fatto che peggiorare.<br \/>\nL'anno scorso ho avuto l'opportunit\u00e0 di incontrare Olivier e il cambiamento \u00e8 stato impressionante.<br \/>\nIl motivo per cui ho invitato Olivier \u00e8 che molte persone soffrono di sensibilit\u00e0 e intolleranze, soprattutto durante la stagione dei pollini.<br \/>\nVolevo condividere questa informazione con voi anche perch\u00e9 mi ha cambiato la vita\".<\/p><\/blockquote>\n<p>Per vedere il video completo di questa testimonianza, andate a questa pagina: <a href=\"https:\/\/www.lumen-care.com\/it\/ana-sandreas-a-regle-son-allergie-aux-pollens\/\">La storia di Ana<\/a><\/p>\n<p>La storia di Ana vi parla, forse soffrite degli stessi sintomi e siete stanchi di andare dai medici...<\/p>\n<h2>Sbarazzarsi dell'intolleranza in 1 mese, in modo naturale<\/h2>\n<p>Grandi notizie! Da<strong> sono gi\u00e0 disponibili soluzioni naturali e personalizzate<\/strong>.<br \/>\nPer curare un'intolleranza non basta prendere una pillola per nascondere temporaneamente i sintomi.<br \/>\nSignifica affrontare il problema alla fonte, per risolverlo una volta per tutte.<br \/>\nSe siete intolleranti al polline o agli acari della polvere, sappiate che \u00e8 possibile <strong>beneficiate di un trattamento su misura<\/strong>.<\/p>\n<p>La reinformazione vibratoria \u00e8 un metodo per il trattamento delle intolleranze, basato sulla memoria dell'acqua.<br \/>\nConsente alle cellule del corpo di <strong>ritrovare il proprio equilibrio vibratorio e guarire se stessi<\/strong> grazie a una risposta immunitaria ottimale.<\/p>\n<p>Avete trovato utile questo articolo? Volete saperne di pi\u00f9 sui benefici delle terapie energetiche?<\/p>\n<p>Per saperne di pi\u00f9 su questo protocollo, fare clic qui: <a href=\"https:\/\/www.lumen-care.com\/it\/principe-reinformation-vibratoire-2\/\">presentazione della reinformazione vibratoria<\/a><\/p>","protected":false},"excerpt":{"rendered":"<p>Focus sulle intolleranze, in particolare ai pollini Sapevate che la diagnosi di un'intolleranza pu\u00f2 richiedere molto tempo? In Francia, ci vogliono in media 7 anni prima che una persona venga diagnosticata e trattata adeguatamente. Durante questo periodo, la malattia si aggrava e possono verificarsi complicazioni, alcune delle quali possono essere fatali. Il trattamento della malattia di Alzheimer [...]","protected":false},"author":45,"featured_media":4011,"comment_status":"closed","ping_status":"closed","sticky":false,"template":"","format":"standard","meta":{"inline_featured_image":false,"__cvm_playback_settings":[],"__cvm_video_id":"","footnotes":""},"categories":[116],"tags":[],"class_list":["post-4008","post","type-post","status-publish","format-standard","has-post-thumbnail","hentry","category-article"],"vimeo_video":null,"_links":{"self":[{"href":"https:\/\/www.lumen-care.com\/it\/wp-json\/wp\/v2\/posts\/4008","targetHints":{"allow":["GET"]}}],"collection":[{"href":"https:\/\/www.lumen-care.com\/it\/wp-json\/wp\/v2\/posts"}],"about":[{"href":"https:\/\/www.lumen-care.com\/it\/wp-json\/wp\/v2\/types\/post"}],"author":[{"embeddable":true,"href":"https:\/\/www.lumen-care.com\/it\/wp-json\/wp\/v2\/users\/45"}],"replies":[{"embeddable":true,"href":"https:\/\/www.lumen-care.com\/it\/wp-json\/wp\/v2\/comments?post=4008"}],"version-history":[{"count":0,"href":"https:\/\/www.lumen-care.com\/it\/wp-json\/wp\/v2\/posts\/4008\/revisions"}],"wp:featuredmedia":[{"embeddable":true,"href":"https:\/\/www.lumen-care.com\/it\/wp-json\/wp\/v2\/media\/4011"}],"wp:attachment":[{"href":"https:\/\/www.lumen-care.com\/it\/wp-json\/wp\/v2\/media?parent=4008"}],"wp:term":[{"taxonomy":"category","embeddable":true,"href":"https:\/\/www.lumen-care.com\/it\/wp-json\/wp\/v2\/categories?post=4008"},{"taxonomy":"post_tag","embeddable":true,"href":"https:\/\/www.lumen-care.com\/it\/wp-json\/wp\/v2\/tags?post=4008"}],"curies":[{"name":"wp","href":"https:\/\/api.w.org\/{rel}","templated":true}]}}