{"id":4035,"date":"2019-08-25T16:07:06","date_gmt":"2019-08-25T14:07:06","guid":{"rendered":"https:\/\/www.lumen-care.com\/?p=4035"},"modified":"2023-08-22T18:20:39","modified_gmt":"2023-08-22T16:20:39","slug":"trattare-tutte-le-sensibilita-e-le-intolleranze-in-modo-naturale-presentazione-della-reinformazione-vibratoria","status":"publish","type":"post","link":"https:\/\/www.lumen-care.com\/it\/trattare-tutte-le-sensibilita-e-le-intolleranze-in-modo-naturale-presentazione-della-reinformazione-vibratoria\/","title":{"rendered":"Curare in modo naturale tutte le sensibilit\u00e0 e le intolleranze: presentazione della reinformazione vibratoria"},"content":{"rendered":"<div><div class=\"video video-fit mb\" style=\"padding-top:56.25%;\"><p>https:\/\/youtu.be\/GWkOZO5gOEg<\/p>\n<\/div><\/div>\n<div><\/div>\n<p>&nbsp;<\/p>\n<h2><b>Trascrizione del video<\/b><\/h2>\n<div>\n<p>Eravamo alla fiera Naturally che si tiene al Parc des Expositions di Parigi.<\/p>\n<p>Presenta il metodo della Reinformazione Vibratoria, il cui scopo principale \u00e8 quello di deprogrammare tutto ci\u00f2 che ha a che fare con sensibilit\u00e0 e intolleranze. In terapia energetica, sensibilit\u00e0, intolleranze e allergie fanno parte dello stesso fenomeno, ma con un diverso grado di intensit\u00e0.<\/p>\n<p>&nbsp;<\/p>\n<h3>Le allergie e le loro conseguenze<\/h3>\n<p>Quando si ha un'allergia, che si tratti di un'allergia alimentare, al glutine, ai pollini, al latte o al lattosio o agli acari della polvere, si ha una reazione abbastanza immediata e intensa e il pi\u00f9 delle volte se ne conosce la causa. Ma quando si tratta di intolleranza o di semplice sensibilit\u00e0, \u00e8 molto difficile, se non impossibile, identificare il reagente che l'ha provocata. Tanto pi\u00f9 che tutto, e intendo assolutamente tutto, pu\u00f2 essere un potenziale allergene.<\/p>\n<p>Ci\u00f2 di cui ci rendiamo conto con questo metodo \u00e8 che, attraverso il processo allergico, \u00e8 possibile trattare fino a 65% sintomi cronici che sono in realt\u00e0 considerati effetti secondari delle reazioni di sensibilit\u00e0. La stanchezza cronica \u00e8 uno degli esempi pi\u00f9 comuni.<\/p>\n<p>&nbsp;<\/p>\n<p>&nbsp;<\/p>\n<h3>I 5 livelli di sensibilit\u00e0<\/h3>\n<p>Per identificare la causa delle sensibilit\u00e0, utilizziamo il test muscolare, mutuato dalla kinesiologia. Si tratta di mettere un reagente nella mano della persona e di applicare una leggera pressione sull'altra mano. Se il braccio regge, tutto va bene; se si muove, c'\u00e8 sensibilit\u00e0.<\/p>\n<p>Qui il corpo viene interrogato direttamente, senza passare per la mente. N\u00e9 il paziente n\u00e9 il terapeuta sanno cosa si sta testando.<\/p>\n<p>Possiamo anche determinare l'esatto grado di sensibilit\u00e0 su una scala da 1 a 5 :<\/p>\n[1] Sensibile<\/p>\n[2] Ipersensibile<\/p>\n[3] Intollerante<\/p>\n[4] Allergico<\/p>\n[5] Anafilattica<\/p>\n<p>Questo ci d\u00e0 un'idea concreta di ci\u00f2 che sta accadendo e del potenziale del trattamento, che si applica anche alle intolleranze, siano esse alimentari, al glutine, al lattosio o al latte, al glucosio, ecc.<\/p>\n<p>&nbsp;<\/p>\n<h3>La soluzione alle sensibilit\u00e0 e alle intolleranze<\/h3>\n<p>La buona notizia \u00e8 che possiamo uscire dall'impasse di questo circolo vizioso di sensibilit\u00e0 e intolleranze e ritrovare una risposta immunitaria corretta, che non sia n\u00e9 sovra n\u00e9 sottoattiva.<\/p>\n<p>L'obiettivo \u00e8 che al termine del trattamento, quando si ripete un test di validazione muscolare, tutte le sensibilit\u00e0 siano tornate a zero, con un obiettivo a lungo termine.<\/p>\n<p>&nbsp;<\/p>\n<h3>Come funziona?<\/h3>\n<p>Il trattamento si presenta sotto forma di una capsula che pu\u00f2 essere indossata come ciondolo per : 8 ore al giorno per 15 giorni, distribuiti nell'arco di un mese, secondo un calendario ben preciso.<\/p>\n<p>&nbsp;<\/p>\n<p>\u00c8 una sorta di \"cerotto omeopatico\" che, grazie alla memoria dell'acqua, codificata ad altissima diluizione, agisce per contatto sulla pelle:<\/p>\n<ul>\n<li>Non viene ingerito n\u00e9 assorbito dalla pelle,<\/li>\n<li>Non ci sono diete o evitamenti di cibo,<\/li>\n<li>Nessun effetto collaterale,<\/li>\n<li>Nessuna interazione farmacologica,<\/li>\n<li>E senza limiti di et\u00e0.<\/li>\n<\/ul>\n<p>&nbsp;<\/p>\n<p>La reintegrazione vibratoria viene eseguita in consultazione con un test personalizzato, ma abbiamo anche sviluppato complessi che possono essere utilizzati senza consultazione per problemi comuni come le sensibilit\u00e0 o le intolleranze ai latticini o al glutine, l'intolleranza ai pollini, l'intolleranza agli zuccheri e anche l'acne giovanile. Nel caso dell'acne, stiamo semplicemente trattando l'intolleranza agli ormoni sessuali, con ottimi risultati.<\/p>\n<p>&nbsp;<\/p>\n<h3>Diventare terapista della reintegrazione vibrazionale<\/h3>\n<p>L'intero protocollo di trattamento che utilizziamo nei nostri saloni \u00e8 stato riunito in un kit per terapisti, in modo che possano utilizzare questo strumento molto semplice nella loro pratica.<\/p>\n<p>Contiene una scatola per i test e una scatola per i rimedi con 43 reagenti di base.<\/p>\n<p>Per padroneggiare la tecnica \u00e8 necessario un corso di formazione di 2 giorni. Il primo giorno \u00e8 dedicato all'apprendimento del test muscolare, mentre il secondo giorno \u00e8 dedicato ai principi del trattamento energetico delle sensibilit\u00e0, delle intolleranze e della tecnica di reinformazione vibratoria.<\/p>\n<\/div>\n<p>&nbsp;<\/p>\n<div>Per saperne di pi\u00f9:<\/div>\n<div>\u2705 Trovare un terapeuta : <a href=\"http:\/\/www.apsl-sante.org\/\">www.apsl-sante.org<\/a><br \/>\n\u2705 Formazione sulla reinformazione vibratoria : <a href=\"https:\/\/www.lumen-care.com\/it\/formazione-terapeuta\/\">www.lumen-care.com\/formation-therapeute<\/a><br \/>\n\u2705 Comprendere la reinformazione vibrazionale: <a href=\"https:\/\/www.lumen-care.com\/it\/principe-reinformation-vibratoire-2\/\">www.lumen-care.com\/principe-reinformation-vibratoire<\/a><\/div>","protected":false},"excerpt":{"rendered":"<p>&nbsp; Trascrizione video Siamo alla fiera Naturally che si tiene al Parc des Expositions di Parigi. Presentiamo il metodo della Reintegrazione Vibratoria, il cui scopo principale \u00e8 quello di deprogrammare tutto ci\u00f2 che ha a che fare con sensibilit\u00e0 e intolleranze. Queste ultime sono intese in senso lato, perch\u00e9 in terapia energetica le sensibilit\u00e0, [...]","protected":false},"author":45,"featured_media":1984,"comment_status":"closed","ping_status":"closed","sticky":false,"template":"","format":"standard","meta":{"inline_featured_image":false,"__cvm_playback_settings":[],"__cvm_video_id":"","footnotes":""},"categories":[116],"tags":[],"class_list":["post-4035","post","type-post","status-publish","format-standard","has-post-thumbnail","hentry","category-article"],"vimeo_video":null,"_links":{"self":[{"href":"https:\/\/www.lumen-care.com\/it\/wp-json\/wp\/v2\/posts\/4035","targetHints":{"allow":["GET"]}}],"collection":[{"href":"https:\/\/www.lumen-care.com\/it\/wp-json\/wp\/v2\/posts"}],"about":[{"href":"https:\/\/www.lumen-care.com\/it\/wp-json\/wp\/v2\/types\/post"}],"author":[{"embeddable":true,"href":"https:\/\/www.lumen-care.com\/it\/wp-json\/wp\/v2\/users\/45"}],"replies":[{"embeddable":true,"href":"https:\/\/www.lumen-care.com\/it\/wp-json\/wp\/v2\/comments?post=4035"}],"version-history":[{"count":0,"href":"https:\/\/www.lumen-care.com\/it\/wp-json\/wp\/v2\/posts\/4035\/revisions"}],"wp:featuredmedia":[{"embeddable":true,"href":"https:\/\/www.lumen-care.com\/it\/wp-json\/wp\/v2\/media\/1984"}],"wp:attachment":[{"href":"https:\/\/www.lumen-care.com\/it\/wp-json\/wp\/v2\/media?parent=4035"}],"wp:term":[{"taxonomy":"category","embeddable":true,"href":"https:\/\/www.lumen-care.com\/it\/wp-json\/wp\/v2\/categories?post=4035"},{"taxonomy":"post_tag","embeddable":true,"href":"https:\/\/www.lumen-care.com\/it\/wp-json\/wp\/v2\/tags?post=4035"}],"curies":[{"name":"wp","href":"https:\/\/api.w.org\/{rel}","templated":true}]}}