{"id":5207,"date":"2020-03-05T17:50:57","date_gmt":"2020-03-05T16:50:57","guid":{"rendered":"https:\/\/www.lumen-care.com\/?p=5207"},"modified":"2022-08-26T14:46:02","modified_gmt":"2022-08-26T12:46:02","slug":"formazione-in-terapie-olistiche-guida-aggiornata-alle-migliori-opzioni-da-considerare-con-statistiche-di-supporto","status":"publish","type":"post","link":"https:\/\/www.lumen-care.com\/it\/formazione-in-terapie-olistiche-guida-aggiornata-alle-migliori-opzioni-da-considerare-con-statistiche-di-supporto\/","title":{"rendered":"Formazione in terapie olistiche: guida aggiornata alle migliori opzioni da considerare, con statistiche a supporto"},"content":{"rendered":"<div data-elementor-type=\"wp-post\" data-elementor-id=\"5207\" class=\"elementor elementor-5207\" data-elementor-post-type=\"post\">\n\t\t\t\t\t\t<section data-particle_enable=\"false\" data-particle-mobile-disabled=\"false\" class=\"elementor-section elementor-top-section elementor-element elementor-element-523b5af2 elementor-section-boxed elementor-section-height-default elementor-section-height-default\" data-id=\"523b5af2\" data-element_type=\"section\" data-e-type=\"section\">\n\t\t\t\t\t\t<div class=\"elementor-container elementor-column-gap-default\">\n\t\t\t\t\t<div class=\"elementor-column elementor-col-100 elementor-top-column elementor-element elementor-element-281a1d9e\" data-id=\"281a1d9e\" data-element_type=\"column\" data-e-type=\"column\">\n\t\t\t<div class=\"elementor-widget-wrap elementor-element-populated\">\n\t\t\t\t\t\t<div class=\"elementor-element elementor-element-00f98ea elementor-widget elementor-widget-text-editor\" data-id=\"00f98ea\" data-element_type=\"widget\" data-e-type=\"widget\" data-widget_type=\"text-editor.default\">\n\t\t\t\t<div class=\"elementor-widget-container\">\n\t\t\t\t\t\t\t\t\t<p>\"Il campo delle terapie olistiche sta crescendo rapidamente. Le pratiche terapeutiche olistiche in Occidente sono decollate negli anni '60 in risposta alla preoccupazione della medicina convenzionale per i trattamenti farmacologici e alla sua incapacit\u00e0 di considerare i pazienti come persone, ma piuttosto come parti del corpo da esaminare e studiare. Inoltre, la tendenza della medicina a trattare solo i sintomi, piuttosto che trovare e trattare la causa principale o affrontare una confluenza multifattoriale, ha contribuito alla rinascita e allo sviluppo esponenziale delle terapie olistiche\".<\/p>\t\t\t\t\t\t\t\t<\/div>\n\t\t\t\t<\/div>\n\t\t\t\t\t<\/div>\n\t\t<\/div>\n\t\t\t\t\t<\/div>\n\t\t<\/section>\n\t\t\t\t<section data-particle_enable=\"false\" data-particle-mobile-disabled=\"false\" class=\"elementor-section elementor-top-section elementor-element elementor-element-1793f1c elementor-section-boxed elementor-section-height-default elementor-section-height-default\" data-id=\"1793f1c\" data-element_type=\"section\" data-e-type=\"section\" id=\"therapie-holistique\">\n\t\t\t\t\t\t<div class=\"elementor-container elementor-column-gap-default\">\n\t\t\t\t\t<div class=\"elementor-column elementor-col-100 elementor-top-column elementor-element elementor-element-830a0b2\" data-id=\"830a0b2\" data-element_type=\"column\" data-e-type=\"column\">\n\t\t\t<div class=\"elementor-widget-wrap elementor-element-populated\">\n\t\t\t\t\t\t<div class=\"elementor-element elementor-element-f78d267 elementor-widget elementor-widget-heading\" data-id=\"f78d267\" data-element_type=\"widget\" data-e-type=\"widget\" data-widget_type=\"heading.default\">\n\t\t\t\t<div class=\"elementor-widget-container\">\n\t\t\t\t\t<h2 class=\"elementor-heading-title elementor-size-default\">TERAPIA OLISTICA: ORIGINE ED ETIMOLOGIA<\/h2>\t\t\t\t<\/div>\n\t\t\t\t<\/div>\n\t\t\t\t<div class=\"elementor-element elementor-element-ec24036 elementor-widget-divider--view-line elementor-widget elementor-widget-divider\" data-id=\"ec24036\" data-element_type=\"widget\" data-e-type=\"widget\" data-widget_type=\"divider.default\">\n\t\t\t\t<div class=\"elementor-widget-container\">\n\t\t\t\t\t\t\t<div class=\"elementor-divider\">\n\t\t\t<span class=\"elementor-divider-separator\">\n\t\t\t\t\t\t<\/span>\n\t\t<\/div>\n\t\t\t\t\t\t<\/div>\n\t\t\t\t<\/div>\n\t\t\t\t<div class=\"elementor-element elementor-element-6246a3b elementor-widget elementor-widget-text-editor\" data-id=\"6246a3b\" data-element_type=\"widget\" data-e-type=\"widget\" data-widget_type=\"text-editor.default\">\n\t\t\t\t<div class=\"elementor-widget-container\">\n\t\t\t\t\t\t\t\t\t<p><span style=\"font-size: 80%; color: #808080;\"><span style=\"font-weight: 400;\">L'espressione <\/span><b>olistico<\/b><span style=\"font-weight: 400;\"> deriva dal greco \"holos\" che significa \"intero\". La parola terapia deriva dal termine \"therapeia\", che significa \"curare\", \"prendersi cura\", \"trattare\".<\/span><\/span><\/p><p><span style=\"font-weight: 400; font-size: 80%; color: #808080;\">In termini letterali ed etimologici, la terapia olistica \u00e8 una pratica che mira a trattare l'intera persona.\u00a0<\/span><\/p><p><span style=\"font-weight: 400; font-size: 80%; color: #808080;\">Piuttosto che trattare semplicemente un sintomo immediato, un terapeuta olistico cercher\u00e0 la causa di fondo esaminando gli attuali stati di salute e benessere fisico, mentale, emotivo e persino sociale e spirituale. Lavorer\u00e0 quindi per ripristinare l'equilibrio naturale del corpo, per una qualit\u00e0 di vita pi\u00f9 sostenibile e gratificante.<\/span><\/p><p><span style=\"font-weight: 400; font-size: 80%; color: #808080;\">Sebbene sia stata utilizzata efficacemente per secoli, la comunit\u00e0 scientifica riconosce oggi l'importanza della terapia olistica per il mantenimento di una buona salute e del benessere generale.<\/span><\/p>\t\t\t\t\t\t\t\t<\/div>\n\t\t\t\t<\/div>\n\t\t\t\t<div class=\"elementor-element elementor-element-6b944f0 elementor-widget elementor-widget-heading\" data-id=\"6b944f0\" data-element_type=\"widget\" data-e-type=\"widget\" data-widget_type=\"heading.default\">\n\t\t\t\t<div class=\"elementor-widget-container\">\n\t\t\t\t\t<h4 class=\"elementor-heading-title elementor-size-default\">Principi<\/h4>\t\t\t\t<\/div>\n\t\t\t\t<\/div>\n\t\t\t\t<section data-particle_enable=\"false\" data-particle-mobile-disabled=\"false\" class=\"elementor-section elementor-inner-section elementor-element elementor-element-876a3cd elementor-section-height-min-height elementor-section-boxed elementor-section-height-default\" data-id=\"876a3cd\" data-element_type=\"section\" data-e-type=\"section\" data-settings=\"{&quot;background_background&quot;:&quot;classic&quot;}\">\n\t\t\t\t\t\t<div class=\"elementor-container elementor-column-gap-default\">\n\t\t\t\t\t<div class=\"elementor-column elementor-col-100 elementor-inner-column elementor-element elementor-element-dcd6dde\" data-id=\"dcd6dde\" data-element_type=\"column\" data-e-type=\"column\">\n\t\t\t<div class=\"elementor-widget-wrap\">\n\t\t\t\t\t\t\t<\/div>\n\t\t<\/div>\n\t\t\t\t\t<\/div>\n\t\t<\/section>\n\t\t\t\t<div class=\"elementor-element elementor-element-6eb6583 elementor-widget elementor-widget-text-editor\" data-id=\"6eb6583\" data-element_type=\"widget\" data-e-type=\"widget\" data-widget_type=\"text-editor.default\">\n\t\t\t\t<div class=\"elementor-widget-container\">\n\t\t\t\t\t\t\t\t\t<p><span style=\"font-weight: 400; font-size: 80%; color: #808080;\">La terapia olistica si basa su approcci energetici (medicina cinese, litoterapia, ecc.), magnetici (magneti, geobiologia, ecc.), mentali (analitici o di altro tipo), ambientali (ecologia e salute), socioculturali (impatto dei media, dell'educazione, dell'arte, ecc.) e transpersonali (o spirituali). La terapia olistica \u00e8 una forma di medicina non convenzionale basata sui principi dell'olismo (guardare alla persona nella sua interezza) e su metodi basati sulla \"totalit\u00e0 dell'essere umano\".\u00a0<\/span><\/p><p><span style=\"font-weight: 400; font-size: 80%; color: #808080;\">L'approccio olistico si basa sulla convinzione che l'intera persona sia composta da parti interdipendenti e che se una parte non funziona bene, tutte le altre parti ne risentiranno. Questi principi includono:<\/span><\/p><ul><li style=\"font-weight: 400;\"><span style=\"font-weight: 400; font-size: 80%; color: #808080;\">L'amore incondizionato e il sostegno sono i guaritori pi\u00f9 potenti.<\/span><\/li><li style=\"font-weight: 400;\"><span style=\"font-weight: 400; font-size: 80%; color: #808080;\">Le persone sono responsabili della propria salute e del proprio benessere.<\/span><\/li><li style=\"font-weight: 400;\"><span style=\"font-weight: 400; font-size: 80%; color: #808080;\">Ogni corpo umano ha un potere innato di autoguarigione.<\/span><\/li><li style=\"font-weight: 400;\"><span style=\"font-weight: 400; font-size: 80%; color: #808080;\">La guarigione riguarda tutti gli aspetti della vita di una persona.<\/span><\/li><li style=\"font-weight: 400;\"><span style=\"font-weight: 400; font-size: 80%; color: #808080;\">Il trattamento prevede la riparazione della causa del disturbo, non solo l'alleviamento dei sintomi.<\/span><\/li><\/ul>\t\t\t\t\t\t\t\t<\/div>\n\t\t\t\t<\/div>\n\t\t\t\t\t<\/div>\n\t\t<\/div>\n\t\t\t\t\t<\/div>\n\t\t<\/section>\n\t\t\t\t<section data-particle_enable=\"false\" data-particle-mobile-disabled=\"false\" class=\"elementor-section elementor-top-section elementor-element elementor-element-888b994 elementor-section-boxed elementor-section-height-default elementor-section-height-default\" data-id=\"888b994\" data-element_type=\"section\" data-e-type=\"section\">\n\t\t\t\t\t\t<div class=\"elementor-container elementor-column-gap-default\">\n\t\t\t\t\t<div class=\"elementor-column elementor-col-100 elementor-top-column elementor-element elementor-element-c9c6465\" data-id=\"c9c6465\" data-element_type=\"column\" data-e-type=\"column\">\n\t\t\t<div class=\"elementor-widget-wrap elementor-element-populated\">\n\t\t\t\t\t\t<div class=\"elementor-element elementor-element-05619d0 elementor-widget elementor-widget-heading\" data-id=\"05619d0\" data-element_type=\"widget\" data-e-type=\"widget\" data-widget_type=\"heading.default\">\n\t\t\t\t<div class=\"elementor-widget-container\">\n\t\t\t\t\t<h2 class=\"elementor-heading-title elementor-size-default\">STATO ATTUALE E PROSPETTIVE FUTURE<\/h2>\t\t\t\t<\/div>\n\t\t\t\t<\/div>\n\t\t\t\t<div class=\"elementor-element elementor-element-8c07fed elementor-widget-divider--view-line elementor-widget elementor-widget-divider\" data-id=\"8c07fed\" data-element_type=\"widget\" data-e-type=\"widget\" data-widget_type=\"divider.default\">\n\t\t\t\t<div class=\"elementor-widget-container\">\n\t\t\t\t\t\t\t<div class=\"elementor-divider\">\n\t\t\t<span class=\"elementor-divider-separator\">\n\t\t\t\t\t\t<\/span>\n\t\t<\/div>\n\t\t\t\t\t\t<\/div>\n\t\t\t\t<\/div>\n\t\t\t\t<div class=\"elementor-element elementor-element-fba569b elementor-widget elementor-widget-text-editor\" data-id=\"fba569b\" data-element_type=\"widget\" data-e-type=\"widget\" data-widget_type=\"text-editor.default\">\n\t\t\t\t<div class=\"elementor-widget-container\">\n\t\t\t\t\t\t\t\t\t<p><span style=\"font-weight: 400; font-size: 80%;\">Le pratiche di terapia olistica in Occidente sono decollate negli anni '60 in risposta alla preoccupazione per l'affidamento della medicina convenzionale ai trattamenti farmacologici e per il suo fallimento nel considerare i pazienti non come persone ma come parti del corpo da esaminare e studiare. Le persone volevano un approccio pi\u00f9 naturale e umano all'assistenza sanitaria.  La tendenza della medicina a trattare solo i sintomi, invece di trovare e curare la causa principale o di affrontare una confluenza multifattoriale, ha anche contribuito alla rinascita e allo sviluppo esponenziale delle terapie olistiche.<\/span><\/p><p><span style=\"font-weight: 400; font-size: 80%;\">Molte persone che ritengono che la medicina moderna abbia fallito si sono rivolte alla medicina olistica nella speranza che il medico comprenda la natura complessa della loro malattia, approfondisca l'origine del problema e concentri il trattamento sull'intera persona.<\/span><\/p><p><span style=\"font-weight: 400; font-size: 80%;\">Per esempio, chi soffre di dolore cronico pu\u00f2 rivolgersi a un terapeuta olistico per esplorare le possibili fonti psico-emotive della sua sofferenza. Lo stress e l'ansia possono contribuire al dolore cronico e se un problema emotivo o un trauma del passato \u00e8 la fonte di questo stress, affrontarlo pu\u00f2 alleviare in qualche misura il dolore cronico.\u00a0<\/span><\/p><p><span style=\"font-weight: 400; font-size: 80%;\">\u00c8 importante ricordare che la terapia olistica non esclude necessariamente la medicina convenzionale, ma pu\u00f2 significare l'inclusione di tecniche complementari. Sebbene i farmaci possano effettivamente far parte del trattamento di una persona, un approccio olistico pu\u00f2 includere altri trattamenti come la terapia cognitivo-comportamentale per affrontare questioni irrisolte e fattori scatenanti, tecniche di rilassamento, massaggi, ecc.<\/span><\/p><p><span style=\"font-weight: 400; font-size: 80%;\">L'accettazione dei trattamenti olistici sta diventando sempre pi\u00f9 diffusa. In questo contesto, i trattamenti complementari e alternativi sono sempre pi\u00f9 utilizzati. Secondo il National Centre for Complementary and Integrative Health, nel 2007 il 38,3 % degli adulti e l'11,8 % dei bambini hanno fatto ricorso a qualche forma di medicina complementare o alternativa.<\/span><\/p><p><span style=\"font-weight: 400; font-size: 80%;\">Nel 2015, l'Organizzazione Mondiale della Sanit\u00e0 (OMS) ha contato quasi quattrocento medicine \"complementari\", \"alternative\" o \"tradizionali\", di cui pi\u00f9 di cinquanta sono state definite \"olistiche\". Allo stesso modo, nel 2015 quasi 6.115 medici francesi hanno dichiarato un titolo o un orientamento in medicina alternativa e complementare.\u00a0<\/span><\/p><p><span style=\"font-weight: 400; font-size: 80%;\">Dai 40% del 2015, uno studio ha dimostrato che il ricorso alla medicina alternativa in Francia \u00e8 salito a 58% nel 2018. Questa percentuale \u00e8 in aumento tra le persone con malattie gravi o croniche. L'omeopatia \u00e8 particolarmente popolare: 56 % dei francesi l'hanno gi\u00e0 utilizzata. La Francia \u00e8 il principale produttore di medicinali omeopatici.<\/span><\/p><p><span style=\"font-weight: 400; font-size: 80%;\">Il fatto che la comunit\u00e0 medica stia iniziando a riconoscere l'importanza delle terapie olistiche per il mantenimento della salute e del benessere generale \u00e8 un fattore che contribuisce all'implementazione sostenibile delle terapie olistiche.<\/span><\/p>\t\t\t\t\t\t\t\t<\/div>\n\t\t\t\t<\/div>\n\t\t\t\t\t<\/div>\n\t\t<\/div>\n\t\t\t\t\t<\/div>\n\t\t<\/section>\n\t\t\t\t<section data-particle_enable=\"false\" data-particle-mobile-disabled=\"false\" class=\"elementor-section elementor-top-section elementor-element elementor-element-19f065f elementor-section-boxed elementor-section-height-default elementor-section-height-default\" data-id=\"19f065f\" data-element_type=\"section\" data-e-type=\"section\">\n\t\t\t\t\t\t<div class=\"elementor-container elementor-column-gap-default\">\n\t\t\t\t\t<div class=\"elementor-column elementor-col-100 elementor-top-column elementor-element elementor-element-466104c\" data-id=\"466104c\" data-element_type=\"column\" data-e-type=\"column\">\n\t\t\t<div class=\"elementor-widget-wrap elementor-element-populated\">\n\t\t\t\t\t\t<div class=\"elementor-element elementor-element-feaccd1 elementor-widget elementor-widget-heading\" data-id=\"feaccd1\" data-element_type=\"widget\" data-e-type=\"widget\" data-widget_type=\"heading.default\">\n\t\t\t\t<div class=\"elementor-widget-container\">\n\t\t\t\t\t<h2 class=\"elementor-heading-title elementor-size-default\">QUALI SONO LE TERAPIE VINCENTI DEL MOMENTO?\u00a0<\/h2>\t\t\t\t<\/div>\n\t\t\t\t<\/div>\n\t\t\t\t<div class=\"elementor-element elementor-element-c907e2c elementor-widget-divider--view-line elementor-widget elementor-widget-divider\" data-id=\"c907e2c\" data-element_type=\"widget\" data-e-type=\"widget\" data-widget_type=\"divider.default\">\n\t\t\t\t<div class=\"elementor-widget-container\">\n\t\t\t\t\t\t\t<div class=\"elementor-divider\">\n\t\t\t<span class=\"elementor-divider-separator\">\n\t\t\t\t\t\t<\/span>\n\t\t<\/div>\n\t\t\t\t\t\t<\/div>\n\t\t\t\t<\/div>\n\t\t\t\t<div class=\"elementor-element elementor-element-5292f17 elementor-widget elementor-widget-heading\" data-id=\"5292f17\" data-element_type=\"widget\" data-e-type=\"widget\" data-widget_type=\"heading.default\">\n\t\t\t\t<div class=\"elementor-widget-container\">\n\t\t\t\t\t<h2 class=\"elementor-heading-title elementor-size-default\">Sofrologia<\/h2>\t\t\t\t<\/div>\n\t\t\t\t<\/div>\n\t\t\t\t<section data-particle_enable=\"false\" data-particle-mobile-disabled=\"false\" class=\"elementor-section elementor-inner-section elementor-element elementor-element-15dbeef elementor-section-height-min-height elementor-section-boxed elementor-section-height-default\" data-id=\"15dbeef\" data-element_type=\"section\" data-e-type=\"section\" data-settings=\"{&quot;background_background&quot;:&quot;classic&quot;}\">\n\t\t\t\t\t\t<div class=\"elementor-container elementor-column-gap-default\">\n\t\t\t\t\t<div class=\"elementor-column elementor-col-100 elementor-inner-column elementor-element elementor-element-59eaa4b\" data-id=\"59eaa4b\" data-element_type=\"column\" data-e-type=\"column\">\n\t\t\t<div class=\"elementor-widget-wrap\">\n\t\t\t\t\t\t\t<\/div>\n\t\t<\/div>\n\t\t\t\t\t<\/div>\n\t\t<\/section>\n\t\t\t\t<div class=\"elementor-element elementor-element-6c267a4 elementor-widget elementor-widget-spacer\" data-id=\"6c267a4\" data-element_type=\"widget\" data-e-type=\"widget\" data-widget_type=\"spacer.default\">\n\t\t\t\t<div class=\"elementor-widget-container\">\n\t\t\t\t\t\t\t<div class=\"elementor-spacer\">\n\t\t\t<div class=\"elementor-spacer-inner\"><\/div>\n\t\t<\/div>\n\t\t\t\t\t\t<\/div>\n\t\t\t\t<\/div>\n\t\t\t\t<div class=\"elementor-element elementor-element-1e9077b elementor-widget elementor-widget-text-editor\" data-id=\"1e9077b\" data-element_type=\"widget\" data-e-type=\"widget\" data-widget_type=\"text-editor.default\">\n\t\t\t\t<div class=\"elementor-widget-container\">\n\t\t\t\t\t\t\t\t\t<p><span style=\"font-weight: 400; font-size: 80%;\">Il termine sofrologia deriva da tre parole greche: \"s\u00f4s\" che significa armonioso, \"phren\" che significa mente e \"logos\" che significa scienza. La sofrologia \u00e8 quindi un metodo mente-corpo utilizzato come tecnica terapeutica che permette alle persone di rafforzare l'equilibrio tra emozioni, cognizione e comportamento per accedere alle risorse e mobilitare cos\u00ec la propria capacit\u00e0 di adattamento e di azione per migliorare le proprie condizioni di vita.\u00a0<\/span><\/p><p><span style=\"font-weight: 400; font-size: 80%;\">La sofrologia \u00e8 stata fondata a Madrid nei primi anni '60 da Alfonso Caycedo (1932-2017). \u00c8 un metodo esclusivamente verbale e non tattile che agisce sia sul corpo che sulla mente.\u00a0<\/span><\/p><p><span style=\"font-weight: 400; font-size: 80%;\">In Francia, pi\u00f9 di 94% persone hanno sentito parlare di sofrologia e 11 milioni affermano di averla gi\u00e0 praticata, secondo un sondaggio della Chambre syndicale de la sophrologie. I dati rivelano che 53% di persone spesso stressate in Francia sono disposte a provare la sofrologia per migliorare la propria salute. Tra il 2013 e il 2016 sono state effettuate oltre 3,3 milioni di ricerche di sofrologi sull'elenco delle Pagine Gialle.<\/span><b><\/b><\/p>\t\t\t\t\t\t\t\t<\/div>\n\t\t\t\t<\/div>\n\t\t\t\t<div class=\"elementor-element elementor-element-28233ca elementor-widget elementor-widget-heading\" data-id=\"28233ca\" data-element_type=\"widget\" data-e-type=\"widget\" data-widget_type=\"heading.default\">\n\t\t\t\t<div class=\"elementor-widget-container\">\n\t\t\t\t\t<h2 class=\"elementor-heading-title elementor-size-default\">Omeopatia<\/h2>\t\t\t\t<\/div>\n\t\t\t\t<\/div>\n\t\t\t\t<section data-particle_enable=\"false\" data-particle-mobile-disabled=\"false\" class=\"elementor-section elementor-inner-section elementor-element elementor-element-0d470c1 elementor-section-height-min-height elementor-section-boxed elementor-section-height-default\" data-id=\"0d470c1\" data-element_type=\"section\" data-e-type=\"section\" data-settings=\"{&quot;background_background&quot;:&quot;classic&quot;}\">\n\t\t\t\t\t\t<div class=\"elementor-container elementor-column-gap-default\">\n\t\t\t\t\t<div class=\"elementor-column elementor-col-100 elementor-inner-column elementor-element elementor-element-66b96cb\" data-id=\"66b96cb\" data-element_type=\"column\" data-e-type=\"column\">\n\t\t\t<div class=\"elementor-widget-wrap\">\n\t\t\t\t\t\t\t<\/div>\n\t\t<\/div>\n\t\t\t\t\t<\/div>\n\t\t<\/section>\n\t\t\t\t<div class=\"elementor-element elementor-element-019209e elementor-widget elementor-widget-spacer\" data-id=\"019209e\" data-element_type=\"widget\" data-e-type=\"widget\" data-widget_type=\"spacer.default\">\n\t\t\t\t<div class=\"elementor-widget-container\">\n\t\t\t\t\t\t\t<div class=\"elementor-spacer\">\n\t\t\t<div class=\"elementor-spacer-inner\"><\/div>\n\t\t<\/div>\n\t\t\t\t\t\t<\/div>\n\t\t\t\t<\/div>\n\t\t\t\t<div class=\"elementor-element elementor-element-85c6d00 elementor-widget elementor-widget-text-editor\" data-id=\"85c6d00\" data-element_type=\"widget\" data-e-type=\"widget\" data-widget_type=\"text-editor.default\">\n\t\t\t\t<div class=\"elementor-widget-container\">\n\t\t\t\t\t\t\t\t\t<p><span style=\"font-weight: 400; font-size: 80%;\">Il suo fondatore, il medico tedesco Samuel Christian Hahnemann (1755-1843), postul\u00f2 che un rimedio potesse essere selezionato in base alla corrispondenza tra i sintomi prodotti dalla pianta e quelli della malattia del paziente. Egli chiam\u00f2 questo \"principio di somiglianza\". Ad esempio, l'ortica, che provoca irritazione cutanea al tatto, sar\u00e0 efficace, dopo diluizione, contro l'orticaria. Poich\u00e9 l'omeopatia viene somministrata in dosi infinitesimali o potenzialmente inesistenti dal punto di vista molecolare, la comunit\u00e0 scientifica nutre un notevole scetticismo sulla sua validit\u00e0.\u00a0<\/span><\/p><p><span style=\"font-weight: 400; font-size: 80%;\">50% dei francesi hanno gi\u00e0 utilizzato farmaci omeopatici. Le ultime statistiche mostrano infatti che 3 francesi su 4 hanno assunto farmaci omeopatici nel corso della loro vita. 74% degli utenti considerano questi farmaci omeopatici efficaci. Nel caso del cancro, ad esempio, 20% di pazienti utilizzano l'omeopatia come cura di supporto per ridurre gli effetti collaterali dei trattamenti antitumorali.\u00a0<\/span><\/p><p><span style=\"font-weight: 400; font-size: 80%;\">Nel 2004, i medici omeopati registrati presso il Conseil National de l'Ordre erano quasi 3.581.<\/span><\/p><p><span style=\"font-weight: 400; font-size: 80%;\">Se nel 1982 solo il 16 % dei francesi dichiarava di utilizzare l'omeopatia, almeno occasionalmente, nel 2000 il numero era salito a 40 %. Tra le madri, 58 % avevano usato questo tipo di medicina negli ultimi 12 mesi, soprattutto per curare i bambini e piccole ferite.<\/span><\/p><p><span style=\"font-weight: 400; font-size: 80%;\">Nonostante gli annunciati tentativi di denigrare i farmaci omeopatici e il fatto che non siano pi\u00f9 rimborsati, l'entusiasmo dei francesi per questo approccio rimane intatto.<\/span><b><\/b><\/p>\t\t\t\t\t\t\t\t<\/div>\n\t\t\t\t<\/div>\n\t\t\t\t<div class=\"elementor-element elementor-element-d93f929 elementor-widget elementor-widget-heading\" data-id=\"d93f929\" data-element_type=\"widget\" data-e-type=\"widget\" data-widget_type=\"heading.default\">\n\t\t\t\t<div class=\"elementor-widget-container\">\n\t\t\t\t\t<h2 class=\"elementor-heading-title elementor-size-default\">Osteopatia<\/h2>\t\t\t\t<\/div>\n\t\t\t\t<\/div>\n\t\t\t\t<section data-particle_enable=\"false\" data-particle-mobile-disabled=\"false\" class=\"elementor-section elementor-inner-section elementor-element elementor-element-15c09c3 elementor-section-height-min-height elementor-section-boxed elementor-section-height-default\" data-id=\"15c09c3\" data-element_type=\"section\" data-e-type=\"section\" data-settings=\"{&quot;background_background&quot;:&quot;classic&quot;}\">\n\t\t\t\t\t\t<div class=\"elementor-container elementor-column-gap-default\">\n\t\t\t\t\t<div class=\"elementor-column elementor-col-100 elementor-inner-column elementor-element elementor-element-ad936e6\" data-id=\"ad936e6\" data-element_type=\"column\" data-e-type=\"column\">\n\t\t\t<div class=\"elementor-widget-wrap\">\n\t\t\t\t\t\t\t<\/div>\n\t\t<\/div>\n\t\t\t\t\t<\/div>\n\t\t<\/section>\n\t\t\t\t<div class=\"elementor-element elementor-element-d889692 elementor-widget elementor-widget-spacer\" data-id=\"d889692\" data-element_type=\"widget\" data-e-type=\"widget\" data-widget_type=\"spacer.default\">\n\t\t\t\t<div class=\"elementor-widget-container\">\n\t\t\t\t\t\t\t<div class=\"elementor-spacer\">\n\t\t\t<div class=\"elementor-spacer-inner\"><\/div>\n\t\t<\/div>\n\t\t\t\t\t\t<\/div>\n\t\t\t\t<\/div>\n\t\t\t\t<div class=\"elementor-element elementor-element-fc7821c elementor-widget elementor-widget-text-editor\" data-id=\"fc7821c\" data-element_type=\"widget\" data-e-type=\"widget\" data-widget_type=\"text-editor.default\">\n\t\t\t\t<div class=\"elementor-widget-container\">\n\t\t\t\t\t\t\t\t\t<p><span style=\"font-weight: 400; font-size: 80%;\">Il termine osteopatia deriva dalla combinazione delle radici greche \"osteon\" che significa osso (osteo) e \"pathos\" che significa sofferenza (pathia). L'osteopatia \u00e8 una terapia manuale sviluppata negli Stati Uniti dal dottor Andrew Taylor Still nel 1874. Viene utilizzata per identificare e trattare manualmente le limitazioni nella mobilit\u00e0 delle varie strutture del corpo (ossa, organi, muscoli, visceri, legamenti, ecc.) che possono portare a disturbi funzionali.<\/span><\/p><p><span style=\"font-weight: 400; font-size: 80%;\">\u00a0L'osteopatia ha iniziato a svilupparsi in Francia negli anni '50, ma \u00e8 stata riconosciuta per legge solo il 4 marzo 2002, con la legge n. 2003-303. All'epoca, in Francia c'erano solo 4.000 persone con il titolo di osteopata. 14 anni dopo, in Francia ci sono quasi 30.000 persone con questo titolo, tutte le origini messe insieme.<\/span><b><\/b><\/p>\t\t\t\t\t\t\t\t<\/div>\n\t\t\t\t<\/div>\n\t\t\t\t<div class=\"elementor-element elementor-element-e3a8964 elementor-widget elementor-widget-heading\" data-id=\"e3a8964\" data-element_type=\"widget\" data-e-type=\"widget\" data-widget_type=\"heading.default\">\n\t\t\t\t<div class=\"elementor-widget-container\">\n\t\t\t\t\t<h4 class=\"elementor-heading-title elementor-size-default\">\nReinformazione<\/h4>\t\t\t\t<\/div>\n\t\t\t\t<\/div>\n\t\t\t\t<section data-particle_enable=\"false\" data-particle-mobile-disabled=\"false\" class=\"elementor-section elementor-inner-section elementor-element elementor-element-f82584e elementor-section-height-min-height elementor-section-boxed elementor-section-height-default\" data-id=\"f82584e\" data-element_type=\"section\" data-e-type=\"section\" data-settings=\"{&quot;background_background&quot;:&quot;classic&quot;}\">\n\t\t\t\t\t\t<div class=\"elementor-container elementor-column-gap-default\">\n\t\t\t\t\t<div class=\"elementor-column elementor-col-100 elementor-inner-column elementor-element elementor-element-021c688\" data-id=\"021c688\" data-element_type=\"column\" data-e-type=\"column\">\n\t\t\t<div class=\"elementor-widget-wrap\">\n\t\t\t\t\t\t\t<\/div>\n\t\t<\/div>\n\t\t\t\t\t<\/div>\n\t\t<\/section>\n\t\t\t\t<div class=\"elementor-element elementor-element-10eab06 elementor-widget elementor-widget-spacer\" data-id=\"10eab06\" data-element_type=\"widget\" data-e-type=\"widget\" data-widget_type=\"spacer.default\">\n\t\t\t\t<div class=\"elementor-widget-container\">\n\t\t\t\t\t\t\t<div class=\"elementor-spacer\">\n\t\t\t<div class=\"elementor-spacer-inner\"><\/div>\n\t\t<\/div>\n\t\t\t\t\t\t<\/div>\n\t\t\t\t<\/div>\n\t\t\t\t<div class=\"elementor-element elementor-element-ce4640a elementor-widget elementor-widget-text-editor\" data-id=\"ce4640a\" data-element_type=\"widget\" data-e-type=\"widget\" data-widget_type=\"text-editor.default\">\n\t\t\t\t<div class=\"elementor-widget-container\">\n\t\t\t\t\t\t\t\t\t<p><span style=\"font-weight: 400; font-size: 80%;\">La reintegrazione \u00e8 un metodo energetico concepito per fornire un supporto naturale e duraturo a tutte le forme di sensibilit\u00e0, allergie e intolleranze e, per estensione, alla maggior parte dei disturbi cronici che ne derivano. Si basa sull'omeopatia di contatto e sulla memoria dell'acqua.<\/span><\/p><p><span style=\"font-weight: 400; font-size: 80%;\">\u00c8 un campo in rapida espansione, se si considera l'ultimo rapporto dell'Organizzazione Mondiale della Sanit\u00e0 (OMS). Infatti, le allergie sono state proclamate la quarta malattia cronica pi\u00f9 comune al mondo, dopo il cancro, l'AIDS e le malattie cardiovascolari. Il numero di allergici in Francia \u00e8 raddoppiato negli ultimi 20 anni, soprattutto tra i bambini e gli adolescenti. 8 % dei bambini e 4 % della popolazione adulta devono convivere con un'allergia alimentare. Oggi, 1 persona su 4 soffre di un'allergia respiratoria.<\/span><\/p><p><span style=\"font-weight: 400; font-size: 80%;\">La formazione in Reinformazione Vibratoria \u00e8 quindi un ottimo modo per fermare la recrudescenza delle allergie, oltre che un'eccellente opportunit\u00e0 per gli operatori che desiderano sviluppare la propria attivit\u00e0. In Francia, infatti, 22.330.00 persone soffrono di allergie e intolleranze.<\/span><\/p><p><span style=\"font-size: 80%;\"><span style=\"font-weight: 400;\">\u00c8 ora possibile formarsi e diventare un operatore certificato di Reinformazione Vibrazionale senza dover pagare un centesimo. La formazione \u00e8 gratuita, a determinate condizioni.<\/span><\/span><\/p>\t\t\t\t\t\t\t\t<\/div>\n\t\t\t\t<\/div>\n\t\t\t\t<section data-particle_enable=\"false\" data-particle-mobile-disabled=\"false\" class=\"elementor-section elementor-inner-section elementor-element elementor-element-9dfde66 elementor-section-boxed elementor-section-height-default elementor-section-height-default\" data-id=\"9dfde66\" data-element_type=\"section\" data-e-type=\"section\" data-settings=\"{&quot;background_background&quot;:&quot;classic&quot;}\">\n\t\t\t\t\t\t\t<div class=\"elementor-background-overlay\"><\/div>\n\t\t\t\t\t\t\t<div class=\"elementor-container elementor-column-gap-default\">\n\t\t\t\t\t<div class=\"elementor-column elementor-col-100 elementor-inner-column elementor-element elementor-element-55af9f2\" data-id=\"55af9f2\" data-element_type=\"column\" data-e-type=\"column\">\n\t\t\t<div class=\"elementor-widget-wrap elementor-element-populated\">\n\t\t\t\t\t\t<div class=\"elementor-element elementor-element-357627f elementor-widget elementor-widget-heading\" data-id=\"357627f\" data-element_type=\"widget\" data-e-type=\"widget\" data-widget_type=\"heading.default\">\n\t\t\t\t<div class=\"elementor-widget-container\">\n\t\t\t\t\t<h2 class=\"elementor-heading-title elementor-size-default\">Diventare un operatore di Reinformazione Vibrazionale certificato gratuitamente<\/h2>\t\t\t\t<\/div>\n\t\t\t\t<\/div>\n\t\t\t\t<div class=\"elementor-element elementor-element-71dd007 elementor-align-center elementor-widget elementor-widget-button\" data-id=\"71dd007\" data-element_type=\"widget\" data-e-type=\"widget\" data-widget_type=\"button.default\">\n\t\t\t\t<div class=\"elementor-widget-container\">\n\t\t\t\t\t\t\t\t\t<div class=\"elementor-button-wrapper\">\n\t\t\t\t\t<a class=\"elementor-button elementor-button-link elementor-size-md elementor-animation-shrink\" href=\"https:\/\/www.lumen-care.com\/it\/webinaire-deprogrammer-les-allergies-et-intolerances-naturellement-et-gratuitement\/\" target=\"_blank\">\n\t\t\t\t\t\t<span class=\"elementor-button-content-wrapper\">\n\t\t\t\t\t\t\t\t\t<span class=\"elementor-button-text\">Per saperne di pi\u00f9, cliccate qui<\/span>\n\t\t\t\t\t<\/span>\n\t\t\t\t\t<\/a>\n\t\t\t\t<\/div>\n\t\t\t\t\t\t\t\t<\/div>\n\t\t\t\t<\/div>\n\t\t\t\t\t<\/div>\n\t\t<\/div>\n\t\t\t\t\t<\/div>\n\t\t<\/section>\n\t\t\t\t<div class=\"elementor-element elementor-element-c3f1975 elementor-widget elementor-widget-spacer\" data-id=\"c3f1975\" data-element_type=\"widget\" data-e-type=\"widget\" data-widget_type=\"spacer.default\">\n\t\t\t\t<div class=\"elementor-widget-container\">\n\t\t\t\t\t\t\t<div class=\"elementor-spacer\">\n\t\t\t<div class=\"elementor-spacer-inner\"><\/div>\n\t\t<\/div>\n\t\t\t\t\t\t<\/div>\n\t\t\t\t<\/div>\n\t\t\t\t<div class=\"elementor-element elementor-element-3254d26 elementor-widget elementor-widget-text-editor\" data-id=\"3254d26\" data-element_type=\"widget\" data-e-type=\"widget\" data-widget_type=\"text-editor.default\">\n\t\t\t\t<div class=\"elementor-widget-container\">\n\t\t\t\t\t\t\t\t\t<p><span style=\"font-weight: 400; font-size: 80%;\">Il settore delle terapie alternative e complementari \u00e8 in piena espansione. L'interesse delle persone per gli approcci olistici \u00e8 in continua crescita e si rivolge sempre pi\u00f9 a pratiche del tutto naturali e non invasive, adatte a tutte le et\u00e0, che agiscono in modo delicato ma efficace per ripristinare e mantenere l'equilibrio naturale dell'organismo, al fine di rafforzare le sue capacit\u00e0 di autoguarigione.<\/span><\/p><p><span style=\"font-weight: 400; font-size: 80%;\">In fin dei conti, qualunque sia la disciplina o l'area di specializzazione, contribuire al benessere delle persone \u00e8 ci\u00f2 che conta di pi\u00f9. <\/span><\/p>\t\t\t\t\t\t\t\t<\/div>\n\t\t\t\t<\/div>\n\t\t\t\t\t<\/div>\n\t\t<\/div>\n\t\t\t\t\t<\/div>\n\t\t<\/section>\n\t\t\t\t<section data-particle_enable=\"false\" data-particle-mobile-disabled=\"false\" class=\"elementor-section elementor-top-section elementor-element elementor-element-6efa22c elementor-section-boxed elementor-section-height-default elementor-section-height-default\" data-id=\"6efa22c\" data-element_type=\"section\" data-e-type=\"section\">\n\t\t\t\t\t\t<div class=\"elementor-container elementor-column-gap-default\">\n\t\t\t\t\t<div class=\"elementor-column elementor-col-100 elementor-top-column elementor-element elementor-element-878bb41\" data-id=\"878bb41\" data-element_type=\"column\" data-e-type=\"column\">\n\t\t\t<div class=\"elementor-widget-wrap elementor-element-populated\">\n\t\t\t\t\t\t<div class=\"elementor-element elementor-element-e48c95a elementor-widget elementor-widget-heading\" data-id=\"e48c95a\" data-element_type=\"widget\" data-e-type=\"widget\" data-widget_type=\"heading.default\">\n\t\t\t\t<div class=\"elementor-widget-container\">\n\t\t\t\t\t<h4 class=\"elementor-heading-title elementor-size-default\">Altri articoli per voi:<\/h4>\t\t\t\t<\/div>\n\t\t\t\t<\/div>\n\t\t\t\t<div class=\"elementor-element elementor-element-6503271 elementor-grid-2 elementor-grid-tablet-2 elementor-grid-mobile-1 elementor-posts--thumbnail-top elementor-posts--show-avatar elementor-card-shadow-yes elementor-posts__hover-gradient elementor-widget elementor-widget-posts\" data-id=\"6503271\" data-element_type=\"widget\" data-e-type=\"widget\" data-settings=\"{&quot;cards_columns&quot;:&quot;2&quot;,&quot;cards_row_gap&quot;:{&quot;unit&quot;:&quot;px&quot;,&quot;size&quot;:33,&quot;sizes&quot;:[]},&quot;pagination_type&quot;:&quot;numbers&quot;,&quot;cards_columns_tablet&quot;:&quot;2&quot;,&quot;cards_columns_mobile&quot;:&quot;1&quot;,&quot;cards_row_gap_tablet&quot;:{&quot;unit&quot;:&quot;px&quot;,&quot;size&quot;:&quot;&quot;,&quot;sizes&quot;:[]},&quot;cards_row_gap_mobile&quot;:{&quot;unit&quot;:&quot;px&quot;,&quot;size&quot;:&quot;&quot;,&quot;sizes&quot;:[]}}\" data-widget_type=\"posts.cards\">\n\t\t\t\t<div class=\"elementor-widget-container\">\n\t\t\t\t\t\t\t<div class=\"elementor-posts-container elementor-posts elementor-posts--skin-cards elementor-grid\" role=\"list\">\n\t\t\t\t<article class=\"elementor-post elementor-grid-item post-26590 post type-post status-publish format-standard has-post-thumbnail hentry category-article\" role=\"listitem\">\n\t\t\t<div class=\"elementor-post__card\">\n\t\t\t\t<a class=\"elementor-post__thumbnail__link\" href=\"https:\/\/www.lumen-care.com\/it\/e-se-le-verdure-non-fossero-il-problema\/\" tabindex=\"-1\" ><div class=\"elementor-post__thumbnail\"><img fetchpriority=\"high\" decoding=\"async\" width=\"713\" height=\"400\" src=\"https:\/\/www.lumen-care.com\/wp-content\/uploads\/WhatsApp-Image-2025-03-22-at-10.37.21_314b1e8a-713x400.jpg\" class=\"attachment-medium size-medium wp-image-26594\" alt=\"\" srcset=\"https:\/\/www.lumen-care.com\/wp-content\/uploads\/WhatsApp-Image-2025-03-22-at-10.37.21_314b1e8a-713x400.jpg 713w, https:\/\/www.lumen-care.com\/wp-content\/uploads\/WhatsApp-Image-2025-03-22-at-10.37.21_314b1e8a-768x431.jpg 768w, https:\/\/www.lumen-care.com\/wp-content\/uploads\/WhatsApp-Image-2025-03-22-at-10.37.21_314b1e8a-18x10.jpg 18w, https:\/\/www.lumen-care.com\/wp-content\/uploads\/WhatsApp-Image-2025-03-22-at-10.37.21_314b1e8a-247x139.jpg 247w, https:\/\/www.lumen-care.com\/wp-content\/uploads\/WhatsApp-Image-2025-03-22-at-10.37.21_314b1e8a-510x286.jpg 510w, https:\/\/www.lumen-care.com\/wp-content\/uploads\/WhatsApp-Image-2025-03-22-at-10.37.21_314b1e8a.jpg 1155w\" sizes=\"(max-width: 713px) 100vw, 713px\" \/><\/div><\/a>\n\t\t\t\t<div class=\"elementor-post__badge\">Articolo<\/div>\n\t\t\t\t<div class=\"elementor-post__avatar\">\n\t\t\t<img alt='Danielle Tchonang' src='https:\/\/www.lumen-care.com\/wp-content\/litespeed\/avatar\/bc74fa1e20ba5d0b7c3c3f1b4e8dbb44.jpg?ver=1777404952' srcset='https:\/\/www.lumen-care.com\/wp-content\/litespeed\/avatar\/63adc14b1d03ebd6d0691fa5589f2dcb.jpg?ver=1777404952 2x' class='avatar avatar-128 photo' height='128' width='128' \/>\t\t<\/div>\n\t\t\t\t<div class=\"elementor-post__text\">\n\t\t\t\t<h3 class=\"elementor-post__title\">\n\t\t\t<a href=\"https:\/\/www.lumen-care.com\/it\/e-se-le-verdure-non-fossero-il-problema\/\" >\n\t\t\t\tSensibilit\u00e0 alimentari: e se il problema non fossero le verdure... ma il modo in cui il vostro corpo le interpreta?\t\t\t<\/a>\n\t\t<\/h3>\n\t\t\t\t<div class=\"elementor-post__excerpt\">\n\t\t\t<p>Le verdure sono essenziali per una dieta equilibrata, ma sapevate che possono anche scatenare sensibilit\u00e0? Contrariamente a quanto si pensa, tutto ci\u00f2 che<\/p>\n\t\t<\/div>\n\t\t\n\t\t<a class=\"elementor-post__read-more\" href=\"https:\/\/www.lumen-care.com\/it\/e-se-le-verdure-non-fossero-il-problema\/\" aria-label=\"Leggi tutto su Sensibilit\u00e0 alimentare: e se il problema non fossero le verdure... ma l&#039;interpretazione che ne d\u00e0 il vostro organismo?\" tabindex=\"-1\" >\n\t\t\tPer saperne di pi\u00f9 \"\t\t<\/a>\n\n\t\t\t\t<\/div>\n\t\t\t\t<div class=\"elementor-post__meta-data\">\n\t\t\t\t\t<span class=\"elementor-post-date\">\n\t\t\t19 Maggio 2025\t\t<\/span>\n\t\t\t\t<span class=\"elementor-post-avatar\">\n\t\t\tNessun commento\t\t<\/span>\n\t\t\t\t<\/div>\n\t\t\t\t\t<\/div>\n\t\t<\/article>\n\t\t\t\t<article class=\"elementor-post elementor-grid-item post-26117 post type-post status-publish format-standard has-post-thumbnail hentry category-article\" role=\"listitem\">\n\t\t\t<div class=\"elementor-post__card\">\n\t\t\t\t<a class=\"elementor-post__thumbnail__link\" href=\"https:\/\/www.lumen-care.com\/it\/sensibilita-ai-solfiti\/\" tabindex=\"-1\" ><div class=\"elementor-post__thumbnail\"><img decoding=\"async\" width=\"477\" height=\"400\" src=\"https:\/\/www.lumen-care.com\/wp-content\/uploads\/Sans-titre-1024-x-1024-px-Publication-Facebook-477x400.png\" class=\"attachment-medium size-medium wp-image-26121\" alt=\"\" srcset=\"https:\/\/www.lumen-care.com\/wp-content\/uploads\/Sans-titre-1024-x-1024-px-Publication-Facebook-477x400.png 477w, https:\/\/www.lumen-care.com\/wp-content\/uploads\/Sans-titre-1024-x-1024-px-Publication-Facebook-768x644.png 768w, https:\/\/www.lumen-care.com\/wp-content\/uploads\/Sans-titre-1024-x-1024-px-Publication-Facebook-14x12.png 14w, https:\/\/www.lumen-care.com\/wp-content\/uploads\/Sans-titre-1024-x-1024-px-Publication-Facebook-247x207.png 247w, https:\/\/www.lumen-care.com\/wp-content\/uploads\/Sans-titre-1024-x-1024-px-Publication-Facebook-510x428.png 510w, https:\/\/www.lumen-care.com\/wp-content\/uploads\/Sans-titre-1024-x-1024-px-Publication-Facebook.png 940w\" sizes=\"(max-width: 477px) 100vw, 477px\" \/><\/div><\/a>\n\t\t\t\t<div class=\"elementor-post__badge\">Articolo<\/div>\n\t\t\t\t<div class=\"elementor-post__avatar\">\n\t\t\t<img alt='Danielle Tchonang' src='https:\/\/www.lumen-care.com\/wp-content\/litespeed\/avatar\/bc74fa1e20ba5d0b7c3c3f1b4e8dbb44.jpg?ver=1777404952' srcset='https:\/\/www.lumen-care.com\/wp-content\/litespeed\/avatar\/63adc14b1d03ebd6d0691fa5589f2dcb.jpg?ver=1777404952 2x' class='avatar avatar-128 photo' height='128' width='128' \/>\t\t<\/div>\n\t\t\t\t<div class=\"elementor-post__text\">\n\t\t\t\t<h3 class=\"elementor-post__title\">\n\t\t\t<a href=\"https:\/\/www.lumen-care.com\/it\/sensibilita-ai-solfiti\/\" >\n\t\t\t\tVino e sensibilit\u00e0 ai solfiti: Perch\u00e9 si reagisce male e cosa si pu\u00f2 fare?\t\t\t<\/a>\n\t\t<\/h3>\n\t\t\t\t<div class=\"elementor-post__excerpt\">\n\t\t\t<p>I solfiti sono conservanti ampiamente utilizzati nell'industria alimentare. Si trovano nel vino, nei salumi, nella frutta secca e in molti altri prodotti.<\/p>\n\t\t<\/div>\n\t\t\n\t\t<a class=\"elementor-post__read-more\" href=\"https:\/\/www.lumen-care.com\/it\/sensibilita-ai-solfiti\/\" aria-label=\"Leggi tutto su Vino e sensibilit\u00e0 ai solfiti: Perch\u00e9 si reagisce male e cosa si pu\u00f2 fare?\" tabindex=\"-1\" >\n\t\t\tPer saperne di pi\u00f9 \"\t\t<\/a>\n\n\t\t\t\t<\/div>\n\t\t\t\t<div class=\"elementor-post__meta-data\">\n\t\t\t\t\t<span class=\"elementor-post-date\">\n\t\t\t28 marzo 2025\t\t<\/span>\n\t\t\t\t<span class=\"elementor-post-avatar\">\n\t\t\tNessun commento\t\t<\/span>\n\t\t\t\t<\/div>\n\t\t\t\t\t<\/div>\n\t\t<\/article>\n\t\t\t\t<\/div>\n\t\t\n\t\t\t\t<div class=\"e-load-more-anchor\" data-page=\"1\" data-max-page=\"25\" data-next-page=\"https:\/\/www.lumen-care.com\/wp-json\/wp\/v2\/posts\/5207\/page\/2\/\"><\/div>\n\t\t\t\t<nav class=\"elementor-pagination\" aria-label=\"Paginazione\">\n\t\t\t<span aria-current=\"page\" class=\"page-numbers current\"><span class=\"elementor-screen-only\">Pagina<\/span>1<\/span>\n<a class=\"page-numbers\" href=\"https:\/\/www.lumen-care.com\/wp-json\/wp\/v2\/posts\/5207\/page\/2\/\"><span class=\"elementor-screen-only\">Pagina<\/span>2<\/a>\n<a class=\"page-numbers\" href=\"https:\/\/www.lumen-care.com\/wp-json\/wp\/v2\/posts\/5207\/page\/3\/\"><span class=\"elementor-screen-only\">Pagina<\/span>3<\/a>\n<a class=\"page-numbers\" href=\"https:\/\/www.lumen-care.com\/wp-json\/wp\/v2\/posts\/5207\/page\/4\/\"><span class=\"elementor-screen-only\">Pagina<\/span>4<\/a>\n<a class=\"page-numbers\" href=\"https:\/\/www.lumen-care.com\/wp-json\/wp\/v2\/posts\/5207\/page\/5\/\"><span class=\"elementor-screen-only\">Pagina<\/span>5<\/a>\t\t<\/nav>\n\t\t\t\t\t\t<\/div>\n\t\t\t\t<\/div>\n\t\t\t\t\t<\/div>\n\t\t<\/div>\n\t\t\t\t\t<\/div>\n\t\t<\/section>\n\t\t\t\t<\/div>","protected":false},"excerpt":{"rendered":"<p>\"Il campo delle terapie olistiche sta crescendo rapidamente. Le pratiche terapeutiche olistiche in Occidente hanno iniziato a decollare negli anni '60 in risposta alla preoccupazione della medicina convenzionale per i trattamenti farmacologici e alla sua incapacit\u00e0 di vedere i pazienti non come individui ma piuttosto come parti del corpo da esaminare [...].","protected":false},"author":118,"featured_media":5231,"comment_status":"closed","ping_status":"closed","sticky":false,"template":"","format":"standard","meta":{"inline_featured_image":false,"__cvm_playback_settings":[],"__cvm_video_id":"","footnotes":""},"categories":[116],"tags":[],"class_list":["post-5207","post","type-post","status-publish","format-standard","has-post-thumbnail","hentry","category-article"],"vimeo_video":null,"_links":{"self":[{"href":"https:\/\/www.lumen-care.com\/it\/wp-json\/wp\/v2\/posts\/5207","targetHints":{"allow":["GET"]}}],"collection":[{"href":"https:\/\/www.lumen-care.com\/it\/wp-json\/wp\/v2\/posts"}],"about":[{"href":"https:\/\/www.lumen-care.com\/it\/wp-json\/wp\/v2\/types\/post"}],"author":[{"embeddable":true,"href":"https:\/\/www.lumen-care.com\/it\/wp-json\/wp\/v2\/users\/118"}],"replies":[{"embeddable":true,"href":"https:\/\/www.lumen-care.com\/it\/wp-json\/wp\/v2\/comments?post=5207"}],"version-history":[{"count":0,"href":"https:\/\/www.lumen-care.com\/it\/wp-json\/wp\/v2\/posts\/5207\/revisions"}],"wp:featuredmedia":[{"embeddable":true,"href":"https:\/\/www.lumen-care.com\/it\/wp-json\/wp\/v2\/media\/5231"}],"wp:attachment":[{"href":"https:\/\/www.lumen-care.com\/it\/wp-json\/wp\/v2\/media?parent=5207"}],"wp:term":[{"taxonomy":"category","embeddable":true,"href":"https:\/\/www.lumen-care.com\/it\/wp-json\/wp\/v2\/categories?post=5207"},{"taxonomy":"post_tag","embeddable":true,"href":"https:\/\/www.lumen-care.com\/it\/wp-json\/wp\/v2\/tags?post=5207"}],"curies":[{"name":"wp","href":"https:\/\/api.w.org\/{rel}","templated":true}]}}